{"id":478426,"date":"2025-10-21T02:23:12","date_gmt":"2025-10-21T02:23:12","guid":{"rendered":"https:\/\/www.europesays.com\/fr\/478426\/"},"modified":"2025-10-21T02:23:12","modified_gmt":"2025-10-21T02:23:12","slug":"dernieres-heures-avant-la-prison-le-point-sur-ses-conditions-de-detention","status":"publish","type":"post","link":"https:\/\/www.europesays.com\/fr\/478426\/","title":{"rendered":"derni\u00e8res heures avant la prison, le point sur ses conditions de d\u00e9tention\u00a0"},"content":{"rendered":"<p>      lire plus tard<\/p>\n<p id=\"dialog__title\" class=\"dialog__title\">Pour sauvegarder cet article, connectez-vous ou cr\u00e9ez un compte franceinfo<\/p>\n<p class=\"dialog__description\">Sans paiement. Sans abonnement.<\/p>\n<p>        Fermer la fen\u00eatre d\u2019activation des notifications France Info<\/p>\n<p>      cr\u00e9er votre compte<\/p>\n<p>      se connecter<\/p>\n<p>        Fermer la fen\u00eatre de pr\u00e9sentation<\/p>\n<p>    Publi\u00e9 le 20\/10\/2025 20:30<\/p>\n<p>        Temps de lecture : 2min &#8211; vid\u00e9o : 2min<\/p>\n<p>    <img decoding=\"async\" class=\"francetv-player-wrapper__image\" alt=\"Incarc\u00e9ration de Nicolas Sarkozy : derni\u00e8res heures avant la prison, le point sur ses conditions de d\u00e9tention\"  width=\"432\" height=\"243\" src=\"https:\/\/www.europesays.com\/fr\/wp-content\/uploads\/2025\/10\/sarkozy-68f67f9978ff8314867190.png\" fetchpriority=\"high\"\/><\/p>\n<p>              Incarc\u00e9ration de Nicolas Sarkozy : derni\u00e8res heures avant la prison, le point sur ses conditions de d\u00e9tention<br \/>\n                    (France 2)<\/p>\n<p>      2min<\/p>\n<p>\n  Mardi 21 octobre, Nicolas Sarkozy sera incarc\u00e9r\u00e9 \u00e0 la prison de la Sant\u00e9 \u00e0 Paris, apr\u00e8s sa condamnation dans l&rsquo;affaire des financements libyens de sa campagne de 2007. L&rsquo;ancien pr\u00e9sident, qui sera plac\u00e9 \u00e0 l&rsquo;isolement, dit vouloir mettre \u00e0 profit son temps pour \u00e9crire un livre.\n<\/p>\n<p><strong>Ce texte correspond \u00e0 une partie de la retranscription du reportage ci-dessus. Cliquez sur la vid\u00e9o pour la regarder en int\u00e9gralit\u00e9.<\/strong><\/p>\n<p>Quand il se d\u00e9placera dans la prison de la Sant\u00e9 (Paris), <a href=\"https:\/\/www.franceinfo.fr\/politique\/nicolas-sarkozy\/emmanuel-macron-a-recu-nicolas-sarkozy-vendredi-quelques-jours-avant-son-incarceration_7564345.html\" target=\"_blank\" rel=\"noopener nofollow\" data-tooltip-url=\"https:\/\/www.franceinfo.fr\/politique\/nicolas-sarkozy\/emmanuel-macron-a-recu-nicolas-sarkozy-vendredi-quelques-jours-avant-son-incarceration_7564345.html\">Nicolas Sarkozy<\/a> ne croisera aucun autre d\u00e9tenu. Il sera seul dans une cellule de 9 m\u00e8tres carr\u00e9s. Seul aussi lorsqu&rsquo;il sera en promenade, deux fois par jour, dans une cour sans vis-\u00e0-vis. Un placement en isolement pour qu&rsquo;il ne soit pas agress\u00e9, apostroph\u00e9 ou photographi\u00e9 par d&rsquo;autres prisonniers. Le ministre de la Justice, G\u00e9rald Darmanin, a annonc\u00e9 qu&rsquo;il s&rsquo;en assurera lui-m\u00eame : \u00ab\u00a0J&rsquo;irai voir les d\u00e9tenus en g\u00e9n\u00e9ral et Nicolas Sarkozy pour m&rsquo;assurer de sa s\u00e9curit\u00e9, \u00e9videmment, c&rsquo;est mon r\u00f4le.\u00a0\u00bb<\/p>\n<p>L&rsquo;homme d&rsquo;affaires Pierre Botton a \u00e9t\u00e9 incarc\u00e9r\u00e9 \u00e0 la Sant\u00e9 pendant deux ans, entre 2020 et 2022, condamn\u00e9 pour abus de biens sociaux. \u00ab\u00a0On va lui faire cette photo, vous savez, celle que l&rsquo;on voit dans tous les films o\u00f9 vous \u00eates sous la toise avec votre num\u00e9ro d&rsquo;\u00e9crou. On va lui donner son paquetage, les couvertures, la serpilli\u00e8re, les premiers produits d&rsquo;entretien&#8230; Parce que souvent, quand on arrive, les cellules sont sales\u00a0\u00bb, explique-t-il. <\/p>\n<p>L&rsquo;ancien pr\u00e9sident, qui a re\u00e7u ce lundi 20 octobre la visite de son ami \u00c9douard Balladur, pr\u00e9pare donc sa valise. Carla Bruni, son \u00e9pouse, a post\u00e9 un message sur un r\u00e9seau social, qui semble montrer les dix photos que son mari est autoris\u00e9 \u00e0 apporter. Il viendra aussi avec les tomes 1 et 2 du Comte de Monte-Cristo. Ce roman relate la d\u00e9tention puis la vengeance d&rsquo;un h\u00e9ros injustement condamn\u00e9. Il lira ou relira aussi une biographie consacr\u00e9e \u00e0 J\u00e9sus. Un t\u00e9l\u00e9phone fixe dans sa chambre lui permettra d&rsquo;appeler ses proches, qui seront autoris\u00e9s \u00e0 le visiter trois fois par semaine. Par ailleurs, Emmanuel Macron l&rsquo;a re\u00e7u vendredi. <\/p>\n<p>\u00ab\u00a0Il \u00e9tait normal que, sur le plan humain, je re\u00e7oive un de mes pr\u00e9d\u00e9cesseurs dans ce contexte\u00a0\u00bb, a-t-il d\u00e9clar\u00e9. \u00c0 l&rsquo;instant m\u00eame o\u00f9 Nicolas Sarkozy entrera en prison, ses avocats d\u00e9poseront une demande de mise en libert\u00e9.<\/p>\n","protected":false},"excerpt":{"rendered":"lire plus tard Pour sauvegarder cet article, connectez-vous ou cr\u00e9ez un compte franceinfo Sans paiement. Sans abonnement. Fermer&hellip;\n","protected":false},"author":2,"featured_media":478427,"comment_status":"","ping_status":"","sticky":false,"template":"","format":"standard","meta":{"footnotes":""},"categories":[1888],"tags":[1111,1928,11,1927,1777,674,1011,27,12,1926,626,1925,25],"class_list":{"0":"post-478426","1":"post","2":"type-post","3":"status-publish","4":"format-standard","5":"has-post-thumbnail","7":"category-paris","8":"tag-actu","9":"tag-actu-paris","10":"tag-actualites","11":"tag-actualites-paris","12":"tag-eu","13":"tag-europe","14":"tag-fr","15":"tag-france","16":"tag-news","17":"tag-news-paris","18":"tag-paris","19":"tag-paris-news","20":"tag-republique-francaise"},"share_on_mastodon":{"url":"https:\/\/pubeurope.com\/@fr\/115409781521423926","error":""},"_links":{"self":[{"href":"https:\/\/www.europesays.com\/fr\/wp-json\/wp\/v2\/posts\/478426","targetHints":{"allow":["GET"]}}],"collection":[{"href":"https:\/\/www.europesays.com\/fr\/wp-json\/wp\/v2\/posts"}],"about":[{"href":"https:\/\/www.europesays.com\/fr\/wp-json\/wp\/v2\/types\/post"}],"author":[{"embeddable":true,"href":"https:\/\/www.europesays.com\/fr\/wp-json\/wp\/v2\/users\/2"}],"replies":[{"embeddable":true,"href":"https:\/\/www.europesays.com\/fr\/wp-json\/wp\/v2\/comments?post=478426"}],"version-history":[{"count":0,"href":"https:\/\/www.europesays.com\/fr\/wp-json\/wp\/v2\/posts\/478426\/revisions"}],"wp:featuredmedia":[{"embeddable":true,"href":"https:\/\/www.europesays.com\/fr\/wp-json\/wp\/v2\/media\/478427"}],"wp:attachment":[{"href":"https:\/\/www.europesays.com\/fr\/wp-json\/wp\/v2\/media?parent=478426"}],"wp:term":[{"taxonomy":"category","embeddable":true,"href":"https:\/\/www.europesays.com\/fr\/wp-json\/wp\/v2\/categories?post=478426"},{"taxonomy":"post_tag","embeddable":true,"href":"https:\/\/www.europesays.com\/fr\/wp-json\/wp\/v2\/tags?post=478426"}],"curies":[{"name":"wp","href":"https:\/\/api.w.org\/{rel}","templated":true}]}}