{"id":478438,"date":"2025-10-21T02:29:14","date_gmt":"2025-10-21T02:29:14","guid":{"rendered":"https:\/\/www.europesays.com\/fr\/478438\/"},"modified":"2025-10-21T02:29:14","modified_gmt":"2025-10-21T02:29:14","slug":"lirak-conserve-un-petit-contingent-de-conseillers-militaires-americains","status":"publish","type":"post","link":"https:\/\/www.europesays.com\/fr\/478438\/","title":{"rendered":"L&rsquo;Irak conserve un petit contingent de conseillers militaires am\u00e9ricains"},"content":{"rendered":"<p>Le premier ministre irakien a d\u00e9clar\u00e9 lundi qu\u2019un petit contingent de conseillers militaires am\u00e9ricains resterait dans le pays pour l\u2019instant afin de coordonner la lutte contre le groupe \u00c9tat islamique (EI) en Syrie avec les forces am\u00e9ricaines.<\/p>\n<p>Washington et Bagdad avaient convenu l\u2019ann\u00e9e derni\u00e8re de d\u00e9manteler la coalition men\u00e9e par les \u00c9tats-Unis contre l\u2019EI en Irak d\u2019ici septembre prochain, les forces am\u00e9ricaines quittant certaines bases o\u00f9 elles \u00e9taient stationn\u00e9es. <\/p>\n<p>Le premier ministre irakien, Mohammed Chia al-Soudani, a expliqu\u00e9 \u00e0 un petit groupe de journalistes \u00e0 Bagdad que des conseillers militaires et du personnel de soutien am\u00e9ricains \u00e9taient d\u00e9sormais stationn\u00e9s \u00e0 la base a\u00e9rienne d\u2019A\u00efn al-Assad, dans l\u2019ouest de l\u2019Irak, une base adjacente \u00e0 l\u2019a\u00e9roport de Bagdad, et \u00e0 la base a\u00e9rienne d\u2019Al-Harir, dans le nord de l\u2019Irak.<\/p>\n<p>Le premier ministre al-Soudani a rappel\u00e9 que l\u2019accord pr\u00e9voyait initialement un retrait complet des forces am\u00e9ricaines d\u2019A\u00efn al-Assad d\u2019ici septembre, mais que \u00abl\u2019\u00e9volution de la situation en Syrie\u00bb depuis lors \u00abn\u00e9cessitait le maintien d\u2019une petite unit\u00e9\u00bb de 250\u00a0\u00e0 350\u00a0conseillers et agents de s\u00e9curit\u00e9 sur la base.<\/p>\n<p>Il a indiqu\u00e9 que ces derniers \u0153uvreraient \u00abpour soutenir la surveillance et la coordination de la lutte contre Daech avec la base d\u2019Al-Tanf\u00bb en Syrie.<\/p>\n<p>Il a ajout\u00e9 que \u00abd\u2019autres sites am\u00e9ricains connaissent une r\u00e9duction progressive de leurs effectifs et de leurs op\u00e9rations\u00bb. Apr\u00e8s la chute de l\u2019ancien pr\u00e9sident syrien Bachar al-Assad lors d\u2019une offensive rebelle \u00e9clair en d\u00e9cembre, l\u2019Irak craint une r\u00e9surgence de l\u2019EI, profitant du vide s\u00e9curitaire qui en a r\u00e9sult\u00e9 et des armes abandonn\u00e9es par l\u2019ancienne arm\u00e9e syrienne.<\/p>\n<p>M.\u00a0al-Soudani a affirm\u00e9 que le groupe extr\u00e9miste, qui s\u2019est empar\u00e9 de vastes territoires en Irak et en Syrie il y a dix ans, \u00abne repr\u00e9sente plus une menace significative en Irak\u00bb.<\/p>\n<p>L\u2019Irak a cherch\u00e9 \u00e0 \u00e9quilibrer ses relations avec les \u00c9tats-Unis et T\u00e9h\u00e9ran et \u00e0 \u00e9viter d\u2019\u00eatre entra\u00een\u00e9 dans des conflits r\u00e9gionaux, une politique que le premier ministre a indiqu\u00e9 vouloir poursuivre.<\/p>\n<p>\u00abNous accordons la priorit\u00e9 \u00e0 l\u2019Irak et ne souhaitons servir de mandataire \u00e0 personne, a-t-il d\u00e9clar\u00e9. L\u2019Irak ne sera pas un champ de bataille.\u00bb<\/p>\n<p>Parall\u00e8lement, M.\u00a0al-Soudani a exhort\u00e9 les \u00c9tats-Unis \u00e0 reprendre les n\u00e9gociations avec l\u2019Iran, qualifiant de \u00abcontreproductive\u00bb la strat\u00e9gie de \u00abpression maximale\u00bb de l\u2019administration Trump pour limiter l\u2019influence iranienne. <\/p>\n<p>\u00abL\u2019Iran est un pays important et influent qui doit \u00eatre trait\u00e9 avec respect et par un dialogue direct\u00bb, a-t-il dit.<\/p>\n<p>Des tensions existent entre Bagdad et Washington concernant la pr\u00e9sence de milices soutenues par l\u2019Iran en Irak. Les Forces de mobilisation populaire, une coalition de milices form\u00e9e pour combattre l\u2019EI, ont \u00e9t\u00e9 officiellement plac\u00e9es sous le contr\u00f4le de l\u2019arm\u00e9e irakienne en 2016, mais continuent de fonctionner en pratique avec une autonomie significative.<\/p>\n<p>Le Parlement irakien a examin\u00e9 un projet de loi visant \u00e0 consolider les relations entre l\u2019arm\u00e9e et les Forces de mobilisation populaire (FMP), ce qui a suscit\u00e9 des objections de la part de Washington.<\/p>\n<p>Le premier ministre al-Soudani n\u2019a pas directement abord\u00e9 le projet de loi, mais a expliqu\u00e9 que le programme de son gouvernement \u00abcomprend le d\u00e9sarmement et le dialogue national afin de supprimer toute justification au port d\u2019armes\u00bb.<\/p>\n<p>\u00abNous encourageons toutes les factions \u00e0 int\u00e9grer les institutions de l\u2019\u00c9tat ou \u00e0 s\u2019engager dans la vie politique\u00bb, ce qui pourrait inclure la cr\u00e9ation de partis politiques et la candidature aux \u00e9lections, a-t-il dit.<\/p>\n<p>L\u2019Irak se pr\u00e9pare aux \u00e9lections parlementaires du mois prochain.<\/p>\n<p>\u00abLes factions arm\u00e9es qui se sont transform\u00e9es en entit\u00e9s politiques ont le droit constitutionnel de participer\u00bb \u00e0 ces \u00e9lections, a ajout\u00e9 le premier ministre.<\/p>\n","protected":false},"excerpt":{"rendered":"Le premier ministre irakien a d\u00e9clar\u00e9 lundi qu\u2019un petit contingent de conseillers militaires am\u00e9ricains resterait dans le pays&hellip;\n","protected":false},"author":2,"featured_media":478439,"comment_status":"","ping_status":"","sticky":false,"template":"","format":"standard","meta":{"footnotes":""},"categories":[1589],"tags":[11,73,1866,11621,1854,4576,12,1864,1865,1863,308],"class_list":{"0":"post-478438","1":"post","2":"type-post","3":"status-publish","4":"format-standard","5":"has-post-thumbnail","7":"category-etats-unis","8":"tag-actualites","9":"tag-etats-unis","10":"tag-etats-unis-damerique","11":"tag-https-lactualite-com-sujet-defense","12":"tag-https-lactualite-com-sujet-international","13":"tag-https-lactualite-com-sujet-politique","14":"tag-news","15":"tag-united-states","16":"tag-united-states-of-america","17":"tag-us","18":"tag-usa"},"share_on_mastodon":{"url":"https:\/\/pubeurope.com\/@fr\/115409804483088723","error":""},"_links":{"self":[{"href":"https:\/\/www.europesays.com\/fr\/wp-json\/wp\/v2\/posts\/478438","targetHints":{"allow":["GET"]}}],"collection":[{"href":"https:\/\/www.europesays.com\/fr\/wp-json\/wp\/v2\/posts"}],"about":[{"href":"https:\/\/www.europesays.com\/fr\/wp-json\/wp\/v2\/types\/post"}],"author":[{"embeddable":true,"href":"https:\/\/www.europesays.com\/fr\/wp-json\/wp\/v2\/users\/2"}],"replies":[{"embeddable":true,"href":"https:\/\/www.europesays.com\/fr\/wp-json\/wp\/v2\/comments?post=478438"}],"version-history":[{"count":0,"href":"https:\/\/www.europesays.com\/fr\/wp-json\/wp\/v2\/posts\/478438\/revisions"}],"wp:featuredmedia":[{"embeddable":true,"href":"https:\/\/www.europesays.com\/fr\/wp-json\/wp\/v2\/media\/478439"}],"wp:attachment":[{"href":"https:\/\/www.europesays.com\/fr\/wp-json\/wp\/v2\/media?parent=478438"}],"wp:term":[{"taxonomy":"category","embeddable":true,"href":"https:\/\/www.europesays.com\/fr\/wp-json\/wp\/v2\/categories?post=478438"},{"taxonomy":"post_tag","embeddable":true,"href":"https:\/\/www.europesays.com\/fr\/wp-json\/wp\/v2\/tags?post=478438"}],"curies":[{"name":"wp","href":"https:\/\/api.w.org\/{rel}","templated":true}]}}