{"id":478443,"date":"2025-10-21T02:33:28","date_gmt":"2025-10-21T02:33:28","guid":{"rendered":"https:\/\/www.europesays.com\/fr\/478443\/"},"modified":"2025-10-21T02:33:28","modified_gmt":"2025-10-21T02:33:28","slug":"transport-aerien-bonne-nouvelle-pour-les-passagers-europeens","status":"publish","type":"post","link":"https:\/\/www.europesays.com\/fr\/478443\/","title":{"rendered":"Transport a\u00e9rien : bonne nouvelle pour les passagers europ\u00e9ens"},"content":{"rendered":"<p>D\u00e9but juin, les 27 pays de l\u2019Union europ\u00e9enne <a href=\"https:\/\/www.capital.fr\/conso\/les-retards-d-avion-bientot-beaucoup-moins-bien-indemnises-mauvaise-nouvelle-pour-votre-porte-monnaie-1514730\" rel=\"nofollow noopener\" target=\"_blank\">s\u2019\u00e9taient mis d\u2019accord<\/a> pour r\u00e9former les indemnisations des voyageurs en cas de retards ou d\u2019annulations d\u2019avion. Comme le rappelle Capital, en vertu du r\u00e8glement europ\u00e9en et du <a href=\"https:\/\/www.capital.fr\/conso\/vol-annule-ou-retarde-comment-se-faire-rembourser-son-billet-davion-1468031\" rel=\"nofollow noopener\" target=\"_blank\">r\u00e8glement sur la protection des passagers<\/a>, les indemnisations varient selon le retard et la distance du vol : 250 euros pour les vols de moins de 1\u2009500 km, 400 euros pour ceux entre 1\u2009500 et 3\u2009500 km, et enfin 600 euros pour plus de 3\u2009500 km. Or, pour les compagnies europ\u00e9ennes, ce bar\u00e8me \u00e0 respecter repr\u00e9sente une charge financi\u00e8re excessive, <strong>8,1 milliards d\u2019euros<\/strong>, selon la Commission europ\u00e9enne.<\/p>\n<p>Mais tr\u00e8s rapidement, les associations de consommateurs avaient <strong>d\u00e9nonc\u00e9 ce possible retour en arri\u00e8re<\/strong>. \u00abEn mettant la barre de retard \u00e0 neuf heures au lieu de trois heures pour les vols qui sont de 3 500 kilom\u00e8tres, le passager perd 600 euros\u00bb, fustigeait la pr\u00e9sidente de l\u2019association de consommateurs UFC-Que Choisir, Marie-Amandine St\u00e9venin. Selon le Bureau europ\u00e9en des unions de consommateurs, \u00ab75% des passagers seraient exclus du droit \u00e0 indemnisation\u00bb, avec une telle r\u00e9forme.<\/p>\n<p>Vers un maintien des conditions actuelles<\/p>\n<p>Les associations ont-elles \u00e9t\u00e9 entendues ? Oui, \u00e0 en croire <a href=\"https:\/\/www.bfmtv.com\/economie\/entreprises\/transports\/75-des-passagers-en-seraient-exclus-le-parlement-europeen-va-rejeter-la-reforme-qui-complique-le-droit-a-l-indemnisation-en-cas-de-retards-et-annulations-de-vols_AV-202510200533.html\" rel=\"nofollow noopener\" target=\"_blank\">BFMTV<\/a>. Le Comit\u00e9 <a href=\"https:\/\/www.capital.fr\/votre-argent\/transport-aerien-ce-qui-pourrait-changer-pour-vous-dans-les-prochains-mois-1508079\" rel=\"nofollow noopener\" target=\"_blank\">des Transports<\/a> et du Tourisme du Parlement europ\u00e9en (TRAN) s&rsquo;est tout simplement <strong>prononc\u00e9 en faveur du maintien des conditions actuelles<\/strong> d&rsquo;indemnisations. Pourquoi est-ce important ? Parce que la d\u00e9cision du Comit\u00e9 doit servir de cadre dans les discussions qui vont se tenir entre la Commission europ\u00e9enne et le Conseil. Selon nos confr\u00e8res, le TRAN pourrait m\u00eame demander de porter le d\u00e9dommagement \u00e0 <strong>300 euros<\/strong> pour tous les retards sup\u00e9rieurs \u00e0 trois heures de plus de 1 500 kilom\u00e8tres.<\/p>\n<p>Appelant les l\u00e9gislateurs europ\u00e9ens \u00e0 \u00abpr\u00e9server et renforcer les droits\u00bb des consommateurs, le pr\u00e9sident de l\u2019APRA (Association for the Protection of Air Passenger Right) et PDG d\u2019AirHelp, Tomasz Pawliszyn, rappelle que \u00ables droits des passagers a\u00e9riens europ\u00e9ens constituent la pierre angulaire du voyage moderne\u00bb. Pourquoi cela est une bonne nouvelle pour les passagers ? Car selon les chiffres d\u2019AirHelp, de nombreuses compagnies font tout leur possible pour <a href=\"https:\/\/www.capital.fr\/conso\/vol-annule-ou-retarde-comment-se-faire-rembourser-son-billet-davion-1468031\" rel=\"nofollow noopener\" target=\"_blank\">ne pas indemniser<\/a>.<\/p>\n<p>De nombreuses demandes rejet\u00e9es sans raison<\/p>\n<p>Un chiffre est m\u00eame criant : plus de la moiti\u00e9 des demandes \u00e9ligibles ont \u00e9t\u00e9 <strong>rejet\u00e9es dans un premier temps sans aucune raison valable<\/strong>. Une strat\u00e9gie d\u2019usure qui fait renoncer de nombreux passagers, \u00e0 cause de motifs parfois farfelus ou fallacieux. Ainsi, dans deux cas sur dix, les conditions m\u00e9t\u00e9orologiques sont invoqu\u00e9es, dans 13%, des documents des passagers ne seraient pas valides et certaines demandes ne re\u00e7oivent aucune explication. Pire, dans un quart des cas, aucune r\u00e9ponse n\u2019est apport\u00e9e.<\/p>\n<p><a class=\"cta ctaInArticle lien-interne medium primary\" href=\"https:\/\/www.capital.fr\/page\/indemnite-vols\" rel=\"nofollow noopener\" target=\"_blank\"><br \/>\n\t\t\t&gt;&gt; Notre service &#8211; vol annul\u00e9 \/ retard\u00e9, \u00eates-vous \u00e9ligible \u00e0 une indemnisation ?\t<\/p>\n<p>\t<\/a><\/p>\n","protected":false},"excerpt":{"rendered":"D\u00e9but juin, les 27 pays de l\u2019Union europ\u00e9enne s\u2019\u00e9taient mis d\u2019accord pour r\u00e9former les indemnisations des voyageurs en&hellip;\n","protected":false},"author":2,"featured_media":478444,"comment_status":"","ping_status":"","sticky":false,"template":"","format":"standard","meta":{"footnotes":""},"categories":[1586],"tags":[11,37,1777,674,1011,27,13753,12,25,21852,1175,586],"class_list":{"0":"post-478443","1":"post","2":"type-post","3":"status-publish","4":"format-standard","5":"has-post-thumbnail","7":"category-europe","8":"tag-actualites","9":"tag-avion","10":"tag-eu","11":"tag-europe","12":"tag-fr","13":"tag-france","14":"tag-indemnisation","15":"tag-news","16":"tag-republique-francaise","17":"tag-transport-au00e9rien","18":"tag-vol","19":"tag-voyage"},"share_on_mastodon":{"url":"https:\/\/pubeurope.com\/@fr\/115409820297042230","error":""},"_links":{"self":[{"href":"https:\/\/www.europesays.com\/fr\/wp-json\/wp\/v2\/posts\/478443","targetHints":{"allow":["GET"]}}],"collection":[{"href":"https:\/\/www.europesays.com\/fr\/wp-json\/wp\/v2\/posts"}],"about":[{"href":"https:\/\/www.europesays.com\/fr\/wp-json\/wp\/v2\/types\/post"}],"author":[{"embeddable":true,"href":"https:\/\/www.europesays.com\/fr\/wp-json\/wp\/v2\/users\/2"}],"replies":[{"embeddable":true,"href":"https:\/\/www.europesays.com\/fr\/wp-json\/wp\/v2\/comments?post=478443"}],"version-history":[{"count":0,"href":"https:\/\/www.europesays.com\/fr\/wp-json\/wp\/v2\/posts\/478443\/revisions"}],"wp:featuredmedia":[{"embeddable":true,"href":"https:\/\/www.europesays.com\/fr\/wp-json\/wp\/v2\/media\/478444"}],"wp:attachment":[{"href":"https:\/\/www.europesays.com\/fr\/wp-json\/wp\/v2\/media?parent=478443"}],"wp:term":[{"taxonomy":"category","embeddable":true,"href":"https:\/\/www.europesays.com\/fr\/wp-json\/wp\/v2\/categories?post=478443"},{"taxonomy":"post_tag","embeddable":true,"href":"https:\/\/www.europesays.com\/fr\/wp-json\/wp\/v2\/tags?post=478443"}],"curies":[{"name":"wp","href":"https:\/\/api.w.org\/{rel}","templated":true}]}}