{"id":478447,"date":"2025-10-21T02:35:15","date_gmt":"2025-10-21T02:35:15","guid":{"rendered":"https:\/\/www.europesays.com\/fr\/478447\/"},"modified":"2025-10-21T02:35:15","modified_gmt":"2025-10-21T02:35:15","slug":"medecine-pharmacie-vers-une-nouvelle-reforme-de-lacces-aux-etudes-de-sante","status":"publish","type":"post","link":"https:\/\/www.europesays.com\/fr\/478447\/","title":{"rendered":"M\u00e9decine, pharmacie\u2026 Vers une nouvelle r\u00e9forme de l&rsquo;acc\u00e8s aux \u00e9tudes de Sant\u00e9\u00a0?"},"content":{"rendered":"<p> \u00abSimplifier et harmoniser\u00a0\u00bb. Dans un communiqu\u00e9 commun publi\u00e9 lundi, la ministre de la Sant\u00e9 <a href=\"https:\/\/www.20minutes.fr\/politique\/4178896-20251013-gouvernement-lecornu-ii-ministre-sante-stephanie-rist-touche-argent-big-pharma\" class=\"c-link c-link--is-underlined\" target=\"_blank\" rel=\"noopener\">St\u00e9phanie Rist<\/a> et le ministre de l\u2019<a href=\"https:\/\/www.20minutes.fr\/dossier\/enseignement_superieur\" class=\"c-link c-link--is-underlined\" target=\"_blank\" rel=\"noopener\">Enseignement sup\u00e9rieur<\/a> Philippe Baptiste ont annonc\u00e9 le lancement d\u2019une \u00ab\u00a0concertation nationale\u00a0\u00bb autour de l\u2019acc\u00e8s aux <a href=\"https:\/\/www.20minutes.fr\/sante\/4158312-20250613-formation-futurs-medecins-quoi-numerus-apertus-dont-gouvernement-annonce-suppression\" class=\"c-link c-link--is-underlined\" target=\"_blank\" rel=\"noopener\">\u00e9tudes de sant\u00e9. <\/a>L\u2019objectif\u00a0: pr\u00e9senter des propositions au <a href=\"https:\/\/www.20minutes.fr\/dossier\/parlement\" class=\"c-link c-link--is-underlined\" target=\"_blank\" rel=\"noopener\">Parlement<\/a> pour un nouveau syst\u00e8me pr\u00e9sent\u00e9 \u00ab\u00a0au plus tard \u00e0 la rentr\u00e9e\u00a02027\u00a0\u00bb. Les universit\u00e9s, \u00e9tablissements de sant\u00e9, associations \u00e9tudiantes et les parlementaires vont \u00eatre associ\u00e9s \u00e0 la d\u00e9marche.<\/p>\n<p>Cette d\u00e9marche \u00ab\u00a0s\u2019inscrit dans la continuit\u00e9 des travaux engag\u00e9s depuis la loi Organisation et Transformation du Syst\u00e8me de Sant\u00e9 (OTSS) qui avait mis fin \u00e0 la PACES (Premi\u00e8re Ann\u00e9e Commune aux \u00c9tudes de Sant\u00e9) et au <a href=\"https:\/\/www.20minutes.fr\/sante\/3174871-20211119-etudes-sante-fin-numerus-clausus-poudre-yeux-vraie-solution-finir-manque-medecins\" class=\"c-link c-link--is-underlined\" target=\"_blank\" rel=\"noopener\">numerus clausus<\/a>\u00a0\u00bb, poursuit le communiqu\u00e9.<\/p>\n<\/p>\n<p>\u00ab\u00a0Plus grande \u00e9quit\u00e9\u00a0\u00bb<\/p>\n<p>Les objectifs de la nouvelle organisation seront de rapprocher \u00ab\u00a0les diff\u00e9rentes voies d\u2019acc\u00e8s\u00a0\u00bb et de diminuer \u00ab\u00a0la diversit\u00e9 des modes d\u2019organisation des parcours\u00a0\u00bb, pour garantir une \u00ab\u00a0meilleure lisibilit\u00e9 et une plus grande \u00e9quit\u00e9\u00a0\u00bb souligne le communiqu\u00e9. Les principes fondamentaux de la r\u00e9forme de\u00a02020, qui visait \u00e0 diversifier les profils, seront maintenus.<\/p>\n<p>La pr\u00e9c\u00e9dente r\u00e9forme avait permis de r\u00e9duire les redoublements et d\u2019apporter une diversification des profils des \u00e9tudiants acc\u00e9dant aux fili\u00e8res m\u00e9dicales, pharmaceutiques et odontologiques [dentaire], appuie le texte, notant que le nombre de places offertes a augment\u00e9 de 25\u00a0% depuis\u00a02017.<\/p>\n<p>Complexit\u00e9 des LAS<\/p>\n<p>La r\u00e9forme des \u00e9tudes de sant\u00e9 voulait attirer de nouveaux profils dans les \u00e9tudes de m\u00e9decine en cr\u00e9ant des Licences d\u2019acc\u00e8s sant\u00e9 (LAS), en parall\u00e8le de la traditionnelle premi\u00e8re ann\u00e9e de m\u00e9decine, r\u00e9nov\u00e9e et rebaptis\u00e9e PASS (parcours d\u2019acc\u00e8s sp\u00e9cifique sant\u00e9).<\/p>\n<p>Ces LAS permettent aux \u00e9tudiants qui le souhaitent de candidater au bout d\u2019un, deux ou trois ans \u00e0 la deuxi\u00e8me ann\u00e9e de m\u00e9decine (ou pharmacie, odontologie, ma\u00efeutique), tout en \u00e9tudiant simultan\u00e9ment une majeure diff\u00e9rente, comme la biologie, mais aussi le droit, la psychologie, l\u2019\u00e9conomie, voire les langues anciennes.<\/p>\n<p>Elles permettent aux \u00e9tudiants d\u2019avoir une autre corde \u00e0 leur arc, en cas d\u2019\u00e9chec dans l\u2019acc\u00e8s aux \u00e9tudes de sant\u00e9. Elles servent aussi de voie de redoublement obligatoire pour les \u00e9tudiants de PASS qui n\u2019ont pas r\u00e9ussi le concours de m\u00e9decine d\u00e8s la premi\u00e8re ann\u00e9e.<\/p>\n<p><a href=\"https:\/\/www.20minutes.fr\/sante\/\" class=\"c-link c-btn c-btn--primary\" target=\"_blank\" rel=\"noopener\">Retrouvez notre dossier consacr\u00e9 \u00e0 la sant\u00e9<\/a><\/p>\n<p>N\u00e9anmoins \u00ab\u00a0la complexit\u00e9 actuelle du dispositif PASS-LAS (Premi\u00e8re Ann\u00e9e d\u2019Acc\u00e8s Sp\u00e9cifique Sant\u00e9 et Licence Acc\u00e8s Sant\u00e9) constitue un obstacle pour les \u00e9tudiants et n\u00e9cessite un ajustement\u00a0\u00bb, reconna\u00eet le communiqu\u00e9.<\/p>\n","protected":false},"excerpt":{"rendered":"\u00abSimplifier et harmoniser\u00a0\u00bb. Dans un communiqu\u00e9 commun publi\u00e9 lundi, la ministre de la Sant\u00e9 St\u00e9phanie Rist et le&hellip;\n","protected":false},"author":2,"featured_media":478448,"comment_status":"","ping_status":"","sticky":false,"template":"","format":"standard","meta":{"footnotes":""},"categories":[2],"tags":[47,11,60191,4854,7078,4081,1011,27,6971,12,25,71,20020],"class_list":{"0":"post-478447","1":"post","2":"type-post","3":"status-publish","4":"format-standard","5":"has-post-thumbnail","7":"category-actualites","8":"tag-actualite","9":"tag-actualites","10":"tag-dentiste","11":"tag-enseignement-superieur","12":"tag-etude","13":"tag-etudiant","14":"tag-fr","15":"tag-france","16":"tag-ministre-de-la-sante","17":"tag-news","18":"tag-republique-francaise","19":"tag-sante","20":"tag-scolarite"},"share_on_mastodon":{"url":"https:\/\/pubeurope.com\/@fr\/115409828184540419","error":""},"_links":{"self":[{"href":"https:\/\/www.europesays.com\/fr\/wp-json\/wp\/v2\/posts\/478447","targetHints":{"allow":["GET"]}}],"collection":[{"href":"https:\/\/www.europesays.com\/fr\/wp-json\/wp\/v2\/posts"}],"about":[{"href":"https:\/\/www.europesays.com\/fr\/wp-json\/wp\/v2\/types\/post"}],"author":[{"embeddable":true,"href":"https:\/\/www.europesays.com\/fr\/wp-json\/wp\/v2\/users\/2"}],"replies":[{"embeddable":true,"href":"https:\/\/www.europesays.com\/fr\/wp-json\/wp\/v2\/comments?post=478447"}],"version-history":[{"count":0,"href":"https:\/\/www.europesays.com\/fr\/wp-json\/wp\/v2\/posts\/478447\/revisions"}],"wp:featuredmedia":[{"embeddable":true,"href":"https:\/\/www.europesays.com\/fr\/wp-json\/wp\/v2\/media\/478448"}],"wp:attachment":[{"href":"https:\/\/www.europesays.com\/fr\/wp-json\/wp\/v2\/media?parent=478447"}],"wp:term":[{"taxonomy":"category","embeddable":true,"href":"https:\/\/www.europesays.com\/fr\/wp-json\/wp\/v2\/categories?post=478447"},{"taxonomy":"post_tag","embeddable":true,"href":"https:\/\/www.europesays.com\/fr\/wp-json\/wp\/v2\/tags?post=478447"}],"curies":[{"name":"wp","href":"https:\/\/api.w.org\/{rel}","templated":true}]}}