{"id":478455,"date":"2025-10-21T02:41:10","date_gmt":"2025-10-21T02:41:10","guid":{"rendered":"https:\/\/www.europesays.com\/fr\/478455\/"},"modified":"2025-10-21T02:41:10","modified_gmt":"2025-10-21T02:41:10","slug":"blessee-lois-boisson-met-un-terme-a-sa-saison","status":"publish","type":"post","link":"https:\/\/www.europesays.com\/fr\/478455\/","title":{"rendered":"Bless\u00e9e, Lo\u00efs Boisson met un terme \u00e0 sa saison"},"content":{"rendered":"<p>C\u2019est un coup dur pour <a href=\"https:\/\/www.20minutes.fr\/sport\/tennis\/4169693-20250827-us-open-flamboyante-roland-garros-lois-boisson-reitere-exploit-flushing-meadows\" target=\"_blank\" class=\"c-link c-link--is-underlined\" rel=\"nofollow noopener\">la N.1 fran\u00e7aise de tennis<\/a>. Elle va en effet devoir laisser quelque temps sa raquette au vestiaire. Insuffisamment remise d\u2019une blessure contract\u00e9e en septembre, <a href=\"https:\/\/www.20minutes.fr\/sport\/tennis\/lois-boisson\/\" target=\"_blank\" class=\"c-link c-link--is-underlined\" rel=\"nofollow noopener\">Lo\u00efs Boisson<\/a> a annonc\u00e9 lundi qu\u2019elle mettait un terme \u00e0 sa saison.<\/p>\n<p>\u00ab\u00a0Apr\u00e8s avoir \u00e9chang\u00e9 avec mon \u00e9quipe et staff m\u00e9dical, nous avons d\u00e9cid\u00e9 de mettre un terme \u00e0 ma saison\u00a02025\u00a0\u00bb, a-t-elle \u00e9crit sur son compte Instagram. \u00ab\u00a0Je vais prendre le temps de me reposer puis tr\u00e8s vite repartir \u00e0 l\u2019entra\u00eenement pour revenir plus forte en\u00a02026\u00a0\u00bb, a ajout\u00e9 la Dijonnaise.<\/p>\n<p>Un premier titre du circuit WTA \u00e0 Hambourg<\/p>\n<p>Boisson, 37e mondiale, s\u2019\u00e9tait bless\u00e9e \u00e0 la cuisse gauche lors du tournoi WTA 1000 de P\u00e9kin fin septembre et n\u2019avait plus jou\u00e9 depuis. Elle devait s\u2019aligner au tournoi WTA 500 de Tokyo qui a d\u00e9but\u00e9 lundi.<\/p>\n<\/p>\n<p>La Fran\u00e7aise de 22 ans, sp\u00e9cialiste de la terre battue, avait atteint \u00e0 la surprise g\u00e9n\u00e9rale <a href=\"https:\/\/www.20minutes.fr\/sport\/tennis\/roland-garros\/4156941-20250604-roland-garros-2025-parcours-magique-lois-boisson-resume-cinq-chiffres-dements\" target=\"_blank\" class=\"c-link c-link--is-underlined\" rel=\"nofollow noopener\">les demi-finales de Roland-Garros<\/a> au printemps, avant de remporter son premier titre du circuit WTA \u00e0 Hambourg en juillet.<\/p>\n<p><a href=\"https:\/\/www.20minutes.fr\/sport\/tennis\/\" target=\"_blank\" class=\"c-link c-btn c-btn--primary\" rel=\"nofollow noopener\">Notre dossier Tennis<\/a><\/p>\n<p>Sa saison sur dur avait ensuite \u00e9t\u00e9 \u00e9maill\u00e9e de blessures, m\u00eame si elle avait battu une t\u00eate de s\u00e9rie, la Russe Liudmila Samsonova, au deuxi\u00e8me tour \u00e0 P\u00e9kin avant de se blesser et d\u2019abandonner au tour suivant.<\/p>\n","protected":false},"excerpt":{"rendered":"C\u2019est un coup dur pour la N.1 fran\u00e7aise de tennis. Elle va en effet devoir laisser quelque temps&hellip;\n","protected":false},"author":2,"featured_media":478456,"comment_status":"","ping_status":"","sticky":false,"template":"","format":"standard","meta":{"footnotes":""},"categories":[1415],"tags":[1011,27,10535,517,60,1467,27008,133,4170],"class_list":{"0":"post-478455","1":"post","2":"type-post","3":"status-publish","4":"format-standard","5":"has-post-thumbnail","7":"category-tennis","8":"tag-fr","9":"tag-france","10":"tag-lois-boisson","11":"tag-sport","12":"tag-sports","13":"tag-tennis","14":"tag-tennis-feminin","15":"tag-video","16":"tag-wta"},"share_on_mastodon":{"url":"https:\/\/pubeurope.com\/@fr\/115409851675393428","error":""},"_links":{"self":[{"href":"https:\/\/www.europesays.com\/fr\/wp-json\/wp\/v2\/posts\/478455","targetHints":{"allow":["GET"]}}],"collection":[{"href":"https:\/\/www.europesays.com\/fr\/wp-json\/wp\/v2\/posts"}],"about":[{"href":"https:\/\/www.europesays.com\/fr\/wp-json\/wp\/v2\/types\/post"}],"author":[{"embeddable":true,"href":"https:\/\/www.europesays.com\/fr\/wp-json\/wp\/v2\/users\/2"}],"replies":[{"embeddable":true,"href":"https:\/\/www.europesays.com\/fr\/wp-json\/wp\/v2\/comments?post=478455"}],"version-history":[{"count":0,"href":"https:\/\/www.europesays.com\/fr\/wp-json\/wp\/v2\/posts\/478455\/revisions"}],"wp:featuredmedia":[{"embeddable":true,"href":"https:\/\/www.europesays.com\/fr\/wp-json\/wp\/v2\/media\/478456"}],"wp:attachment":[{"href":"https:\/\/www.europesays.com\/fr\/wp-json\/wp\/v2\/media?parent=478455"}],"wp:term":[{"taxonomy":"category","embeddable":true,"href":"https:\/\/www.europesays.com\/fr\/wp-json\/wp\/v2\/categories?post=478455"},{"taxonomy":"post_tag","embeddable":true,"href":"https:\/\/www.europesays.com\/fr\/wp-json\/wp\/v2\/tags?post=478455"}],"curies":[{"name":"wp","href":"https:\/\/api.w.org\/{rel}","templated":true}]}}