{"id":478457,"date":"2025-10-21T02:43:15","date_gmt":"2025-10-21T02:43:15","guid":{"rendered":"https:\/\/www.europesays.com\/fr\/478457\/"},"modified":"2025-10-21T02:43:15","modified_gmt":"2025-10-21T02:43:15","slug":"fabio-quartararo-decroche-la-pole-position-du-gp-daustralie-avec-un-record-a-la-cle","status":"publish","type":"post","link":"https:\/\/www.europesays.com\/fr\/478457\/","title":{"rendered":"Fabio Quartararo d\u00e9croche la pole position du GP d&rsquo;Australie, avec un record \u00e0 la cl\u00e9"},"content":{"rendered":"<p>Auteur du record du tour du circuit de Phillip Island, Fabio Quartararo (Yamaha) a sign\u00e9 la pole position ce samedi lors du Grand Prix d&rsquo;Australie.<\/p>\n<p>Fabio Quartararo (Yamaha) partira en t\u00eate du Grand Prix d&rsquo;Australie, 19e manche sur 22 de la saison de MotoGP. Le Fran\u00e7ais a d\u00e9croch\u00e9 le meilleur temps des qualifications samedi, r\u00e9cup\u00e9rant au passage le record du tour du circuit de Phillip Island.<\/p>\n<p>Quartararo septi\u00e8me du sprint avant la course<\/p>\n<p>\u00ab\u00a0C&rsquo;est un moment tr\u00e8s sp\u00e9cial, car je ne pensais pas pouvoir arriver (\u00e0 faire un tour en 1 min 26 sec 465\/1000, NDLR)\u00a0\u00bb, s&rsquo;est f\u00e9licit\u00e9 le champion du monde 2021. \u00ab\u00a0Je suis super content et j&rsquo;ai l&rsquo;impression que notre rythme n&rsquo;est pas si mal\u00a0\u00bb, a-t-il encore dit apr\u00e8s avoir d\u00e9croch\u00e9 sa cinqui\u00e8me pole position de la saison &#8211; sa premi\u00e8re depuis le GP des Pays-Bas fin juin.<\/p>\n<p>De quoi r\u00eaver d&rsquo;une premi\u00e8re victoire cette saison ? \u00ab\u00a0Oula, on va d\u00e9j\u00e0 essayer de faire un bon d\u00e9part, de bons premiers tours et on verra pour la suite\u00a0\u00bb, a-t-il temp\u00e9r\u00e9 au micro de Canal +. Dans la foul\u00e9e, <a href=\"https:\/\/rmcsport.bfmtv.com\/auto-moto\/moto\/direct-moto-gp-suivez-en-live-le-grand-prix-d-indonesie-avec-quartararo-et-zarco_LN-202510050122.html\" title=\"MotoGP: premi\u00e8re victoire pour le rookie Aldeguer en Indon\u00e9sie, violente chute du champion du monde Marc Marquez\" class=\"internal_link\" target=\"_blank\" rel=\"noopener\">Fabio Quartararo<\/a> a pris la septi\u00e8me place de la course sprint, remport\u00e9e par l&rsquo;Italien Marco Bezzecchi.<\/p>\n<p>Quartararo s&rsquo;\u00e9lancera en premi\u00e8re ligne devant l&rsquo;Italien Marco Bezzecchi (Aprilia) et l&rsquo;Australien Jack Miller (Yamaha-Pramac) au d\u00e9part du Grand Prix programm\u00e9 dimanche (15h00 locales). A noter que le d\u00e9part du GP a \u00e9t\u00e9 retard\u00e9 d&rsquo;une heure en raison des conditions m\u00e9t\u00e9o venteuses attendues sur le circuit c\u00f4tier.<\/p>\n<p>Marc Marquez absent ce week-end<\/p>\n<p>R\u00e9guli\u00e8rement \u00e0 la lutte aux avant-postes, Bezzecchi \u00e9copera dimanche d&rsquo;une p\u00e9nalit\u00e9 consistant en un double \u00ab\u00a0long-lap\u00a0\u00bb (deux tours rallong\u00e9s de circuit) apr\u00e8s avoir \u00e9t\u00e9 reconnu coupable par les commissaires d&rsquo;avoir fait chuter l&rsquo;Espagnol Marc Marquez lors du dernier GP, en Indon\u00e9sie d\u00e9but octobre. Cette sanction va consid\u00e9rablement r\u00e9duire ses chances de victoire dominicale.<\/p>\n<p>Les Ducati, dominatrices cette saison, se sont montr\u00e9es en retrait lors des qualifications. La premi\u00e8re d&rsquo;entre elles, celle de l&rsquo;Espagnol Alex Marquez (Ducati-Gresini) qui a chut\u00e9 deux fois samedi matin, n&rsquo;est que sixi\u00e8me tandis que le double champion du monde 2022-2023 Francesco Bagnaia ne partira que 11e au guidon de sa Ducati officielle.<\/p>\n<p>Au championnat, l&rsquo;Italien, troisi\u00e8me, compte 92 points de retard sur Alex Marquez, deuxi\u00e8me. L&rsquo;autre Fran\u00e7ais engag\u00e9 dans la cat\u00e9gorie reine Johann Zarco (Honda-LCR) s&rsquo;\u00e9lancera d&rsquo;une lointaine 15e place.<\/p>\n<p>D\u00e9j\u00e0 assur\u00e9 du titre dans la cat\u00e9gorie reine, Marc Marquez n&rsquo;a pas fait le d\u00e9placement en Australie apr\u00e8s sa chute en Indon\u00e9sie qui lui a valu d&rsquo;\u00eatre op\u00e9r\u00e9 de l&rsquo;\u00e9paule droite. Il pourrait revenir pour le GP de Valence, derni\u00e8re manche de la saison mi-novembre. Le champion du monde 2024 Jorge Martin (Aprilia) manque aussi \u00e0 l&rsquo;appel ce weekend. L&rsquo;Espagnol, qui cumule les blessures cette saison, a chut\u00e9 lors de la course sprint au Japon fin septembre, se fracturant la clavicule droite.<\/p>\n","protected":false},"excerpt":{"rendered":"Auteur du record du tour du circuit de Phillip Island, Fabio Quartararo (Yamaha) a sign\u00e9 la pole position&hellip;\n","protected":false},"author":2,"featured_media":478458,"comment_status":"","ping_status":"","sticky":false,"template":"","format":"standard","meta":{"footnotes":""},"categories":[1413],"tags":[1011,27,1457,1456,60],"class_list":{"0":"post-478457","1":"post","2":"type-post","3":"status-publish","4":"format-standard","5":"has-post-thumbnail","7":"category-moto","8":"tag-fr","9":"tag-france","10":"tag-moto","11":"tag-motocycle","12":"tag-sports"},"share_on_mastodon":{"url":"https:\/\/pubeurope.com\/@fr\/115409859555090280","error":""},"_links":{"self":[{"href":"https:\/\/www.europesays.com\/fr\/wp-json\/wp\/v2\/posts\/478457","targetHints":{"allow":["GET"]}}],"collection":[{"href":"https:\/\/www.europesays.com\/fr\/wp-json\/wp\/v2\/posts"}],"about":[{"href":"https:\/\/www.europesays.com\/fr\/wp-json\/wp\/v2\/types\/post"}],"author":[{"embeddable":true,"href":"https:\/\/www.europesays.com\/fr\/wp-json\/wp\/v2\/users\/2"}],"replies":[{"embeddable":true,"href":"https:\/\/www.europesays.com\/fr\/wp-json\/wp\/v2\/comments?post=478457"}],"version-history":[{"count":0,"href":"https:\/\/www.europesays.com\/fr\/wp-json\/wp\/v2\/posts\/478457\/revisions"}],"wp:featuredmedia":[{"embeddable":true,"href":"https:\/\/www.europesays.com\/fr\/wp-json\/wp\/v2\/media\/478458"}],"wp:attachment":[{"href":"https:\/\/www.europesays.com\/fr\/wp-json\/wp\/v2\/media?parent=478457"}],"wp:term":[{"taxonomy":"category","embeddable":true,"href":"https:\/\/www.europesays.com\/fr\/wp-json\/wp\/v2\/categories?post=478457"},{"taxonomy":"post_tag","embeddable":true,"href":"https:\/\/www.europesays.com\/fr\/wp-json\/wp\/v2\/tags?post=478457"}],"curies":[{"name":"wp","href":"https:\/\/api.w.org\/{rel}","templated":true}]}}