{"id":478466,"date":"2025-10-21T02:49:20","date_gmt":"2025-10-21T02:49:20","guid":{"rendered":"https:\/\/www.europesays.com\/fr\/478466\/"},"modified":"2025-10-21T02:49:20","modified_gmt":"2025-10-21T02:49:20","slug":"hautes-alpes-grand-prix-darchitecture-durable-cinq-projets-un-vainqueur","status":"publish","type":"post","link":"https:\/\/www.europesays.com\/fr\/478466\/","title":{"rendered":"Hautes-Alpes. Grand prix d\u2019architecture durable : cinq projets, un vainqueur"},"content":{"rendered":"<p>Le D\u00e9partement des Hautes-Alpes et le conseil d\u2019architecture, d\u2019urbanisme et d\u2019environnement organisent conjointement le Grand prix d\u00e9partemental de la construction, de l\u2019am\u00e9nagement et de l\u2019architecture durables. Partenaire de l\u2019op\u00e9ration, votre journal pr\u00e9sente les cinq candidats en lice pour le Troph\u00e9e des lecteurs du Dauphin\u00e9 Lib\u00e9r\u00e9.<\/p>\n<p>&#13;<br \/>\n              Le Dauphin\u00e9 Lib\u00e9r\u00e9  &#8211; &#13;<br \/>\n        &#13;<br \/>\n          Hier \u00e0 18:00&#13;<br \/>\n    &#13;<br \/>\n                  | mis \u00e0 jour hier \u00e0 19:29&#13;<br \/>\n              &#8211; Temps de lecture : &#13;<br \/>\n  &#13;<\/p>\n","protected":false},"excerpt":{"rendered":"Le D\u00e9partement des Hautes-Alpes et le conseil d\u2019architecture, d\u2019urbanisme et d\u2019environnement organisent conjointement le Grand prix d\u00e9partemental de&hellip;\n","protected":false},"author":2,"featured_media":478467,"comment_status":"","ping_status":"","sticky":false,"template":"","format":"standard","meta":{"footnotes":""},"categories":[1358],"tags":[1348,1384,1385,12923,4749,1386,58,4521,59,436,1011,27,60194,881,60195,60197,60196],"class_list":{"0":"post-478466","1":"post","2":"type-post","3":"status-publish","4":"format-standard","5":"has-post-thumbnail","7":"category-arts-et-design","8":"tag-arts","9":"tag-arts-and-design","10":"tag-arts-et-design","11":"tag-briancon","12":"tag-btp-et-chantiers","13":"tag-design","14":"tag-divertissement","15":"tag-edition-hautes-alpes-alpes-de-haute-provence","16":"tag-entertainment","17":"tag-environnement","18":"tag-fr","19":"tag-france","20":"tag-guillestre","21":"tag-hautes-alpes","22":"tag-la-batie-neuve","23":"tag-la-saulce","24":"tag-laragne-monteglin"},"share_on_mastodon":{"url":"https:\/\/pubeurope.com\/@fr\/115409883473212612","error":""},"_links":{"self":[{"href":"https:\/\/www.europesays.com\/fr\/wp-json\/wp\/v2\/posts\/478466","targetHints":{"allow":["GET"]}}],"collection":[{"href":"https:\/\/www.europesays.com\/fr\/wp-json\/wp\/v2\/posts"}],"about":[{"href":"https:\/\/www.europesays.com\/fr\/wp-json\/wp\/v2\/types\/post"}],"author":[{"embeddable":true,"href":"https:\/\/www.europesays.com\/fr\/wp-json\/wp\/v2\/users\/2"}],"replies":[{"embeddable":true,"href":"https:\/\/www.europesays.com\/fr\/wp-json\/wp\/v2\/comments?post=478466"}],"version-history":[{"count":0,"href":"https:\/\/www.europesays.com\/fr\/wp-json\/wp\/v2\/posts\/478466\/revisions"}],"wp:featuredmedia":[{"embeddable":true,"href":"https:\/\/www.europesays.com\/fr\/wp-json\/wp\/v2\/media\/478467"}],"wp:attachment":[{"href":"https:\/\/www.europesays.com\/fr\/wp-json\/wp\/v2\/media?parent=478466"}],"wp:term":[{"taxonomy":"category","embeddable":true,"href":"https:\/\/www.europesays.com\/fr\/wp-json\/wp\/v2\/categories?post=478466"},{"taxonomy":"post_tag","embeddable":true,"href":"https:\/\/www.europesays.com\/fr\/wp-json\/wp\/v2\/tags?post=478466"}],"curies":[{"name":"wp","href":"https:\/\/api.w.org\/{rel}","templated":true}]}}