{"id":478468,"date":"2025-10-21T02:50:23","date_gmt":"2025-10-21T02:50:23","guid":{"rendered":"https:\/\/www.europesays.com\/fr\/478468\/"},"modified":"2025-10-21T02:50:23","modified_gmt":"2025-10-21T02:50:23","slug":"de-lapproche-historique-a-la-vision-contemporaine","status":"publish","type":"post","link":"https:\/\/www.europesays.com\/fr\/478468\/","title":{"rendered":"de l&rsquo;approche historique \u00e0 la vision contemporaine \u00bb"},"content":{"rendered":"<p>L\u2019ouvrage de 416 pages, comprenant 17 monographies, est le fruit de pr\u00e8s de 10 ann\u00e9es de recherche, refl\u00e9tant une approche interdisciplinaire, moderne et cr\u00e9ative des questions historiques et culturelles vietnamiennes.<\/p>\n<p> L&rsquo;ouvrage se compose de 17 essais, r\u00e9partis en trois groupes principaux pr\u00e9sentant les nouvelles d\u00e9couvertes de l&rsquo;auteur sur la culture vietnamienne. Le premier groupe se concentre plus pr\u00e9cis\u00e9ment sur deux figures marquantes de l&rsquo;histoire du Vietnam et du <a class=\"data-link\" data-org-href=\"https:\/\/www.vietnam.vn\/category\/the-gioi\" href=\"https:\/\/www.vietnam.vn\/category\/the-gioi\" title=\"monde\" target=\"_blank\" rel=\"noopener\">monde<\/a> moderne\u00a0: le pr\u00e9sident H\u00f4 Chi Minh et le g\u00e9n\u00e9ral Vo Nguyen Giap. Adoptant une approche novatrice, l&rsquo;auteur affirme que H\u00f4 Chi Minh \u00e9tait un \u00ab\u00a0citoyen du monde pionnier\u00a0\u00bb qui, d\u00e8s son plus jeune \u00e2ge, a appliqu\u00e9 la devise \u00ab\u00a0penser globalement, agir localement\u00a0\u00bb, alliant habilement la force nationale \u00e0 la force de son \u00e9poque. Les essais sur le g\u00e9n\u00e9ral Vo Nguyen Giap continuent d&rsquo;\u00e9clairer de nouveaux aspects de la personnalit\u00e9 et de l&rsquo;intelligence du c\u00e9l\u00e8bre g\u00e9n\u00e9ral, contribuant ainsi \u00e0 une meilleure compr\u00e9hension du courage du Vietnam au XXe si\u00e8cle. <\/p>\n<tr>\n<td><img decoding=\"async\" alt=\"\" class=\"imgtelerik\" src=\"https:\/\/www.europesays.com\/fr\/wp-content\/uploads\/2025\/10\/1761014232326_gen-h-sach.jpeg\" loading=\"lazy\"\/><\/td>\n<\/tr>\n<tr class=\"alt_imgEditor\">\n<td> Le livre \u00ab <a class=\"data-link\" data-org-href=\"https:\/\/www.vietnam.vn\/category\/kham-pha\" href=\"https:\/\/www.vietnam.vn\/category\/kham-pha\" title=\"D\u00e9couvrir\" target=\"_blank\" rel=\"noopener\">\u00c0 la d\u00e9couverte<\/a> de la culture vietnamienne : de l&rsquo;approche historique \u00e0 la vision contemporaine \u00bb.<\/td>\n<\/tr>\n<p> Le deuxi\u00e8me groupe se concentre sur les questions fondamentales de la culture <a class=\"data-link\" data-org-href=\"https:\/\/www.vietnam.vn\/category\/chinh-tri\" href=\"https:\/\/www.vietnam.vn\/category\/chinh-tri\" title=\"politique\" target=\"_blank\" rel=\"noopener\">politique<\/a> vietnamienne\u00a0: aspirations nationales, aspirations au d\u00e9veloppement, r\u00f4le du parti au pouvoir, conscience nationale et bien-\u00eatre culturel. \u00c0 la lumi\u00e8re de la pens\u00e9e de H\u00f4 Chi Minh, l&rsquo;auteur souligne le r\u00f4le de l&rsquo;\u00e9ducation comme moteur essentiel pour aider la nation \u00e0 \u00e9viter le retard technologique, affirmant que \u00ab\u00a0l&rsquo;\u00e9ducation non seulement rend les gens bons, mais aide aussi le pays \u00e0 sortir de la faiblesse et \u00e0 atteindre l&rsquo;autonomie\u00a0\u00bb.<\/p>\n<p> Le troisi\u00e8me groupe est un vaste domaine consacr\u00e9 \u00e0 la culture moderne, o\u00f9 l&rsquo;auteur pr\u00e9sente de nombreux messages nouveaux sur la culture urbaine, les industries cr\u00e9atives, la s\u00e9curit\u00e9 culturelle et le dialogue interculturel. Il souligne que, dans un contexte de mondialisation acc\u00e9l\u00e9r\u00e9e, la s\u00e9curit\u00e9 culturelle doit \u00eatre consid\u00e9r\u00e9e comme un \u00e9l\u00e9ment important de la s\u00e9curit\u00e9 nationale, car \u00ab\u00a0la culture existe, la nation existe\u00a0\u00bb. De plus, la recherche en \u00e9tudes urbaines est pr\u00e9sent\u00e9e comme une approche acad\u00e9mique potentielle susceptible de contribuer \u00e0 la construction des bases de la strat\u00e9gie de d\u00e9veloppement durable du Vietnam.<\/p>\n<p> L&rsquo;ouvrage \u00e9tend notamment son analyse au champ du dialogue interculturel, des \u00e9changes interg\u00e9n\u00e9rationnels dans la soci\u00e9t\u00e9 moderne aux subtils dialogues contenus dans le Conte de Kieu de Nguyen Du ou la po\u00e9sie Nom de Ho Xuan Huong. Ce faisant, l&rsquo;auteur met en lumi\u00e8re la vitalit\u00e9 de la culture vietnamienne dans le pass\u00e9, tout en affirmant l&rsquo;adaptabilit\u00e9 et l&rsquo;innovation de la culture nationale dans le monde moderne.<\/p>\n<p> Cet ouvrage est \u00e9galement l&rsquo;un des premiers produits scientifiques du Programme de Sciences et Technologies QGCT.25.0 de l&rsquo;Universit\u00e9 nationale de Hano\u00ef, consacr\u00e9 \u00e0 la recherche et au d\u00e9veloppement des industries culturelles \u00e0 Hano\u00ef et dans certaines localit\u00e9s. Le soutien d&rsquo;instituts et d&rsquo;universit\u00e9s nationaux et \u00e9trangers, ainsi que les commentaires de coll\u00e8gues, d&rsquo;\u00e9tudiants et de chercheurs, ont permis \u00e0 cet ouvrage d&rsquo;atteindre une maturit\u00e9 acad\u00e9mique et une profondeur pratique.<\/p>\n<p> <strong>HOANG HOANG<\/strong><\/p>\n<p>Source: https:\/\/www.qdnd.vn\/van-hoa\/sach\/xuat-ban-sach-kham-pha-van-hoa-viet-nam-tu-tiep-can-lich-su-den-tam-nhin-thoi-dai-887796<\/p>\n","protected":false},"excerpt":{"rendered":"L\u2019ouvrage de 416 pages, comprenant 17 monographies, est le fruit de pr\u00e8s de 10 ann\u00e9es de recherche, refl\u00e9tant&hellip;\n","protected":false},"author":2,"featured_media":478469,"comment_status":"","ping_status":"","sticky":false,"template":"","format":"standard","meta":{"footnotes":""},"categories":[1357],"tags":[1379,251,58,59,1011,27,937,1380,60199,60198],"class_list":{"0":"post-478468","1":"post","2":"type-post","3":"status-publish","4":"format-standard","5":"has-post-thumbnail","7":"category-livres","8":"tag-books","9":"tag-culture","10":"tag-divertissement","11":"tag-entertainment","12":"tag-fr","13":"tag-france","14":"tag-histoire","15":"tag-livres","16":"tag-maison-dedition-politique-nationale-verite","17":"tag-pham-hong-tung"},"share_on_mastodon":{"url":"https:\/\/pubeurope.com\/@fr\/115409887598892531","error":""},"_links":{"self":[{"href":"https:\/\/www.europesays.com\/fr\/wp-json\/wp\/v2\/posts\/478468","targetHints":{"allow":["GET"]}}],"collection":[{"href":"https:\/\/www.europesays.com\/fr\/wp-json\/wp\/v2\/posts"}],"about":[{"href":"https:\/\/www.europesays.com\/fr\/wp-json\/wp\/v2\/types\/post"}],"author":[{"embeddable":true,"href":"https:\/\/www.europesays.com\/fr\/wp-json\/wp\/v2\/users\/2"}],"replies":[{"embeddable":true,"href":"https:\/\/www.europesays.com\/fr\/wp-json\/wp\/v2\/comments?post=478468"}],"version-history":[{"count":0,"href":"https:\/\/www.europesays.com\/fr\/wp-json\/wp\/v2\/posts\/478468\/revisions"}],"wp:featuredmedia":[{"embeddable":true,"href":"https:\/\/www.europesays.com\/fr\/wp-json\/wp\/v2\/media\/478469"}],"wp:attachment":[{"href":"https:\/\/www.europesays.com\/fr\/wp-json\/wp\/v2\/media?parent=478468"}],"wp:term":[{"taxonomy":"category","embeddable":true,"href":"https:\/\/www.europesays.com\/fr\/wp-json\/wp\/v2\/categories?post=478468"},{"taxonomy":"post_tag","embeddable":true,"href":"https:\/\/www.europesays.com\/fr\/wp-json\/wp\/v2\/tags?post=478468"}],"curies":[{"name":"wp","href":"https:\/\/api.w.org\/{rel}","templated":true}]}}