{"id":478470,"date":"2025-10-21T02:51:24","date_gmt":"2025-10-21T02:51:24","guid":{"rendered":"https:\/\/www.europesays.com\/fr\/478470\/"},"modified":"2025-10-21T02:51:24","modified_gmt":"2025-10-21T02:51:24","slug":"cest-contractuel-mikael-mittelstadt-reagit-avec-humour-a-la-mort-de-son-personnage","status":"publish","type":"post","link":"https:\/\/www.europesays.com\/fr\/478470\/","title":{"rendered":"\u00ab\u00a0C\u2019est contractuel !\u00a0\u00bb Mika\u00ebl Mittelstadt r\u00e9agit avec humour \u00e0 la mort de son personnage"},"content":{"rendered":"<p>Apr\u00e8s Les Combattantes, Rien ne t&rsquo;efface et Filip, Mika\u00ebl Mittelstadt renoue avec la fatalit\u00e9 dans Montmartre. Le com\u00e9dien, plein d\u2019autod\u00e9rision, savoure ce r\u00f4le o\u00f9 la mort se raconte plus qu\u2019elle ne se montre.<\/p>\n<p>Il a le sourire dans la voix, m\u00eame lorsqu\u2019il \u00e9voque la mort de ses personnages. <b>Mika\u00ebl Mittelstadt,<\/b> que les t\u00e9l\u00e9spectateurs retrouvent, ce lundi 20 octobre 2025 dans <a href=\"https:\/\/www.programme-tv.net\/news\/series-tv\/388091-montmartre-faut-il-regarder-la-serie-evenement-de-tf1-avec-claire-romain-alice-dufour-et-victor-meutelet-qui-debute-ce-lundi-29-septembre-2025-notre-avis\/\" data-api-deeplink=\"teleloisirs:\/\/news\/388091\" rel=\"nofollow noopener\" target=\"_blank\">Montmartre (notre avis)<\/a>, rit de son funeste destin \u00e0 l\u2019\u00e9cran. Apr\u00e8s avoir <a href=\"https:\/\/www.programme-tv.net\/news\/series-tv\/311008-les-combattantes-tf1-jetais-en-larmes-mikael-mittelstadt-revient-sur-la-mort-de-gus-son-personnage\/\" data-api-deeplink=\"teleloisirs:\/\/news\/311008\" rel=\"nofollow noopener\" target=\"_blank\">tir\u00e9 sa r\u00e9v\u00e9rence dans Les Combattantes<\/a> et <a href=\"https:\/\/www.programme-tv.net\/news\/series-tv\/387567-filip-mikael-mittelstadt-chante-t-il-et-danse-t-il-vraiment-dans-le-biopic-sur-le-leader-des-2be3-il-nous-repond\/\" data-api-deeplink=\"teleloisirs:\/\/news\/387567\" rel=\"nofollow noopener\" target=\"_blank\">incarn\u00e9 un chanteur bris\u00e9 Filip Nikolic dans Filip<\/a>, le com\u00e9dien pr\u00eate cette fois ses traits \u00e0 Charles, un jeune peintre boh\u00e8me de Montmartre au destin tout aussi tragique. \u00ab\u00a0Entre Les Combattantes et Filip, j\u2019ai l\u2019impression que je meure \u00e0 chaque r\u00f4le !\u00a0\u00bb, plaisantait-t-il apr\u00e8s<a href=\"https:\/\/www.programme-tv.net\/news\/series-tv\/386579-gwendoline-hamon-me-donnait-des-gifles-mikael-mittelstadt-rien-ne-t-efface-revient-sur-la-mort-de-jonas-son-personnage-dans-la-serie-de-tf1\/\" data-api-deeplink=\"teleloisirs:\/\/news\/386579\" rel=\"nofollow noopener\" target=\"_blank\"> la mort de son personnage de Jonas dans Rien ne t&rsquo;efface<\/a>.<\/p>\n<p>Montmartre : <b>Mika\u00ebl Mittelstadt trouve le destin de Charles romanesque <\/b><\/p>\n<p>\u00ab\u00a0C\u2019est contractuel, je dois mourir dans tous mes r\u00f4les\u00a0\u00bb, ajoutait-il, lors de de la conf\u00e9rence de presse de Montmartre<b> <\/b>avec beaucoup autod\u00e9rision. Dans la s\u00e9rie de TF1, la mort de Charles n\u2019est pas montr\u00e9e, mais racont\u00e9e. Un choix fort qui a s\u00e9duit le com\u00e9dien. \u00ab\u00a0J&rsquo;\u00e9tais content sur cet aspect-l\u00e0. Ce qui est chouette, c\u2019est que \u00e7a reprend tous les codes du romantisme d&rsquo;un point de vue tr\u00e8s tragique. \u00c0 cette \u00e9poque-l\u00e0, au th\u00e9\u00e2tre, il y avait une r\u00e8gle de biens\u00e9ance : on ne montrait pas la violence. Et c\u2019est encore plus violent parce qu\u2019on d\u00e9couvre sa mort avec Rose\u00a0\u00bb. Le com\u00e9dien r\u00e9v\u00e9l\u00e9 dans Ici tout commence nous a aussi d\u00e9voil\u00e9 quelle sc\u00e8ne il avait pr\u00e9f\u00e9r\u00e9. Il s&rsquo;agit de la seule s\u00e9quence de son personnage avec Arc\u00e8ne, le personnage interpr\u00e9t\u00e9 par <a href=\"https:\/\/www.programme-tv.net\/biographie\/271224-meutelet-victor\/\" data-link-people=\"ea79ea69-fce3-490c-a6ee-2291167d64dc\" rel=\"nofollow noopener\" target=\"_blank\">Victor Meutelet<\/a>.<\/p>\n<p>                        Montmartre : <b>Mika\u00ebl Mittelstadt a ador\u00e9 sa seule sc\u00e8ne avec Victor Meutelet <\/b><\/p>\n<p>\u00ab\u00a0Il y a eu quelques impr\u00e9vus qui ont fait que le r\u00e9alisateur n\u2019a pas pu \u00eatre pr\u00e9sent. C\u2019\u00e9tait une situation vraiment exceptionnelle, et tout le monde a d\u00fb s\u2019adapter, a r\u00e9v\u00e9l\u00e9 <b>Mika\u00ebl Mittelstadt. <\/b>Mais justement, j\u2019ai trouv\u00e9 incroyable de voir cette \u00e9nergie collective, cette esp\u00e8ce de communion entre nous tous pour faire exister la sc\u00e8ne. On t\u00e2tonnait un peu au d\u00e9but, on la cherchait ensemble\u2026 et au final, c\u2019est devenu l\u2019un de mes plus beaux souvenirs de tournage. J\u2019ai ador\u00e9 tourner ce moment\u00a0\u00bb<\/p>\n<p>\u00ab\u00a0<\/p>\n","protected":false},"excerpt":{"rendered":"Apr\u00e8s Les Combattantes, Rien ne t&rsquo;efface et Filip, Mika\u00ebl Mittelstadt renoue avec la fatalit\u00e9 dans Montmartre. Le com\u00e9dien,&hellip;\n","protected":false},"author":2,"featured_media":478471,"comment_status":"","ping_status":"","sticky":false,"template":"","format":"standard","meta":{"footnotes":""},"categories":[1356],"tags":[244,58,59,1011,27,2173,49512,7661,60202,60201,60200,252,199,2175,1364],"class_list":{"0":"post-478470","1":"post","2":"type-post","3":"status-publish","4":"format-standard","5":"has-post-thumbnail","7":"category-television","8":"tag-commentaire","9":"tag-divertissement","10":"tag-entertainment","11":"tag-fr","12":"tag-france","13":"tag-interview","14":"tag-mikau00ebl-mittelstadt","15":"tag-montmartre","16":"tag-montmartre-su00e9rie-52193713","17":"tag-montmartre-1100569801","18":"tag-montmartre-1100569802","19":"tag-television","20":"tag-tf1","21":"tag-tl-story","22":"tag-tv"},"share_on_mastodon":{"url":"https:\/\/pubeurope.com\/@fr\/115409891096739962","error":""},"_links":{"self":[{"href":"https:\/\/www.europesays.com\/fr\/wp-json\/wp\/v2\/posts\/478470","targetHints":{"allow":["GET"]}}],"collection":[{"href":"https:\/\/www.europesays.com\/fr\/wp-json\/wp\/v2\/posts"}],"about":[{"href":"https:\/\/www.europesays.com\/fr\/wp-json\/wp\/v2\/types\/post"}],"author":[{"embeddable":true,"href":"https:\/\/www.europesays.com\/fr\/wp-json\/wp\/v2\/users\/2"}],"replies":[{"embeddable":true,"href":"https:\/\/www.europesays.com\/fr\/wp-json\/wp\/v2\/comments?post=478470"}],"version-history":[{"count":0,"href":"https:\/\/www.europesays.com\/fr\/wp-json\/wp\/v2\/posts\/478470\/revisions"}],"wp:featuredmedia":[{"embeddable":true,"href":"https:\/\/www.europesays.com\/fr\/wp-json\/wp\/v2\/media\/478471"}],"wp:attachment":[{"href":"https:\/\/www.europesays.com\/fr\/wp-json\/wp\/v2\/media?parent=478470"}],"wp:term":[{"taxonomy":"category","embeddable":true,"href":"https:\/\/www.europesays.com\/fr\/wp-json\/wp\/v2\/categories?post=478470"},{"taxonomy":"post_tag","embeddable":true,"href":"https:\/\/www.europesays.com\/fr\/wp-json\/wp\/v2\/tags?post=478470"}],"curies":[{"name":"wp","href":"https:\/\/api.w.org\/{rel}","templated":true}]}}