{"id":478472,"date":"2025-10-21T02:52:12","date_gmt":"2025-10-21T02:52:12","guid":{"rendered":"https:\/\/www.europesays.com\/fr\/478472\/"},"modified":"2025-10-21T02:52:12","modified_gmt":"2025-10-21T02:52:12","slug":"suzane-revient-avec-millenium-album-aussi-engage-quintime-aux-sujets-societaux","status":"publish","type":"post","link":"https:\/\/www.europesays.com\/fr\/478472\/","title":{"rendered":"Suzane revient avec \u00ab\u00a0Mill\u00e9nium\u00a0\u00bb, album aussi engag\u00e9 qu&rsquo;intime aux sujets soci\u00e9taux"},"content":{"rendered":"<p>La chanteuse fran\u00e7aise Suzane a publi\u00e9 le 26 septembre son troisi\u00e8me album baptis\u00e9 \u00ab\u00a0Mill\u00e9nium\u00a0\u00bb, un projet \u00e0 la fois engag\u00e9 et intime. \u00c0 travers treize titres, elle aborde des sujets soci\u00e9taux majeurs tels que les violences faites aux femmes et l&rsquo;espoir d&rsquo;un changement de soci\u00e9t\u00e9.<\/p>\n<p>Suzane, r\u00e9v\u00e9l\u00e9e en 2019, est bien plus qu&rsquo;une chanteuse. Elle est aussi autrice-compositrice-interpr\u00e8te engag\u00e9e qui utilise sa musique pour d\u00e9noncer les violences faites aux femmes, la crise climatique et d&rsquo;autres enjeux soci\u00e9taux. Son nouvel album au son \u00e9lectro-pop, \u00ab\u00a0Mill\u00e9nium\u00a0\u00bb, ne d\u00e9roge pas \u00e0 la r\u00e8gle.<\/p>\n<p>Une voix engag\u00e9e<\/p>\n<p>L&rsquo;une des chansons phares de ce troisi\u00e8me album, \u00ab\u00a0Je t&rsquo;accuse\u00a0\u00bb, s&rsquo;inspire de l&rsquo;affaire Gis\u00e8le Pelicot. Suzane confie que cette chanson a \u00e9t\u00e9 cathartique pour elle, lui permettant de se lib\u00e9rer d&rsquo;un poids personnel. Ce titre, devenu un hymne f\u00e9ministe, d\u00e9nonce le manque de justice pour les victimes de violences sexuelles. Une triste r\u00e9alit\u00e9 qu&rsquo;est venu confirmer un hasard de calendrier, comme le rappelle Suzane dans le 12h45 du 14 octobre: \u00ab\u00a0Le clip est sorti le 24 avril 2025.\u00a0En m\u00eame temps que la Cour europ\u00e9enne des droits de l&rsquo;homme a condamn\u00e9 la justice fran\u00e7aise pour manquements et pour sexisme\u00a0\u00bb.<\/p>\n<p> &gt;&gt; Regarder l&rsquo;entretien avec Suzane dans le 12h45 du 14 octobre\u00a0:   <img decoding=\"async\" class=\"embed-responsive-item\" loading=\"lazy\" src=\"https:\/\/www.europesays.com\/fr\/wp-content\/uploads\/2025\/10\/gx9xid-29028748.image\" alt=\"La chanteuse engag\u00e9e Suzane repart au combat avec un 3\u00e8me album, &quot;Mill\u00e9nium&quot;.\"\/>    La chanteuse engag\u00e9e Suzane repart au combat avec un 3\u00e8me album, \u00ab\u00a0Mill\u00e9nium\u00a0\u00bb. \/ 12h45 \/ 7 min. \/ le 14 octobre 2025 <\/p>\n<p>Avec \u00ab\u00a0Mill\u00e9nium\u00a0\u00bb, l&rsquo;Avignonnaise rend hommage \u00e0 sa g\u00e9n\u00e9ration, tout en esp\u00e9rant un changement radical: \u00ab\u00a0J&rsquo;ai appel\u00e9 cet album &lsquo;Mill\u00e9nium&rsquo; pr\u00e9cis\u00e9ment parce que \u00e7a veut dire &lsquo;nouvelle \u00e8re commen\u00e7ant par un changement&rsquo;. Et je crois que ma g\u00e9n\u00e9ration comme la suivante ont besoin de ce changement un peu radical\u00a0\u00bb.<\/p>\n<p>Entre r\u00e9alisme et espoir<\/p>\n<p>Suzane se d\u00e9crit comme une chanteuse r\u00e9aliste, mais qui sait rester optimiste: \u00ab\u00a0Je suis une chanteuse r\u00e9aliste qui raconte son \u00e9poque, mais tout en ayant l&rsquo;espoir de voir le monde changer vers quelque chose de mieux.\u00a0\u00bb<\/p>\n<p>Contenu externe<\/p>\n<p> Ce contenu externe ne peut pas \u00eatre affich\u00e9 car il est susceptible de collecter des donn\u00e9es personnelles. Pour voir ce contenu vous devez autoriser la cat\u00e9gorie <strong>R\u00e9seaux sociaux<\/strong>. <\/p>\n<p> Accepter Plus d&rsquo;info <\/p>\n<p>En plus de ses engagements f\u00e9ministes, Suzane c\u00e9l\u00e8bre la libert\u00e9 et l&rsquo;amour sous toutes ses formes, notamment \u00e0 travers un titre comme \u00ab\u00a0Au grand jour\u00a0\u00bb, une ode aux couples LGBT.<\/p>\n<p>Pour elle, produire seule ce troisi\u00e8me album a \u00e9t\u00e9 une mani\u00e8re de prot\u00e9ger sa musique et de s&rsquo;\u00e9manciper dans une industrie qu&rsquo;elle a d\u00fb apprivoiser: \u00ab\u00a0J&rsquo;avais envie de d\u00e9fendre ma musique et \u00e7a passait par cet aspect-l\u00e0 aussi\u00a0\u00bb.<\/p>\n<p class=\"sources\">Propos recueillis par Julie Evard<\/p>\n<p class=\"credit\">Adaptation web: S\u00e9bastien Foggiato<\/p>\n<p class=\"article-footnote\">Suzane, \u00ab\u00a0Mill\u00e9nium\u00a0\u00bb (3\u00e8me Bureau\/Wagram). Paru le 26 septembre 2025.<\/p>\n<p class=\"article-footnote\">En concert aux Docks, Lausanne, le 5 f\u00e9vrier 2026.<\/p>\n","protected":false},"excerpt":{"rendered":"La chanteuse fran\u00e7aise Suzane a publi\u00e9 le 26 septembre son troisi\u00e8me album baptis\u00e9 \u00ab\u00a0Mill\u00e9nium\u00a0\u00bb, un projet \u00e0 la&hellip;\n","protected":false},"author":2,"featured_media":478473,"comment_status":"","ping_status":"","sticky":false,"template":"","format":"standard","meta":{"footnotes":""},"categories":[1355],"tags":[1692,1693,1695,1696,251,58,59,1011,27,1361,873,1698,104,809,15875],"class_list":{"0":"post-478472","1":"post","2":"type-post","3":"status-publish","4":"format-standard","5":"has-post-thumbnail","7":"category-musique","8":"tag-album","9":"tag-arts-et-divertissement","10":"tag-chanson","11":"tag-chanteur","12":"tag-culture","13":"tag-divertissement","14":"tag-entertainment","15":"tag-fr","16":"tag-france","17":"tag-music","18":"tag-musique","19":"tag-musiques","20":"tag-societe","21":"tag-violence","22":"tag-violence-contre-les-femmes"},"share_on_mastodon":{"url":"https:\/\/pubeurope.com\/@fr\/115409895627974958","error":""},"_links":{"self":[{"href":"https:\/\/www.europesays.com\/fr\/wp-json\/wp\/v2\/posts\/478472","targetHints":{"allow":["GET"]}}],"collection":[{"href":"https:\/\/www.europesays.com\/fr\/wp-json\/wp\/v2\/posts"}],"about":[{"href":"https:\/\/www.europesays.com\/fr\/wp-json\/wp\/v2\/types\/post"}],"author":[{"embeddable":true,"href":"https:\/\/www.europesays.com\/fr\/wp-json\/wp\/v2\/users\/2"}],"replies":[{"embeddable":true,"href":"https:\/\/www.europesays.com\/fr\/wp-json\/wp\/v2\/comments?post=478472"}],"version-history":[{"count":0,"href":"https:\/\/www.europesays.com\/fr\/wp-json\/wp\/v2\/posts\/478472\/revisions"}],"wp:featuredmedia":[{"embeddable":true,"href":"https:\/\/www.europesays.com\/fr\/wp-json\/wp\/v2\/media\/478473"}],"wp:attachment":[{"href":"https:\/\/www.europesays.com\/fr\/wp-json\/wp\/v2\/media?parent=478472"}],"wp:term":[{"taxonomy":"category","embeddable":true,"href":"https:\/\/www.europesays.com\/fr\/wp-json\/wp\/v2\/categories?post=478472"},{"taxonomy":"post_tag","embeddable":true,"href":"https:\/\/www.europesays.com\/fr\/wp-json\/wp\/v2\/tags?post=478472"}],"curies":[{"name":"wp","href":"https:\/\/api.w.org\/{rel}","templated":true}]}}