{"id":478486,"date":"2025-10-21T02:59:12","date_gmt":"2025-10-21T02:59:12","guid":{"rendered":"https:\/\/www.europesays.com\/fr\/478486\/"},"modified":"2025-10-21T02:59:12","modified_gmt":"2025-10-21T02:59:12","slug":"donald-trump-demolit-une-partie-de-la-maison-blanche-pour-construire-sa-salle-de-bal","status":"publish","type":"post","link":"https:\/\/www.europesays.com\/fr\/478486\/","title":{"rendered":"Donald Trump d\u00e9molit une partie de la Maison-Blanche pour construire sa salle de bal"},"content":{"rendered":"<p>\n    Ces travaux marquent le d\u00e9but de l\u2019un des plus gros chantiers de la c\u00e9l\u00e8bre r\u00e9sidence pr\u00e9sidentielle depuis plus d\u2019un si\u00e8cle.<\/p>\n<p class=\"fig-paragraph\">Une partie de la\u00a0<a href=\"https:\/\/www.lefigaro.fr\/tag\/maison-blanche\" target=\"_blank\" rel=\"sponsored noopener\" data-gtm-custom-categorie=\"navigation\" data-gtm-custom-action=\"crossclick\" data-gtm-custom-label=\"Contextuel\" data-gtm-event=\"customEventSPE\">Maison-Blanche<\/a>\u00a0a \u00e9t\u00e9 d\u00e9molie lundi pour construire la future salle de bal de\u00a0<a href=\"https:\/\/www.lefigaro.fr\/tag\/donald-trump\" target=\"_blank\" rel=\"sponsored noopener\" data-gtm-custom-categorie=\"navigation\" data-gtm-custom-action=\"crossclick\" data-gtm-custom-label=\"Contextuel\" data-gtm-event=\"customEventSPE\">Donald Trump<\/a>, marquant le d\u00e9but de l&rsquo;un des plus gros chantiers du c\u00e9l\u00e8bre \u00e9difice depuis plus d&rsquo;un si\u00e8cle.<\/p>\n<p class=\"fig-paragraph\">\u00abJe suis heureux d&rsquo;annoncer que les travaux ont commenc\u00e9 \u00e0 la Maison-Blanche pour construire la nouvelle, grande et magnifique salle de bal\u00bb, a d\u00e9clar\u00e9 le pr\u00e9sident am\u00e9ricain sur sa plateforme Truth Social.<\/p>\n<p>                                    <a class=\"fig-a11y-skip a11y-hidden\" href=\"#fig-a11y-skip-main-inarticle\"><br \/>\n        Passer la publicit\u00e9<br \/>\n    <\/a><\/p>\n<p class=\"fig-paragraph\">La salle de bal, dont les co\u00fbts de construction sont \u00e9valu\u00e9s \u00e0 250 millions de dollars, doit avoir une surface de plus de 8000 m\u00e8tres carr\u00e9s et accueillir jusqu&rsquo;\u00e0 1000 personnes. Elle sera utilis\u00e9e pour de grands d\u00eeners donn\u00e9s en l&rsquo;honneur de chefs d&rsquo;\u00c9tat \u00e9trangers et autres \u00e9v\u00e9nements d&rsquo;ampleur, a pr\u00e9cis\u00e9 le pr\u00e9sident.<\/p>\n<p>\u00abPlus belle que jamais\u00bb<\/p>\n<p class=\"fig-paragraph\">L&rsquo;imposant \u00e9difice blanc aux tr\u00e8s hautes fen\u00eatres, selon les maquettes, sera construit \u00e0 l&#8217;emplacement de l&rsquo;actuelle aile orientale, ou \u00abEast Wing\u00bb, o\u00f9 se trouvent traditionnellement les bureaux de la Premi\u00e8re dame.<\/p>\n<p class=\"fig-paragraph\">L&rsquo;aile de la Maison-Blanche est en train \u00abd&rsquo;\u00eatre compl\u00e8tement modernis\u00e9e\u00bb et \u00absera plus belle que jamais une fois les travaux termin\u00e9s\u00bb, s&rsquo;est r\u00e9joui Donald Trump lundi.<\/p>\n<p class=\"fig-paragraph\">Selon lui, cette nouvelle salle de bal sera enti\u00e8rement financ\u00e9e de fonds priv\u00e9s venant notamment de \u00abg\u00e9n\u00e9reux patriotes et de superbes entreprises\u00bb.<\/p>\n<p>De g\u00e9n\u00e9reux donateurs<\/p>\n<p class=\"fig-paragraph\">Le r\u00e9publicain a organis\u00e9 la semaine derni\u00e8re un grand d\u00eener pour remercier des milliardaires et grandes entreprises d&rsquo;avoir fait des dons. Parmi les invit\u00e9s figuraient des repr\u00e9sentants d&rsquo;entreprises de la \u00abtech\u00bb comme Amazon, Apple, Meta, Google, Microsoft et Palantir, ou encore le g\u00e9ant de la d\u00e9fense Lockheed Martin.<\/p>\n<p>                                    <a class=\"fig-a11y-skip a11y-hidden\" href=\"#fig-a11y-skip-main-inarticle_mtf\"><br \/>\n        Passer la publicit\u00e9<br \/>\n    <\/a><\/p>\n<p class=\"fig-paragraph\">Depuis son retour au pouvoir, sa fastueuse r\u00e9sidence Mar-a-Lago en Floride lui sert de mod\u00e8le pour fa\u00e7onner la Maison-Blanche \u00e0 son image. Le Bureau ovale, par exemple, a \u00e9t\u00e9 charg\u00e9 d&rsquo;ornements dor\u00e9s et deux immenses drapeaux am\u00e9ricains ont \u00e9t\u00e9 plant\u00e9s sur les pelouses.<\/p>\n<p class=\"fig-paragraph\">La Maison-Blanche est la r\u00e9sidence ainsi que le lieu de travail des pr\u00e9sidents am\u00e9ricains depuis 1800. Le premier \u00e0 y vivre a \u00e9t\u00e9 John Adams, le deuxi\u00e8me pr\u00e9sident des \u00c9tats-Unis.<\/p>\n","protected":false},"excerpt":{"rendered":"Ces travaux marquent le d\u00e9but de l\u2019un des plus gros chantiers de la c\u00e9l\u00e8bre r\u00e9sidence pr\u00e9sidentielle depuis plus&hellip;\n","protected":false},"author":2,"featured_media":478487,"comment_status":"","ping_status":"","sticky":false,"template":"","format":"standard","meta":{"footnotes":""},"categories":[5],"tags":[259,11,260,1011,27,14,261,12,262,28],"class_list":{"0":"post-478486","1":"post","2":"type-post","3":"status-publish","4":"format-standard","5":"has-post-thumbnail","7":"category-international","8":"tag-actualite-internationale","9":"tag-actualites","10":"tag-affaires-etrangeres","11":"tag-fr","12":"tag-france","13":"tag-international","14":"tag-ministere-des-affaires-etrangeres","15":"tag-news","16":"tag-politique-etrangere","17":"tag-world"},"share_on_mastodon":{"url":"https:\/\/pubeurope.com\/@fr\/115409922548359027","error":""},"_links":{"self":[{"href":"https:\/\/www.europesays.com\/fr\/wp-json\/wp\/v2\/posts\/478486","targetHints":{"allow":["GET"]}}],"collection":[{"href":"https:\/\/www.europesays.com\/fr\/wp-json\/wp\/v2\/posts"}],"about":[{"href":"https:\/\/www.europesays.com\/fr\/wp-json\/wp\/v2\/types\/post"}],"author":[{"embeddable":true,"href":"https:\/\/www.europesays.com\/fr\/wp-json\/wp\/v2\/users\/2"}],"replies":[{"embeddable":true,"href":"https:\/\/www.europesays.com\/fr\/wp-json\/wp\/v2\/comments?post=478486"}],"version-history":[{"count":0,"href":"https:\/\/www.europesays.com\/fr\/wp-json\/wp\/v2\/posts\/478486\/revisions"}],"wp:featuredmedia":[{"embeddable":true,"href":"https:\/\/www.europesays.com\/fr\/wp-json\/wp\/v2\/media\/478487"}],"wp:attachment":[{"href":"https:\/\/www.europesays.com\/fr\/wp-json\/wp\/v2\/media?parent=478486"}],"wp:term":[{"taxonomy":"category","embeddable":true,"href":"https:\/\/www.europesays.com\/fr\/wp-json\/wp\/v2\/categories?post=478486"},{"taxonomy":"post_tag","embeddable":true,"href":"https:\/\/www.europesays.com\/fr\/wp-json\/wp\/v2\/tags?post=478486"}],"curies":[{"name":"wp","href":"https:\/\/api.w.org\/{rel}","templated":true}]}}