{"id":478492,"date":"2025-10-21T03:02:23","date_gmt":"2025-10-21T03:02:23","guid":{"rendered":"https:\/\/www.europesays.com\/fr\/478492\/"},"modified":"2025-10-21T03:02:23","modified_gmt":"2025-10-21T03:02:23","slug":"loire-il-tente-de-penetrer-par-effraction-dans-une-maison-a-saint-chamond-le-proprietaire-le-met-en-fuite","status":"publish","type":"post","link":"https:\/\/www.europesays.com\/fr\/478492\/","title":{"rendered":"Loire. Il tente de p\u00e9n\u00e9trer par effraction dans une maison \u00e0 Saint-Chamond, le propri\u00e9taire le met en fuite"},"content":{"rendered":"<p>Samedi 18\u00a0octobre, peu apr\u00e8s 16 heures, les services de Police secours de la circonscription du Gier ont \u00e9t\u00e9 sollicit\u00e9s par un habitant de Saint-Chamond qui venait de surprendre un individu tenter de p\u00e9n\u00e9trer par effraction dans sa maison et dans son v\u00e9hicule.<\/p>\n<p>Apr\u00e8s avoir mis l\u2019homme en fuite, ce dernier a r\u00e9ussi \u00e0 donner une description assez pr\u00e9cise aux forces de police qui se sont rapidement lanc\u00e9es \u00e0 sa recherche.<\/p>\n<p>  L\u2019homme faisait l\u2019objet d\u2019une OQTF<\/p>\n<p>Au terme de quelques minutes d\u2019investigations dans le quartier, les fonctionnaires ont r\u00e9ussi \u00e0 le retrouver et \u00e0 l\u2019interpeller. Le mis en cause, \u00e2g\u00e9 de 23 ans, se trouvait en situation irr\u00e9guli\u00e8re et faisait l\u2019objet d\u2019une Obligation de quitter le territoire fran\u00e7ais. Il s\u2019est vu signifier une nouvelle OQTF avec assignation \u00e0 r\u00e9sidence.<\/p>\n","protected":false},"excerpt":{"rendered":"Samedi 18\u00a0octobre, peu apr\u00e8s 16 heures, les services de Police secours de la circonscription du Gier ont \u00e9t\u00e9&hellip;\n","protected":false},"author":2,"featured_media":478493,"comment_status":"","ping_status":"","sticky":false,"template":"","format":"standard","meta":{"footnotes":""},"categories":[9653],"tags":[1111,11,2430,271,272,7539,1777,674,274,1011,27,3367,12,25,9669,9670,4001,104],"class_list":{"0":"post-478492","1":"post","2":"type-post","3":"status-publish","4":"format-standard","5":"has-post-thumbnail","7":"category-saint-etienne","8":"tag-actu","9":"tag-actualites","10":"tag-auvergne-rhone-alpes","11":"tag-crime","12":"tag-delit-et-contravention","13":"tag-edition-loire-sud","14":"tag-eu","15":"tag-europe","16":"tag-faits-divers-justice","17":"tag-fr","18":"tag-france","19":"tag-loire","20":"tag-news","21":"tag-republique-francaise","22":"tag-saint-chamond","23":"tag-saint-chamond-ville","24":"tag-saint-etienne","25":"tag-societe"},"share_on_mastodon":{"url":"https:\/\/pubeurope.com\/@fr\/115409934293118871","error":""},"_links":{"self":[{"href":"https:\/\/www.europesays.com\/fr\/wp-json\/wp\/v2\/posts\/478492","targetHints":{"allow":["GET"]}}],"collection":[{"href":"https:\/\/www.europesays.com\/fr\/wp-json\/wp\/v2\/posts"}],"about":[{"href":"https:\/\/www.europesays.com\/fr\/wp-json\/wp\/v2\/types\/post"}],"author":[{"embeddable":true,"href":"https:\/\/www.europesays.com\/fr\/wp-json\/wp\/v2\/users\/2"}],"replies":[{"embeddable":true,"href":"https:\/\/www.europesays.com\/fr\/wp-json\/wp\/v2\/comments?post=478492"}],"version-history":[{"count":0,"href":"https:\/\/www.europesays.com\/fr\/wp-json\/wp\/v2\/posts\/478492\/revisions"}],"wp:featuredmedia":[{"embeddable":true,"href":"https:\/\/www.europesays.com\/fr\/wp-json\/wp\/v2\/media\/478493"}],"wp:attachment":[{"href":"https:\/\/www.europesays.com\/fr\/wp-json\/wp\/v2\/media?parent=478492"}],"wp:term":[{"taxonomy":"category","embeddable":true,"href":"https:\/\/www.europesays.com\/fr\/wp-json\/wp\/v2\/categories?post=478492"},{"taxonomy":"post_tag","embeddable":true,"href":"https:\/\/www.europesays.com\/fr\/wp-json\/wp\/v2\/tags?post=478492"}],"curies":[{"name":"wp","href":"https:\/\/api.w.org\/{rel}","templated":true}]}}