{"id":478496,"date":"2025-10-21T03:05:36","date_gmt":"2025-10-21T03:05:36","guid":{"rendered":"https:\/\/www.europesays.com\/fr\/478496\/"},"modified":"2025-10-21T03:05:36","modified_gmt":"2025-10-21T03:05:36","slug":"amiens-gache-la-fete-a-nancy-ligue-2-j10-nancy-amiens-0-1","status":"publish","type":"post","link":"https:\/\/www.europesays.com\/fr\/478496\/","title":{"rendered":"Amiens g\u00e2che la f\u00eate \u00e0 Nancy &#8211; Ligue 2 &#8211; J10 &#8211; Nancy-Amiens (0-1)"},"content":{"rendered":"<p>\t\t\t\u00a0<img decoding=\"async\" loading=\"lazy\" class=\"blason blason-grand\" src=\"https:\/\/www.europesays.com\/fr\/wp-content\/uploads\/2025\/08\/1754797198_209_grande.jpg\"\/> Nancy 0-1 Amiens <img decoding=\"async\" loading=\"lazy\" class=\"blason blason-grand\" src=\"https:\/\/www.europesays.com\/fr\/wp-content\/uploads\/2025\/08\/1755290060_457_grande.jpg\"\/><\/p>\n<p>But : Ikia Dimi (24e)<\/p>\n<p>La licorne a pi\u00e9tin\u00e9 les chardons.<\/p>\n<p>Apr\u00e8s quatre matchs \u00e0 huis clos, Marcel-Picot \u00e9tait pr\u00eat \u00e0 rugir ce lundi soir. Pour leur retour en Ligue 2, les supporters de Nancy ont finalement d\u00e9chant\u00e9. Venu avec l\u2019intention d\u2019envoyer du jeu, Amiens repart logiquement avec les trois points (0-1).<\/p>\n<p>Deux penaltys manqu\u00e9s<\/p>\n<p>Au c\u0153ur d\u2019une premi\u00e8re p\u00e9riode ma\u00eetris\u00e9e par les Picards, l\u2019insaisissabble Ilyes Hamache, bien lanc\u00e9 en profondeur par Thomas Monconduit, a d\u00e9bord\u00e9 une \u00e9ni\u00e8me fois c\u00f4t\u00e9 droit avant de centrer pour Yvan Ikia Dimi, pr\u00e9cis au premier poteau pour conclure en une touche <strong>(0-1, 24e)<\/strong>.<\/p>\n<p class=\"grid__summary\" data-v-58952beb=\"\">Le premier acte a surtout \u00e9t\u00e9 marqu\u00e9 par deux penaltys rat\u00e9s. Pas de jaloux, un de chaque c\u00f4t\u00e9. L\u2019Ami\u00e9nois Teddy Averlant a \u00e9t\u00e9 le premier \u00e0 manquer la cible (17e). De peu puisqu\u2019il croyait prendre Enzo Basilio \u00e0 contrepied, mais le ballon a heurt\u00e9 le poteau gauche et n\u2019a pu \u00eatre repris par aucun co\u00e9quipier. Apr\u00e8s plusieurs parades du gardien lorrain, Patrick Ouotro a eu l\u2019occasion d\u2019\u00e9galiser et a but\u00e9 sur Paul Bernardoni (35e). Le gardien pass\u00e9 par Bordeaux ou Saint-\u00c9tienne l\u2019a ensuite jou\u00e9 vieux briscard durant toute la seconde p\u00e9riode pour conserver le pr\u00e9cieux succ\u00e8s permettant de passer devant son adversaire du soir.<\/p>\n<p data-v-58952beb=\"\">Le retour des supporters n\u2019\u00e9tait finalement pas concluant.<\/p>\n<p>\t\t\t\t\t\t\t\t\t\t<a class=\"lien-connexe\" href=\"https:\/\/www.sofoot.com\/breves\/en-ligue-2-saint-etienne-conserve-sa-place-de-leader-messi-buteur-avec-pau-bastia-toujours-pas-vainqueur\" rel=\"nofollow noopener\" target=\"_blank\">Les Verts encore leaders, Messi buteur, Bastia toujours pas vainqueur <\/a>\t\t\t\t\t<\/p>\n","protected":false},"excerpt":{"rendered":"\u00a0 Nancy 0-1 Amiens But : Ikia Dimi (24e) La licorne a pi\u00e9tin\u00e9 les chardons. Apr\u00e8s quatre matchs&hellip;\n","protected":false},"author":2,"featured_media":478497,"comment_status":"","ping_status":"","sticky":false,"template":"","format":"standard","meta":{"footnotes":""},"categories":[9635],"tags":[1111,47,11,61,69,65,64,1777,674,63,1011,27,775,68,66,1702,12,62,70,25,67],"class_list":{"0":"post-478496","1":"post","2":"type-post","3":"status-publish","4":"format-standard","5":"has-post-thumbnail","7":"category-nancy","8":"tag-actu","9":"tag-actualite","10":"tag-actualites","11":"tag-actus-football","12":"tag-bundesliga","13":"tag-championnats-europeens","14":"tag-equipe-de-france","15":"tag-eu","16":"tag-europe","17":"tag-football","18":"tag-fr","19":"tag-france","20":"tag-grand-est","21":"tag-ligua","22":"tag-ligue-1","23":"tag-nancy","24":"tag-news","25":"tag-news-foot","26":"tag-premier-league","27":"tag-republique-francaise","28":"tag-serie-a"},"share_on_mastodon":{"url":"https:\/\/pubeurope.com\/@fr\/115409946752202684","error":""},"_links":{"self":[{"href":"https:\/\/www.europesays.com\/fr\/wp-json\/wp\/v2\/posts\/478496","targetHints":{"allow":["GET"]}}],"collection":[{"href":"https:\/\/www.europesays.com\/fr\/wp-json\/wp\/v2\/posts"}],"about":[{"href":"https:\/\/www.europesays.com\/fr\/wp-json\/wp\/v2\/types\/post"}],"author":[{"embeddable":true,"href":"https:\/\/www.europesays.com\/fr\/wp-json\/wp\/v2\/users\/2"}],"replies":[{"embeddable":true,"href":"https:\/\/www.europesays.com\/fr\/wp-json\/wp\/v2\/comments?post=478496"}],"version-history":[{"count":0,"href":"https:\/\/www.europesays.com\/fr\/wp-json\/wp\/v2\/posts\/478496\/revisions"}],"wp:featuredmedia":[{"embeddable":true,"href":"https:\/\/www.europesays.com\/fr\/wp-json\/wp\/v2\/media\/478497"}],"wp:attachment":[{"href":"https:\/\/www.europesays.com\/fr\/wp-json\/wp\/v2\/media?parent=478496"}],"wp:term":[{"taxonomy":"category","embeddable":true,"href":"https:\/\/www.europesays.com\/fr\/wp-json\/wp\/v2\/categories?post=478496"},{"taxonomy":"post_tag","embeddable":true,"href":"https:\/\/www.europesays.com\/fr\/wp-json\/wp\/v2\/tags?post=478496"}],"curies":[{"name":"wp","href":"https:\/\/api.w.org\/{rel}","templated":true}]}}