{"id":47850,"date":"2025-04-24T00:10:17","date_gmt":"2025-04-24T00:10:17","guid":{"rendered":"https:\/\/www.europesays.com\/fr\/47850\/"},"modified":"2025-04-24T00:10:17","modified_gmt":"2025-04-24T00:10:17","slug":"le-pape-au-cinema-un-homme-de-pouvoir-pour-la-satire-comme-le-thriller","status":"publish","type":"post","link":"https:\/\/www.europesays.com\/fr\/47850\/","title":{"rendered":"Le pape au cin\u00e9ma, un homme de pouvoir pour la satire comme le thriller"},"content":{"rendered":"<p><strong>ENQU\u00caTE<\/strong> &#8211; De Habemus papam \u00e0 Conclave, la figure du souverain pontife ne cesse de fasciner les cin\u00e9astes. Le pape Fran\u00e7ois lui-m\u00eame a inspir\u00e9 plusieurs longs-m\u00e9trages.<\/p>\n<p class=\"fig-paragraph\">De prime abord, on pourrait croire que la repr\u00e9sentation du\u00a0<a href=\"http:\/\/www.lefigaro.fr\/actualite-france\/les-images-d-une-vie-exceptionnelle-quand-le-pape-francois-se-raconte-20250423\" data-fig-type=\"Article\" data-gtm-custom-categorie=\"navigation\" data-gtm-custom-action=\"crossclick\" data-gtm-custom-label=\"Contextuel\" data-gtm-event=\"customEventSPE\" data-fig-domain=\"LEFIGARO\" rel=\"nofollow noopener\" target=\"_blank\">pape\u00a0<\/a>sur grand \u00e9cran a toujours \u00e9t\u00e9 une affaire entendue remontant aux origines m\u00eames du m\u00e9dium cin\u00e9ma. Aussi \u00e9trange que cela puisse para\u00eetre, il n\u2019en est rien. Alors que les m\u00e9dias du monde entier s\u2019appr\u00eatent \u00e0 livrer en mondovision les images des<a href=\"http:\/\/www.lefigaro.fr\/actualite-france\/dossier\/mort-du-pape-francois-reactions-analyses-funerailles\" data-fig-type=\"Topic\" data-gtm-custom-categorie=\"navigation\" data-gtm-custom-action=\"crossclick\" data-gtm-custom-label=\"Contextuel\" data-gtm-event=\"customEventSPE\" data-fig-domain=\"LEFIGARO\" rel=\"nofollow noopener\" target=\"_blank\">\u00a0fun\u00e9railles du pape Fran\u00e7ois<\/a>, on s\u2019aper\u00e7oit &#8211; avec une certaine stup\u00e9faction &#8211; que le septi\u00e8me art ne s\u2019est que tr\u00e8s r\u00e9cemment empar\u00e9 de cette figure eccl\u00e9siastique \u00e0 l\u2019aura immuable.<\/p>\n<p class=\"fig-paragraph\">Pourtant, depuis quelques ann\u00e9es, jamais les souverains pontifes n\u2019ont exerc\u00e9 une attraction aussi puissante aupr\u00e8s des internautes et des t\u00e9l\u00e9spectateurs, comme le souligne le magazine am\u00e9ricain de cin\u00e9ma Variety\u00a0: \u00ab\u00a0Apr\u00e8s le d\u00e9c\u00e8s du pape Fran\u00e7ois, l\u2019audience du thriller eccl\u00e9siastique d\u2019Edward Berger,\u00a0<a href=\"http:\/\/madame.lefigaro.fr\/celebrites\/cinema\/conclave-le-film-qui-plonge-dans-les-arcanes-de-l-election-papale-au-vatican-20250422\" data-fig-type=\"Article\" data-gtm-custom-categorie=\"navigation\" data-gtm-custom-action=\"crossclick\" data-gtm-custom-label=\"Contextuel\" data-gtm-event=\"customEventSPE\" data-fig-domain=\"MADAME\" rel=\"nofollow noopener\" target=\"_blank\">Conclave<\/a>, sorti en 2024 a augment\u00e9 de 283\u00a0%, atteignant pr\u00e8s de 7\u00a0millions de consultations. Quant au drame diffus\u00e9 sur Netflix en 2019 Les Deux Papes, sign\u00e9 Fernando Meirelles, il a \u00e9galement suscit\u00e9 un\u2026<\/p>\n<p class=\"fig-premium-paywall__infos\">\n        Cet article est r\u00e9serv\u00e9 aux abonn\u00e9s.        Il vous reste 92% \u00e0 d\u00e9couvrir.\n    <\/p>\n<p>                <img  data- alt=\"Le Figaro\" class=\"fig-img--complete fig-img\"\/><\/p>\n<p class=\"fig-premium-paywall__title\">Vous avez envie de lire la suite ?<\/p>\n<p class=\"fig-premium-paywall__subtitle\">D\u00e9bloquez tous les articles imm\u00e9diatement.<\/p>\n<p class=\"fig-premium-paywall__connect\">\n                D\u00e9j\u00e0 abonn\u00e9\u00a0?                <a class=\"fig-premium-paywall__connect-link\" href=\"https:\/\/connect.lefigaro.fr\/login?client=horizon_web&amp;type=main&amp;redirect_uri=https%3A%2F%2Fwww.lefigaro.fr%2Fcinema%2Fle-pape-au-cinema-un-homme-de-pouvoir-pour-la-satire-comme-le-thriller-20250423\" data-js-gtm=\"{&quot;customCategorie&quot;: &quot;conversion&quot;, &quot;customAction&quot;: &quot;before_Landing_Connexion_paywall_auto&quot;, &quot;customLabel&quot;: &quot;bGVmaWdhcm8uZnJfXzFmMDFmOGRiLWFkMTktNjAxYy04NDlhLTM5MGQ0NzQ3ZWQwM19fQXJ0aWNsZQ==_Le pape au cin\u00e9ma, un homme de pouvoir pour la satire comme le thriller_507&quot;, &quot;customIDSPE&quot;: &quot;bGVmaWdhcm8uZnJfXzFmMDFmOGRiLWFkMTktNjAxYy04NDlhLTM5MGQ0NzQ3ZWQwM19fQXJ0aWNsZQ==&quot;, &quot;event&quot;: &quot;customEventSPE&quot;}\" rel=\"nofollow noopener\" target=\"_blank\"><br \/>\n                    Connectez-vous<br \/>\n                <\/a>\n            <\/p>\n","protected":false},"excerpt":{"rendered":"ENQU\u00caTE &#8211; De Habemus papam \u00e0 Conclave, la figure du souverain pontife ne cesse de fasciner les cin\u00e9astes.&hellip;\n","protected":false},"author":2,"featured_media":47851,"comment_status":"","ping_status":"","sticky":false,"template":"","format":"standard","meta":{"footnotes":""},"categories":[1354],"tags":[2084,2083,2080,650,58,59,13847,2081,1346,1011,27,1360,13845,12672,4692,13846,2082],"class_list":{"0":"post-47850","1":"post","2":"type-post","3":"status-publish","4":"format-standard","5":"has-post-thumbnail","7":"category-films","8":"tag-affiche","9":"tag-bandes-annonces","10":"tag-box-office","11":"tag-cinema","12":"tag-divertissement","13":"tag-entertainment","14":"tag-federico-fellini","15":"tag-film","16":"tag-films","17":"tag-fr","18":"tag-france","19":"tag-movies","20":"tag-nanni-moretti","21":"tag-pape","22":"tag-pape-francois","23":"tag-ralph-fiennes","24":"tag-salles"},"share_on_mastodon":{"url":"https:\/\/pubeurope.com\/@fr\/114390042184216060","error":""},"_links":{"self":[{"href":"https:\/\/www.europesays.com\/fr\/wp-json\/wp\/v2\/posts\/47850","targetHints":{"allow":["GET"]}}],"collection":[{"href":"https:\/\/www.europesays.com\/fr\/wp-json\/wp\/v2\/posts"}],"about":[{"href":"https:\/\/www.europesays.com\/fr\/wp-json\/wp\/v2\/types\/post"}],"author":[{"embeddable":true,"href":"https:\/\/www.europesays.com\/fr\/wp-json\/wp\/v2\/users\/2"}],"replies":[{"embeddable":true,"href":"https:\/\/www.europesays.com\/fr\/wp-json\/wp\/v2\/comments?post=47850"}],"version-history":[{"count":0,"href":"https:\/\/www.europesays.com\/fr\/wp-json\/wp\/v2\/posts\/47850\/revisions"}],"wp:featuredmedia":[{"embeddable":true,"href":"https:\/\/www.europesays.com\/fr\/wp-json\/wp\/v2\/media\/47851"}],"wp:attachment":[{"href":"https:\/\/www.europesays.com\/fr\/wp-json\/wp\/v2\/media?parent=47850"}],"wp:term":[{"taxonomy":"category","embeddable":true,"href":"https:\/\/www.europesays.com\/fr\/wp-json\/wp\/v2\/categories?post=47850"},{"taxonomy":"post_tag","embeddable":true,"href":"https:\/\/www.europesays.com\/fr\/wp-json\/wp\/v2\/tags?post=47850"}],"curies":[{"name":"wp","href":"https:\/\/api.w.org\/{rel}","templated":true}]}}