{"id":478504,"date":"2025-10-21T03:11:27","date_gmt":"2025-10-21T03:11:27","guid":{"rendered":"https:\/\/www.europesays.com\/fr\/478504\/"},"modified":"2025-10-21T03:11:27","modified_gmt":"2025-10-21T03:11:27","slug":"ces-musees-de-rouen-ont-aussi-connu-des-vols","status":"publish","type":"post","link":"https:\/\/www.europesays.com\/fr\/478504\/","title":{"rendered":"ces mus\u00e9es de Rouen ont aussi connu des vols"},"content":{"rendered":"<p>            Par<br \/>\n        <strong><br \/>\n            <a href=\"https:\/\/actu.fr\/auteur\/julien-bouteiller\" title=\"Consulter tous les articles de Julien Bouteiller\" rel=\"nofollow noopener\" target=\"_blank\">Julien Bouteiller<\/a><br \/>\n        <\/strong><\/p>\n<p>        Publi\u00e9 le<\/p>\n<p>            20 oct. 2025 \u00e0 17h12        <\/p>\n<p>C\u2019est <a href=\"https:\/\/actu.fr\/ile-de-france\/paris_75056\/cambriolage-au-louvre-un-commando-de-quatre-personnes-activement-recherche-la-piste-du-grand-banditisme_63321753.html\" rel=\"nofollow noopener\" target=\"_blank\">le casse dont tout le monde parle<\/a> depuis ce dimanche 19\u00a0octobre 2025. Quatre malfaiteurs sont recherch\u00e9s apr\u00e8s \u00eatre entr\u00e9s par effraction <strong>dans le mus\u00e9e du Louvre<\/strong> pour y d\u00e9rober <a href=\"https:\/\/actu.fr\/ile-de-france\/paris_75056\/cambriolage-au-louvre-voici-les-bijoux-qui-ont-ete-voles-dans-le-plus-grand-musee-du-monde_63321715.html\" rel=\"nofollow noopener\" target=\"_blank\">des bijoux d\u2019une valeur inestimable<\/a>. <strong>\u00c0 Rouen, cela rappelle de tristes souvenirs.<\/strong> Deux mus\u00e9es de la ville ont en effet \u00e9t\u00e9 victimes de vols il y a quelques ann\u00e9es. Retour sur ces histoires surprenantes\u2026<\/p>\n<p>Un tableau vol\u00e9 en plein Mus\u00e9e des Beaux-Arts<\/p>\n<p class=\" wall-content\">Le plus incroyable \u00e9tait survenu <a href=\"https:\/\/actu.fr\/normandie\/rouen_76540\/rouen-un-tableau-d-une-valeur-de-30-000-euros-vole-au-musee-des-beaux-arts_42252859.html\" rel=\"nofollow noopener\" target=\"_blank\">au Mus\u00e9e des Beaux-Arts, en mai\u00a02021<\/a>. \u00ab\u2009Un tableau de 15 x 20 centim\u00e8tres, qui s\u2019intitule M\u00eame la sagesse n\u2019\u00e9chappe pas au temps, a effectivement \u00e9t\u00e9 vol\u00e9\u2009\u00bb, nous indiquait alors une source polici\u00e8re. L\u2019\u0153uvre du peintre flamand <strong>Otto van Veen<\/strong> \u00e9tait estim\u00e9e \u00e0<strong> environ 30\u2009000\u00a0euros<\/strong> et \u00e9tait expos\u00e9e au premier \u00e9tage du mus\u00e9e.<\/p>\n<p class=\" wall-content\">Ce vol \u00e9tait survenu alors que les Beaux-Arts venaient de rouvrir<strong> apr\u00e8s la p\u00e9riode de crise sanitaire<\/strong>. Aucun signe d\u2019effraction n\u2019avait alors \u00e9t\u00e9 constat\u00e9, supposant un vol durant les horaires d\u2019ouverture.<\/p>\n<p class=\" wall-content\">Cela avait donc forc\u00e9ment suscit\u00e9 des questions sur<strong> la s\u00e9curit\u00e9 du mus\u00e9e<\/strong>. Les syndicats avaient \u00e0 l\u2019\u00e9poque point\u00e9 le manque de moyens humains pour surveiller les lieux.<\/p>\n<p class=\" wall-content\">L\u2019enqu\u00eate avait \u00e9t\u00e9 confi\u00e9e \u00e0 la PJ. Depuis lors, aucune communication n\u2019a \u00e9t\u00e9 faite quant \u00e0 cette affaire et l\u2019\u0153uvre n\u2019a, \u00e0 notre connaissance, pas refait surface.<\/p>\n<p>Un butin retrouv\u00e9 des ann\u00e9es plus tard<\/p>\n<p class=\" wall-content\">Un vol survenu plus de 20\u00a0ans plus t\u00f4t <strong>au mus\u00e9e Gustave-Flaubert<\/strong> avait pour sa part connu une issue plus heureuse.<\/p>\n<p class=\" wall-content\">En novembre\u00a01998, un colloque est organis\u00e9 dans le mus\u00e9e consacr\u00e9 \u00e0 la m\u00e9decine. Trois ouvrages anciens ont alors \u00e9t\u00e9 d\u00e9rob\u00e9s, d\u2019une valeur respectivement <strong>de 1,5\u00a0million, 850\u2009000\u00a0et 40\u2009000 euros.<\/strong><\/p>\n<p>Votre r\u00e9gion, votre actu !<\/p>\n<p>Recevez chaque jour les infos qui comptent pour vous.<\/p>\n<p>\t<a href=\"https:\/\/actu.fr\/newsletter\" class=\"ac-btn ac-btn--corner ac-btn--medium ac-btn--blue800\" rel=\"nofollow noopener\" target=\"_blank\">S&rsquo;incrire<\/a><\/p>\n<p class=\" wall-content\">Ces textes de m\u00e9decine dat\u00e9s du XVIe\u00a0si\u00e8cle ont ensuite disparu des radars pendant des ann\u00e9es. Mais miracle, en 2011, ils sont retrouv\u00e9s par un employ\u00e9 du CHU de Grenoble\u2026 <strong>pr\u00e8s d\u2019une benne \u00e0 ordures\u2009!<\/strong><\/p>\n<p class=\" wall-content\">L\u2019employ\u00e9 les conserve, mais il a bien failli les jeter \u00e0 son tour, sous l\u2019insistance de sa femme. Finalement, il d\u00e9cide de pr\u00e9senter ces ouvrages \u00e0 des sp\u00e9cialistes \u00e0 Grenoble, et ils seront formellement identifi\u00e9s comme \u00e9tant les livres d\u00e9rob\u00e9s \u00e0 Rouen.<\/p>\n<p class=\" wall-content\">25\u00a0ans apr\u00e8s leur vol, <strong>ils ont ainsi pu \u00eatre restitu\u00e9s au mus\u00e9e Flaubert.<\/strong> Tout est bien qui finit bien, ou presque, puisque faute de piste, le ou les voleurs n\u2019ont jamais \u00e9t\u00e9 retrouv\u00e9s.<\/p>\n<p>Suivez l\u2019actualit\u00e9 de Rouen <a href=\"https:\/\/www.whatsapp.com\/channel\/0029VaKfnf99hXF2ddApFB1D\" rel=\"nofollow noopener\" target=\"_blank\">sur notre cha\u00eene WhatsApp<\/a> et <a href=\"https:\/\/www.tiktok.com\/@76actu.fr?lang=fr\" rel=\"nofollow noopener\" target=\"_blank\">sur notre compte TikTok<\/a><\/p>\n<p class=\" wall-content\">Personnalisez votre actualit\u00e9 en ajoutant vos villes et m\u00e9dias en favori avec <a href=\"https:\/\/moncompte.actu.fr\" title=\"D\u00e9couvez Mon Actu\" rel=\"nofollow noopener\" data-trk=\"{&quot;cta&quot;:{&quot;action&quot;:&quot;https:\\\/\\\/moncompte.actu.fr&quot;,&quot;category&quot;:&quot;mon compte&quot;,&quot;from&quot;:&quot;article footer&quot;,&quot;name&quot;:&quot;Mon actu&quot;,&quot;type&quot;:&quot;cta&quot;}}\" target=\"_blank\">Mon Actu<\/a>.<\/p>\n<p>                    <script async src=\"\/\/www.tiktok.com\/embed.js\"><\/script><\/p>\n","protected":false},"excerpt":{"rendered":"Par Julien Bouteiller Publi\u00e9 le 20 oct. 2025 \u00e0 17h12 C\u2019est le casse dont tout le monde parle&hellip;\n","protected":false},"author":2,"featured_media":478505,"comment_status":"","ping_status":"","sticky":false,"template":"","format":"standard","meta":{"footnotes":""},"categories":[9587],"tags":[1111,11,1777,674,1011,27,58904,1757,3094,12,5161,2551,25,9590],"class_list":{"0":"post-478504","1":"post","2":"type-post","3":"status-publish","4":"format-standard","5":"has-post-thumbnail","7":"category-rouen","8":"tag-actu","9":"tag-actualites","10":"tag-eu","11":"tag-europe","12":"tag-fr","13":"tag-france","14":"tag-histoire-patrimoine","15":"tag-insolite","16":"tag-musee-du-louvre","17":"tag-news","18":"tag-normandie","19":"tag-patrimoine","20":"tag-republique-francaise","21":"tag-rouen"},"share_on_mastodon":{"url":"https:\/\/pubeurope.com\/@fr\/115409969703407758","error":""},"_links":{"self":[{"href":"https:\/\/www.europesays.com\/fr\/wp-json\/wp\/v2\/posts\/478504","targetHints":{"allow":["GET"]}}],"collection":[{"href":"https:\/\/www.europesays.com\/fr\/wp-json\/wp\/v2\/posts"}],"about":[{"href":"https:\/\/www.europesays.com\/fr\/wp-json\/wp\/v2\/types\/post"}],"author":[{"embeddable":true,"href":"https:\/\/www.europesays.com\/fr\/wp-json\/wp\/v2\/users\/2"}],"replies":[{"embeddable":true,"href":"https:\/\/www.europesays.com\/fr\/wp-json\/wp\/v2\/comments?post=478504"}],"version-history":[{"count":0,"href":"https:\/\/www.europesays.com\/fr\/wp-json\/wp\/v2\/posts\/478504\/revisions"}],"wp:featuredmedia":[{"embeddable":true,"href":"https:\/\/www.europesays.com\/fr\/wp-json\/wp\/v2\/media\/478505"}],"wp:attachment":[{"href":"https:\/\/www.europesays.com\/fr\/wp-json\/wp\/v2\/media?parent=478504"}],"wp:term":[{"taxonomy":"category","embeddable":true,"href":"https:\/\/www.europesays.com\/fr\/wp-json\/wp\/v2\/categories?post=478504"},{"taxonomy":"post_tag","embeddable":true,"href":"https:\/\/www.europesays.com\/fr\/wp-json\/wp\/v2\/tags?post=478504"}],"curies":[{"name":"wp","href":"https:\/\/api.w.org\/{rel}","templated":true}]}}