{"id":478506,"date":"2025-10-21T03:13:12","date_gmt":"2025-10-21T03:13:12","guid":{"rendered":"https:\/\/www.europesays.com\/fr\/478506\/"},"modified":"2025-10-21T03:13:12","modified_gmt":"2025-10-21T03:13:12","slug":"a-grenoble-leau-est-partout-mais-on-ne-la-voit-plus-liberation","status":"publish","type":"post","link":"https:\/\/www.europesays.com\/fr\/478506\/","title":{"rendered":"A Grenoble, \u00abl\u2019eau est partout mais on ne la voit plus\u00bb \u2013 Lib\u00e9ration"},"content":{"rendered":"<p class=\"sc-cPiKLX AiZTS text-element\"><b>Comment r\u00e9concilier m\u00e9tropoles et campagnes, p\u00e9riph\u00e9ries et centres-villes, \u00e9cologie et habitat ? Plong\u00e9e, en partenariat avec <\/b><a href=\"https:\/\/popsu.archi.fr\/\" target=\"_blank\" rel=\"noopener\" title=\"https:\/\/popsu.archi.fr\/\"><b>la Plateforme d\u2019observation des projets et strat\u00e9gies urbaines<\/b><\/a><b> (Popsu) dans les initiatives qui am\u00e9liorent les politiques urbaines.<\/b> <\/p>\n<p class=\"sc-cPiKLX AiZTS text-element\">Depuis le fort de la Bastille, b\u00e2ti sur la pointe sud du massif de la Chartreuse qui s\u2019avance dans la vall\u00e9e de Grenoble telle une \u00e9trave, la vue est imprenable. Trois cents m\u00e8tres plus bas, juste en dessous et sur des kilom\u00e8tres, l\u2019agglom\u00e9ration au demi-million d\u2019habitants s\u2019\u00e9tale, dense, compacte, remplissant la totalit\u00e9 de ce fond de vall\u00e9e plat, enserr\u00e9 entre les montagnes. <\/p>\n<p class=\"sc-cPiKLX AiZTS text-element\">Cette concentration a-t-elle \u00e9t\u00e9 facilit\u00e9e par cette g\u00e9ographie privil\u00e9gi\u00e9e, ces espaces accueillants ? Charles Ambrosino, enseignant-chercheur \u00e0 l\u2019Institut d\u2019urbanisme et de g\u00e9ographie alpine et au labo Pacte de l\u2019universit\u00e9 Grenoble-Alpes, sourit et balaie l\u2019apparence : \u00abToute cette plaine \u00e0 nos pieds n\u2019\u00e9tait jusqu\u2019\u00e0 la fin du XVIIIe si\u00e8cle qu\u2019une immense zone humide, mar\u00e9cageuse, soumise aux inondations !\u00bb Les rivi\u00e8res Drac et Is\u00e8re occupaient tout l\u2019espace de leurs innombrables m\u00e9andres\u2026 <\/p>\n<p class=\"sc-cPiKLX AiZTS text-element\">Cocoordinateur du programme \u00abGrenoble XXI\u00bb, retrouver les voi(es)x de l\u2019eau\u00bb (Popsu Transitions 2023-2026), Ambrosino appelle un profond changement de regard sur la technopole : \u00abOn est venu habiter un territoire humide, non habitable, gr\u00e2ce au d\u00e9veloppement d\u2019une ing\u00e9nierie d\u2019abord militaire puis civile qui a peu \u00e0 peu, du XVIIe au XXe si\u00e8cle, ass\u00e9ch\u00e9 la plaine gr\u00e2ce \u00e0 un ensemble d\u2019infrastructures, une machinerie hydraulique.\u00bb Endiguements successifs, foss\u00e9s, chantournes, canaux, puis canalisations, pompes : \u00abDepuis trois cents ans, on ass\u00e8che Grenoble. Cette ville est un polder ! L\u2019eau est partout mais on ne la voit plus\u00bb, souligne l\u2019urbaniste. <\/p>\n<p class=\"sc-cPiKLX AiZTS text-element\">Antoine Brochet, chercheur en sciences sociales de l\u2019eau au labo Pacte, nous guide sur le flanc ouest de la Bastille, pour surplomber la Presqu\u2019\u00eele scientifique. Cette bande de territoire enserr\u00e9e entre Is\u00e8re et Drac, \u00e0 l\u2019amont imm\u00e9diat de leur confluence, est \u00abune pure cr\u00e9ation humaine, l\u2019arch\u00e9type du territoire cyborg\u00bb. Le cours des rivi\u00e8res est ici contraint, d\u00e9tourn\u00e9 et rendu rectiligne par les digues. Ici se dressaient les r\u00e9acteurs exp\u00e9rimentaux du Centre \u00e0 l\u2019\u00e9nergie atomique (CEA), aujourd\u2019hui reconverti en temple des nanotechnologies, flanqu\u00e9 de l\u2019anneau de l\u2019acc\u00e9l\u00e9rateur de particules grenoblois et d\u2019un nouveau quartier d\u2019habitation. Le tout sur un terrain d\u2019alluvions truff\u00e9 de canalisations, o\u00f9 \u00abdes stations de pompages \u00e9vacuent l\u2019eau en permanence\u00bb. <\/p>\n<p class=\"sc-cPiKLX AiZTS text-element\">Si l\u2019eau a \u00e9t\u00e9 longtemps oubli\u00e9e, l\u2019\u00e9volution climatique la remet au centre des pr\u00e9occupations des habitants comme des pouvoirs publics. La multiplication des canicules rend indispensable le recours \u00e0 l\u2019eau : \u00abComment r\u00e9hydrater le cyborg grenoblois ?\u00bb s\u2019interrogent les chercheurs. \u00abIci, tous les syst\u00e8mes techniques invent\u00e9s visaient \u00e0 acc\u00e9l\u00e9rer la circulation de l\u2019eau, son \u00e9vacuation ; aujourd\u2019hui on nous invite \u00e0 la ralentir et \u00e0 l\u2019utiliser sur place\u00bb, explique Brochet. De m\u00eame, Grenoble s\u2019est construit dos aux rivi\u00e8res, en d\u00e9fense, si bien que l\u2019acc\u00e8s \u00e0 l\u2019eau n\u2019est presque nulle part possible. <\/p>\n<p class=\"sc-cPiKLX AiZTS text-element\">Dans le m\u00eame temps, la mont\u00e9e des risques d\u2019inondations oblige l\u2019agglom\u00e9ration \u00e0 se repenser : \u00abL\u2019invisibilisation de l\u2019eau a conduit \u00e0 une amn\u00e9sie environnementale et \u00e0 la perte de la culture du risque\u00bb, r\u00e9sument les chercheurs. Plus d\u2019un si\u00e8cle et demi apr\u00e8s la derni\u00e8re grande inondation par l\u2019Is\u00e8re, en 1859, un risque \u00e9cart\u00e9 refait surface\u2026 <\/p>\n<p class=\"sc-cPiKLX AiZTS text-element\">Un autre profond changement de regard s\u2019impose : \u00abL\u2019eau est le vrai atout du territoire\u00bb, tranche Charles Ambrosino, bien plus que le \u00abtriptyque recherche-universit\u00e9-industrie\u00bb n\u00e9 \u00e0 la fin du XIXe si\u00e8cle avec l\u2019hydro\u00e9lectricit\u00e9 et traditionnellement consid\u00e9r\u00e9 comme le fondement de \u00abl\u2019aventure technopolitaine\u00bb. Les origines de l\u2019ing\u00e9nierie et de l\u2019industrie locales sont li\u00e9es \u00e0 la lutte contre les inondations, puis la mise sous contr\u00f4le de cette ressource en eau, consid\u00e9r\u00e9e comme illimit\u00e9e, a permis le remarquable essor local. <\/p>\n<p class=\"sc-cPiKLX AiZTS text-element\">\u00abUn si\u00e8cle plus tard, une partie du d\u00e9veloppement est encore li\u00e9e \u00e0 l\u2019eau souterraine pomp\u00e9e au sud de l\u2018agglom\u00e9ration\u00bb, explique Ambrosino qui d\u2019un geste survole la plaine pour montrer \u00e0 l\u2019oppos\u00e9, tout \u00e0 l\u2019est dans la vall\u00e9e du Gr\u00e9sivaudan, les b\u00e2timents de production de puces, bien visibles malgr\u00e9 la distance, de StMicroelectronic, grande consommatrice d\u2019eau pure. <\/p>\n<p class=\"sc-cPiKLX AiZTS text-element\">Avec le changement climatique, \u00abdes crispations sur la ressource en eau traversent les soci\u00e9t\u00e9s civiles et les sph\u00e8res politiques, rel\u00e8ve l\u2019urbaniste. Nous devons repositionner notre d\u00e9pendance \u00e0 cette ressource naturelle qui a permis la singularit\u00e9 du d\u00e9veloppement de la technopole.\u00bb M\u00ealant chercheurs de toutes disciplines et techniciens de Grenoble-Alpes m\u00e9tropole et de l\u2019Agence d\u2019urbanisme de la r\u00e9gion grenobloise, le programme \u00abGrenoble XXI\u00bb se fixe un cap majeur, conclut son coordinateur : \u00abHybrider les savoirs pour pouvoir passer de l\u2019action historique \u201csur\u201d le milieu \u00e0 une action \u201cavec\u201c le milieu, ce territoire cyborg dont nous avons h\u00e9rit\u00e9\u00bb. <\/p>\n","protected":false},"excerpt":{"rendered":"Comment r\u00e9concilier m\u00e9tropoles et campagnes, p\u00e9riph\u00e9ries et centres-villes, \u00e9cologie et habitat ? Plong\u00e9e, en partenariat avec la Plateforme&hellip;\n","protected":false},"author":2,"featured_media":478507,"comment_status":"","ping_status":"","sticky":false,"template":"","format":"standard","meta":{"footnotes":""},"categories":[9566],"tags":[1111,11,2430,1777,674,1011,27,2731,60203,12,25],"class_list":{"0":"post-478506","1":"post","2":"type-post","3":"status-publish","4":"format-standard","5":"has-post-thumbnail","7":"category-grenoble","8":"tag-actu","9":"tag-actualites","10":"tag-auvergne-rhone-alpes","11":"tag-eu","12":"tag-europe","13":"tag-fr","14":"tag-france","15":"tag-grenoble","16":"tag-le-temps-des-villes","17":"tag-news","18":"tag-republique-francaise"},"share_on_mastodon":{"url":"https:\/\/pubeurope.com\/@fr\/115409977634473487","error":""},"_links":{"self":[{"href":"https:\/\/www.europesays.com\/fr\/wp-json\/wp\/v2\/posts\/478506","targetHints":{"allow":["GET"]}}],"collection":[{"href":"https:\/\/www.europesays.com\/fr\/wp-json\/wp\/v2\/posts"}],"about":[{"href":"https:\/\/www.europesays.com\/fr\/wp-json\/wp\/v2\/types\/post"}],"author":[{"embeddable":true,"href":"https:\/\/www.europesays.com\/fr\/wp-json\/wp\/v2\/users\/2"}],"replies":[{"embeddable":true,"href":"https:\/\/www.europesays.com\/fr\/wp-json\/wp\/v2\/comments?post=478506"}],"version-history":[{"count":0,"href":"https:\/\/www.europesays.com\/fr\/wp-json\/wp\/v2\/posts\/478506\/revisions"}],"wp:featuredmedia":[{"embeddable":true,"href":"https:\/\/www.europesays.com\/fr\/wp-json\/wp\/v2\/media\/478507"}],"wp:attachment":[{"href":"https:\/\/www.europesays.com\/fr\/wp-json\/wp\/v2\/media?parent=478506"}],"wp:term":[{"taxonomy":"category","embeddable":true,"href":"https:\/\/www.europesays.com\/fr\/wp-json\/wp\/v2\/categories?post=478506"},{"taxonomy":"post_tag","embeddable":true,"href":"https:\/\/www.europesays.com\/fr\/wp-json\/wp\/v2\/tags?post=478506"}],"curies":[{"name":"wp","href":"https:\/\/api.w.org\/{rel}","templated":true}]}}