{"id":478508,"date":"2025-10-21T03:14:34","date_gmt":"2025-10-21T03:14:34","guid":{"rendered":"https:\/\/www.europesays.com\/fr\/478508\/"},"modified":"2025-10-21T03:14:34","modified_gmt":"2025-10-21T03:14:34","slug":"des-travaux-damenagement-vont-perturber-la-circulation-a-rennes-durant-les-vacances-de-la","status":"publish","type":"post","link":"https:\/\/www.europesays.com\/fr\/478508\/","title":{"rendered":"Des travaux d\u2019am\u00e9nagement vont perturber la circulation \u00e0 Rennes durant les vacances de la"},"content":{"rendered":"<p>La circulation va \u00eatre fortement perturb\u00e9e dans plusieurs quartiers de Rennes (Ille-et-Vilaine), \u00e0 partir du lundi 20\u00a0octobre 2025, dans le cadre de travaux d\u2019am\u00e9nagement. Des d\u00e9viations seront mises en place.<\/p>\n<p>Attention pour les automobilistes rennais, la circulation sera fortement perturb\u00e9e dans plusieurs secteurs de <a target=\"_self\" href=\"https:\/\/rennes.maville.com\/info\/info-locale\/\" rel=\"nofollow noopener\">la capitale bretonne<\/a>, d\u00e8s le lundi 20\u00a0octobre 2025. \u00c0 partir de cette date, et jusqu\u2019au vendredi 28\u00a0novembre, la circulation sera notamment interdite entre l\u2019avenue du G\u00e9n\u00e9ral George S. Patton et la rue de Tr\u00e9gain, dans le cadre de l\u2019am\u00e9nagement du carrefour Patton\/Rochester.<\/p>\n<p><strong>\u00ab\u00a0Pour les v\u00e9hicules arrivant de l\u2019ouest, une d\u00e9viation sera mise en place par l\u2019avenue du g\u00e9n\u00e9ral George S. Patton, le boulevard Emmanuel Mounier, la place Georges Bernanos et la rue de Foug\u00e8res<\/strong>, pr\u00e9cise la ville de Rennes. <strong>Pour les v\u00e9hicules arrivant de l\u2019est, une d\u00e9viation sera mise en place par l\u2019avenue des Gayeulles, la rue de la H\u00e9roni\u00e8re et l\u2019avenue du G\u00e9n\u00e9ral George S. Patton.\u00a0\u00bb<\/strong><\/p>\n<p><strong>Lire aussi\u00a0:<\/strong> <a target=\"_self\" href=\"https:\/\/rennes.maville.com\/actu\/actudet_-a-rennes-top-depart-des-travaux-de-deconstruction-du-parking-vilaine-_7-7016984_actu.Htm\" rel=\"nofollow noopener\">\u00c0 Rennes, top d\u00e9part des travaux de d\u00e9construction du parking Vilaine<\/a><\/p>\n<p>Jusqu\u2019au vendredi 7\u00a0novembre, la circulation sera \u00e9galement interdite entre la rue de la Piqueti\u00e8re et la rue Jeanne Couplan, dans le cadre de l\u2019am\u00e9nagement de la ZAC du Bois Perrin. Une d\u00e9viation sera mise en place par la rue du Moulin de Jou\u00e9, l\u2019avenue Fran\u00e7ois Ch\u00e2teau et la rue Django Reinhardt.<\/p>\n<\/p>\n<p>Des travaux sur le r\u00e9seau de chauffage urbain<\/p>\n<p>Une interdiction de circuler concernera aussi le Boulevard Albert 1er, jusqu\u2019au vendredi 7\u00a0novembre, dans le sens ouest &gt;\u00a0est, entre la rue de Nantes et l\u2019avenue Georges Graff, afin de permettre \u00e0 Enersud de r\u00e9aliser des travaux sur le r\u00e9seau de chauffage urbain. Une d\u00e9viation sera mise en place par la rue de Nantes, la rue Gouverneur G\u00e9n\u00e9ral F\u00e9lix \u00c9bou\u00e9 et l\u2019avenue Georges Graff.<\/p>\n<p>Une situation similaire perturbera la circulation au niveau de la place Jeanne Laurent, entre la rue des Munitionnettes et l\u2019avenue Jules Maniez, dans le sens sud &gt;\u00a0nord, jusqu\u2019au 31\u00a0octobre. L\u00e0 encore, une d\u00e9viation sera mise en place par le boulevard Jean Mermoz, le boulevard Mend\u00e8s France et l\u2019avenue Jules Maniez.<\/p>\n<p>Enfin, dans le cadre de l\u2019am\u00e9nagement de l\u2019h\u00f4tel-Dieu, la circulation sera interdite dans le sens sud &gt;\u00a0nord, entre la rue de l\u2019H\u00f4tel-Dieu et l\u2019entr\u00e9e du parking H\u00f4tel-Dieu, jusqu\u2019au vendredi 31\u00a0octobre. Une d\u00e9viation sera mise en place par la rue de l\u2019H\u00f4tel-Dieu, la rue de la Cochardi\u00e8re, la rue Saint-Martin et la rue de Saint-Malo.<\/p>\n<p>\u00a0<\/p>\n","protected":false},"excerpt":{"rendered":"La circulation va \u00eatre fortement perturb\u00e9e dans plusieurs quartiers de Rennes (Ille-et-Vilaine), \u00e0 partir du lundi 20\u00a0octobre 2025,&hellip;\n","protected":false},"author":2,"featured_media":478509,"comment_status":"","ping_status":"","sticky":false,"template":"","format":"standard","meta":{"footnotes":""},"categories":[2821],"tags":[1111,11,9857,829,3542,1777,674,1011,27,12,20433,3086,584,25,10919,2086,2528],"class_list":{"0":"post-478508","1":"post","2":"type-post","3":"status-publish","4":"format-standard","5":"has-post-thumbnail","7":"category-rennes","8":"tag-actu","9":"tag-actualites","10":"tag-amenagement","11":"tag-bretagne","12":"tag-circulation","13":"tag-eu","14":"tag-europe","15":"tag-fr","16":"tag-france","17":"tag-news","18":"tag-perturber","19":"tag-redon","20":"tag-rennes","21":"tag-republique-francaise","22":"tag-toussaint","23":"tag-travaux","24":"tag-vacances"},"share_on_mastodon":{"url":"https:\/\/pubeurope.com\/@fr\/115409981588233471","error":""},"_links":{"self":[{"href":"https:\/\/www.europesays.com\/fr\/wp-json\/wp\/v2\/posts\/478508","targetHints":{"allow":["GET"]}}],"collection":[{"href":"https:\/\/www.europesays.com\/fr\/wp-json\/wp\/v2\/posts"}],"about":[{"href":"https:\/\/www.europesays.com\/fr\/wp-json\/wp\/v2\/types\/post"}],"author":[{"embeddable":true,"href":"https:\/\/www.europesays.com\/fr\/wp-json\/wp\/v2\/users\/2"}],"replies":[{"embeddable":true,"href":"https:\/\/www.europesays.com\/fr\/wp-json\/wp\/v2\/comments?post=478508"}],"version-history":[{"count":0,"href":"https:\/\/www.europesays.com\/fr\/wp-json\/wp\/v2\/posts\/478508\/revisions"}],"wp:featuredmedia":[{"embeddable":true,"href":"https:\/\/www.europesays.com\/fr\/wp-json\/wp\/v2\/media\/478509"}],"wp:attachment":[{"href":"https:\/\/www.europesays.com\/fr\/wp-json\/wp\/v2\/media?parent=478508"}],"wp:term":[{"taxonomy":"category","embeddable":true,"href":"https:\/\/www.europesays.com\/fr\/wp-json\/wp\/v2\/categories?post=478508"},{"taxonomy":"post_tag","embeddable":true,"href":"https:\/\/www.europesays.com\/fr\/wp-json\/wp\/v2\/tags?post=478508"}],"curies":[{"name":"wp","href":"https:\/\/api.w.org\/{rel}","templated":true}]}}