{"id":478511,"date":"2025-10-21T03:16:14","date_gmt":"2025-10-21T03:16:14","guid":{"rendered":"https:\/\/www.europesays.com\/fr\/478511\/"},"modified":"2025-10-21T03:16:14","modified_gmt":"2025-10-21T03:16:14","slug":"universite-de-strasbourg-nouvelle-audience-pour-la-sociologue-pinar-selek-2","status":"publish","type":"post","link":"https:\/\/www.europesays.com\/fr\/478511\/","title":{"rendered":"Universit\u00e9 de Strasbourg. Nouvelle audience pour la sociologue Pinar Selek"},"content":{"rendered":"<p>Poursuivie depuis 27 ans par la justice turque, Pinar Selek devrait <a href=\"https:\/\/www.dna.fr\/education\/2025\/02\/07\/turquie-le-proces-de-pinar-selek-renvoye-une-fois-de-plus\" target=\"_blank\" rel=\"nofollow noopener\">\u00e0 nouveau \u00eatre jug\u00e9e ce mardi 21\u00a0octobre<\/a>. Apr\u00e8s avoir \u00e9t\u00e9 acquitt\u00e9e quatre fois des accusations d\u2019attentat terroriste dont elle fait officiellement l\u2019objet, c\u2019est le cinqui\u00e8me proc\u00e8s auquel est soumise la sociologue, \u00e9crivaine et militante turque naturalis\u00e9e fran\u00e7aise, connue et harcel\u00e9e pour son engagement en faveur des minorit\u00e9s opprim\u00e9es, notamment le peuple kurde. Un temps r\u00e9fugi\u00e9e \u00e0 Strasbourg, o\u00f9 elle compte de nombreux soutiens, Pinar Selek y a soutenu sa th\u00e8se en 2014.<\/p>\n<p>Par la voix de sa pr\u00e9sidente Fr\u00e9d\u00e9rique Berrod, l\u2019Universit\u00e9 de Strasbourg a r\u00e9affirm\u00e9 ce lundi 20\u00a0octobre dans un communiqu\u00e9 de presse son soutien \u00e0 cette \u00ab\u00a0militante infatigable pour la paix et les droits des minorit\u00e9s\u00a0\u00bb qui \u00ab\u00a0incarne par son parcours et son engagement la qu\u00eate permanente de v\u00e9rit\u00e9 et de justice. L\u2019Universit\u00e9 rappelle que \u00ab\u00a0ces poursuites, largement condamn\u00e9es par la communaut\u00e9 internationale et les organisations de d\u00e9fense des droits humains, portent atteinte \u00e0 la libert\u00e9 de recherche et d\u2019expression, piliers de toute soci\u00e9t\u00e9 d\u00e9mocratique.\u00a0\u00bb<\/p>\n<p>Ma\u00eetresse de conf\u00e9rences \u00e0 l\u2019Universit\u00e9 de Nice, Pinar Selek fait l\u2019objet d\u2019un mandat d\u2019arr\u00eat international.<\/p>\n","protected":false},"excerpt":{"rendered":"Poursuivie depuis 27 ans par la justice turque, Pinar Selek devrait \u00e0 nouveau \u00eatre jug\u00e9e ce mardi 21\u00a0octobre.&hellip;\n","protected":false},"author":2,"featured_media":478396,"comment_status":"","ping_status":"","sticky":false,"template":"","format":"standard","meta":{"footnotes":""},"categories":[2820],"tags":[1111,11,2389,1057,4854,1777,674,274,107,1011,27,775,12,25,640],"class_list":{"0":"post-478511","1":"post","2":"type-post","3":"status-publish","4":"format-standard","5":"has-post-thumbnail","7":"category-strasbourg","8":"tag-actu","9":"tag-actualites","10":"tag-alsace","11":"tag-education","12":"tag-enseignement-superieur","13":"tag-eu","14":"tag-europe","15":"tag-faits-divers-justice","16":"tag-fil-info","17":"tag-fr","18":"tag-france","19":"tag-grand-est","20":"tag-news","21":"tag-republique-francaise","22":"tag-strasbourg"},"share_on_mastodon":{"url":"https:\/\/pubeurope.com\/@fr\/115409989358016500","error":""},"_links":{"self":[{"href":"https:\/\/www.europesays.com\/fr\/wp-json\/wp\/v2\/posts\/478511","targetHints":{"allow":["GET"]}}],"collection":[{"href":"https:\/\/www.europesays.com\/fr\/wp-json\/wp\/v2\/posts"}],"about":[{"href":"https:\/\/www.europesays.com\/fr\/wp-json\/wp\/v2\/types\/post"}],"author":[{"embeddable":true,"href":"https:\/\/www.europesays.com\/fr\/wp-json\/wp\/v2\/users\/2"}],"replies":[{"embeddable":true,"href":"https:\/\/www.europesays.com\/fr\/wp-json\/wp\/v2\/comments?post=478511"}],"version-history":[{"count":0,"href":"https:\/\/www.europesays.com\/fr\/wp-json\/wp\/v2\/posts\/478511\/revisions"}],"wp:featuredmedia":[{"embeddable":true,"href":"https:\/\/www.europesays.com\/fr\/wp-json\/wp\/v2\/media\/478396"}],"wp:attachment":[{"href":"https:\/\/www.europesays.com\/fr\/wp-json\/wp\/v2\/media?parent=478511"}],"wp:term":[{"taxonomy":"category","embeddable":true,"href":"https:\/\/www.europesays.com\/fr\/wp-json\/wp\/v2\/categories?post=478511"},{"taxonomy":"post_tag","embeddable":true,"href":"https:\/\/www.europesays.com\/fr\/wp-json\/wp\/v2\/tags?post=478511"}],"curies":[{"name":"wp","href":"https:\/\/api.w.org\/{rel}","templated":true}]}}