{"id":478516,"date":"2025-10-21T03:19:11","date_gmt":"2025-10-21T03:19:11","guid":{"rendered":"https:\/\/www.europesays.com\/fr\/478516\/"},"modified":"2025-10-21T03:19:11","modified_gmt":"2025-10-21T03:19:11","slug":"le-couple-estrosi-vise-par-une-plainte-deposee-au-parquet-national-financier","status":"publish","type":"post","link":"https:\/\/www.europesays.com\/fr\/478516\/","title":{"rendered":"Le couple Estrosi vis\u00e9 par une plainte d\u00e9pos\u00e9e au Parquet national financier"},"content":{"rendered":"<p>Pour les avocats du maire Horizons ce n\u2019est rien d\u2019autre qu\u2019une \u00ab\u00a0boule puante <a href=\"https:\/\/www.20minutes.fr\/politique\/4169796-20250827-elections-municipales-2026-eric-ciotti-annonce-candidature-mairie-nice\" target=\"_blank\" class=\"c-link c-link--is-underlined\" rel=\"noopener\">\u00e0 quelques mois des municipales<\/a>\u00a0\u00bb. Une plainte visant les activit\u00e9s de conseil de <a href=\"https:\/\/www.20minutes.fr\/politique\/4180182-20251019-estrosi-ciotti-furieux-interruption-match-nice-lyon-chants-anti-daech\" target=\"_blank\" class=\"c-link c-link--is-underlined\" rel=\"noopener\">Christian Estrosi<\/a> et de son \u00e9pouse Laura Tenoudji a \u00e9t\u00e9 d\u00e9pos\u00e9e au Parquet national financier, indique ce dernier lundi sans plus de pr\u00e9cisions sur l\u2019ouverture ou non d\u2019une enqu\u00eate.<\/p>\n<p>Cette plainte, r\u00e9v\u00e9l\u00e9e par le quotidien Nice-Matin, a \u00e9t\u00e9 d\u00e9pos\u00e9e pour un \u00ab\u00a0lanceur d\u2019alerte\u00a0\u00bb, souhaitant l\u2019anonymat, travaillant pour la soci\u00e9t\u00e9 Smart Good Things Holding, selon l\u2019avocat de cet employ\u00e9, Me Guillaume Sergent, qui indique l\u2019avoir \u00e9galement d\u00e9pos\u00e9e au parquet de Marseille.<\/p>\n<p>Une entreprise en partie d\u00e9tenue par Tony Parker<\/p>\n<p>Cette \u00ab\u00a0plainte contre X\u00a0\u00bb pour \u00ab\u00a0abus de biens sociaux\u00a0\u00bb et \u00ab\u00a0recel d\u2019abus de biens sociaux\u00a0\u00bb \u00e9voque un montant d\u2019honoraires de 1.512.000 euros per\u00e7us, entre mai\u00a02024 et juin\u00a02025, par <a href=\"https:\/\/www.20minutes.fr\/justice\/4161255-20250701-nice-couple-estrosi-delphine-ernotte-plus-garde-vue\" target=\"_blank\" class=\"c-link c-link--is-underlined\" rel=\"noopener\">le couple Estrosi-Tenoudji<\/a>, de la part de la soci\u00e9t\u00e9 Smart Good Things Holding. \u00ab\u00a0Mon client s\u2019interroge sur la r\u00e9alit\u00e9 des prestations effectu\u00e9es par Christian Estrosi et Laura Tenoudji\u00a0\u00bb, a indiqu\u00e9 Me Sergent.<\/p>\n<\/p>\n<p>Dirig\u00e9e par l\u2019homme d\u2019affaires franco-isra\u00e9lien Serge Bueno, Smart Good Things Holding est une entreprise en partie d\u00e9tenue par l\u2019ex-basketteur Tony Parker, qui a notamment promu des boissons instantan\u00e9es en poudre.<\/p>\n<p>Des honoraires au c\u0153ur de la plainte<\/p>\n<p>La plainte \u00e9voque notamment des honoraires de 960.000 euros, \u00e0 raison de 480.000 euros pour la soci\u00e9t\u00e9 Hopkins &amp; Hopkins de Christian Estrosi et la m\u00eame somme pour celle de son \u00e9pouse, Startup Story, qui concerneraient un int\u00e9ressement, sign\u00e9 en novembre\u00a02023, sur la vente, quelques mois seulement apr\u00e8s sa cr\u00e9ation, d\u2019une filiale de la soci\u00e9t\u00e9 Smart Good Things Holding. Cette filiale, Salva, revendue au groupe mutualiste Garance, pour un montant selon Nice-Matin de 50\u00a0millions d\u2019euros, permet de \u00ab\u00a0cagnotter\u00a0\u00bb lors d\u2019achats dans de grandes enseignes pour s\u2019assurer un revenu lors de sa retraite. Le reste des prestations de conseil \u00e9voqu\u00e9es par le plaignant s\u2019\u00e9l\u00e8verait \u00e0 192.000 euros pour Christian Estrosi et 360.000 euros pour Laura Tenoudji, par ailleurs chroniqueuse t\u00e9l\u00e9.<\/p>\n<p><a href=\"https:\/\/www.20minutes.fr\/municipales\/\" target=\"_blank\" class=\"c-link c-btn c-btn--primary\" rel=\"noopener\">Notre dossier sur les Municipales 2026<\/a><\/p>\n<p>R\u00e9agissant \u00e0 ces accusations, Pierre-Olivier Sur et Mathias Chichportich, avocats de Christian Estrosi, soulignent que leur client \u00ab\u00a0dirige une soci\u00e9t\u00e9 de conseil et exerce son activit\u00e9 dans le strict respect des r\u00e8gles applicables aux \u00e9lus\u00a0\u00bb. \u00ab\u00a0Le pr\u00e9tendu plaignant feint sans doute d\u2019ignorer, dans la seule intention de nuire \u00e0 la probit\u00e9 de notre client, que Christian Estrosi exerce cette activit\u00e9 de dirigeant sans percevoir de salaire ou de commission autres que les sommes factur\u00e9es par sa soci\u00e9t\u00e9\u00a0\u00bb, \u00e9crivent-ils dans un communiqu\u00e9.<\/p>\n","protected":false},"excerpt":{"rendered":"Pour les avocats du maire Horizons ce n\u2019est rien d\u2019autre qu\u2019une \u00ab\u00a0boule puante \u00e0 quelques mois des municipales\u00a0\u00bb.&hellip;\n","protected":false},"author":2,"featured_media":478517,"comment_status":"","ping_status":"","sticky":false,"template":"","format":"standard","meta":{"footnotes":""},"categories":[2819],"tags":[1111,47,11,2898,885,2397,2761,1777,674,1011,27,303,884,12,2401,883,316,882,25,133],"class_list":{"0":"post-478516","1":"post","2":"type-post","3":"status-publish","4":"format-standard","5":"has-post-thumbnail","7":"category-nice","8":"tag-actu","9":"tag-actualite","10":"tag-actualites","11":"tag-alpes-maritimes","12":"tag-bouches-du-rhone","13":"tag-christian-estrosi","14":"tag-elections-municipales-2026","15":"tag-eu","16":"tag-europe","17":"tag-fr","18":"tag-france","19":"tag-justice","20":"tag-marseille","21":"tag-news","22":"tag-nice","23":"tag-paca","24":"tag-politique","25":"tag-provence-alpes-cote-dazur","26":"tag-republique-francaise","27":"tag-video"},"share_on_mastodon":{"url":"https:\/\/pubeurope.com\/@fr\/115410001193966805","error":""},"_links":{"self":[{"href":"https:\/\/www.europesays.com\/fr\/wp-json\/wp\/v2\/posts\/478516","targetHints":{"allow":["GET"]}}],"collection":[{"href":"https:\/\/www.europesays.com\/fr\/wp-json\/wp\/v2\/posts"}],"about":[{"href":"https:\/\/www.europesays.com\/fr\/wp-json\/wp\/v2\/types\/post"}],"author":[{"embeddable":true,"href":"https:\/\/www.europesays.com\/fr\/wp-json\/wp\/v2\/users\/2"}],"replies":[{"embeddable":true,"href":"https:\/\/www.europesays.com\/fr\/wp-json\/wp\/v2\/comments?post=478516"}],"version-history":[{"count":0,"href":"https:\/\/www.europesays.com\/fr\/wp-json\/wp\/v2\/posts\/478516\/revisions"}],"wp:featuredmedia":[{"embeddable":true,"href":"https:\/\/www.europesays.com\/fr\/wp-json\/wp\/v2\/media\/478517"}],"wp:attachment":[{"href":"https:\/\/www.europesays.com\/fr\/wp-json\/wp\/v2\/media?parent=478516"}],"wp:term":[{"taxonomy":"category","embeddable":true,"href":"https:\/\/www.europesays.com\/fr\/wp-json\/wp\/v2\/categories?post=478516"},{"taxonomy":"post_tag","embeddable":true,"href":"https:\/\/www.europesays.com\/fr\/wp-json\/wp\/v2\/tags?post=478516"}],"curies":[{"name":"wp","href":"https:\/\/api.w.org\/{rel}","templated":true}]}}