{"id":478529,"date":"2025-10-21T03:27:33","date_gmt":"2025-10-21T03:27:33","guid":{"rendered":"https:\/\/www.europesays.com\/fr\/478529\/"},"modified":"2025-10-21T03:27:33","modified_gmt":"2025-10-21T03:27:33","slug":"une-jeune-fille-retrouvee-morte-dans-un-hotel-pres-de-lille-un-suspect-en-garde-a-vue","status":"publish","type":"post","link":"https:\/\/www.europesays.com\/fr\/478529\/","title":{"rendered":"Une jeune fille retrouv\u00e9e morte dans un h\u00f4tel pr\u00e8s de Lille, un suspect en garde \u00e0 vue"},"content":{"rendered":"<p>Une adolescente a \u00e9t\u00e9 retrouv\u00e9e morte dans un h\u00f4tel situ\u00e9 sur la commune de Lomme, dans l\u2019agglom\u00e9ration lilloise, lundi 20\u00a0octobre 2025, selon le parquet de Lille (Nord). La victime est \u00ab\u00a0pr\u00e9sent\u00e9e\u00a0\u00bb comme une mineure de 15\u00a0ans, mais son identit\u00e9 et son \u00e2ge ne sont pas encore \u00ab\u00a0confirm\u00e9s\u00a0\u00bb, a pr\u00e9cis\u00e9 le parquet dans une br\u00e8ve d\u00e9claration transmise \u00e0 l\u2019AFP. Ce lundi matin, un jeune homme s\u2019\u00e9tant pr\u00e9sent\u00e9 comme son petit ami s\u2019est rendu \u00e0 la police. Il a \u00e9t\u00e9 plac\u00e9 en garde \u00e0 vue pour homicide volontaire.<\/p>\n<p>Selon <a target=\"_blank\" href=\"https:\/\/www.lavoixdunord.fr\/1637620\/article\/2025-10-20\/lomme-une-enquete-ouverte-pour-homicide-apres-la-mort-d-une-adolescente-dans-un\" rel=\"noopener\">La Voix du Nord<\/a>, la victime aurait re\u00e7u des coups violents avec un objet. \u00ab\u00a0On n\u2019a pas dormi de la nuit, on a entendu les hurlements d\u2019une jeune femme pendant des heures aux alentours de 4 ou 5\u00a0h du matin\u00a0\u00bb, a affirm\u00e9 une jeune femme de 20\u00a0ans ayant pass\u00e9 la nuit avec son conjoint dans un autre h\u00f4tel situ\u00e9 juste \u00e0 c\u00f4t\u00e9.<\/p>\n<p>\u00ab\u00a0C\u2019est choquant pour nous\u00a0\u00bb<\/p>\n<p>Un fourgon m\u00e9dico-l\u00e9gal a quitt\u00e9 les lieux aux alentours de 12\u00a0h\u00a030, a constat\u00e9 une journaliste de l\u2019AFP sur place, tandis que des policiers et un enqu\u00eateur portant des gants bleus entraient et sortaient de l\u2019h\u00f4tel aux murs rose et blanc vieillissants, sans s\u2019exprimer devant la presse. Le personnel de l\u2019h\u00f4tel a eu instruction de la direction de ne pas parler. \u00ab\u00a0C\u2019est choquant pour nous\u00a0\u00bb, a simplement confi\u00e9 le r\u00e9ceptionniste.<\/p>\n<p>Selon les derniers chiffres officiels publi\u00e9s fin novembre\u00a02024, 96 f\u00e9minicides conjugaux ont \u00e9t\u00e9 recens\u00e9s par les forces de s\u00e9curit\u00e9 en France en 2023, sur 119 morts violentes au sein du couple. Dans 82\u00a0% des cas, les auteurs sont des hommes.<\/p>\n","protected":false},"excerpt":{"rendered":"Une adolescente a \u00e9t\u00e9 retrouv\u00e9e morte dans un h\u00f4tel situ\u00e9 sur la commune de Lomme, dans l\u2019agglom\u00e9ration lilloise,&hellip;\n","protected":false},"author":2,"featured_media":478530,"comment_status":"","ping_status":"","sticky":false,"template":"","format":"standard","meta":{"footnotes":""},"categories":[2815],"tags":[328,1111,11,1777,674,274,1011,27,329,811,1307,12,1072,25,797],"class_list":{"0":"post-478529","1":"post","2":"type-post","3":"status-publish","4":"format-standard","5":"has-post-thumbnail","7":"category-lille","8":"tag-a-la-une","9":"tag-actu","10":"tag-actualites","11":"tag-eu","12":"tag-europe","13":"tag-faits-divers-justice","14":"tag-fr","15":"tag-france","16":"tag-france-monde","17":"tag-hauts-de-france","18":"tag-lille","19":"tag-news","20":"tag-police","21":"tag-republique-francaise","22":"tag-violences-faites-aux-femmes"},"share_on_mastodon":{"url":"https:\/\/pubeurope.com\/@fr\/115410032700896131","error":""},"_links":{"self":[{"href":"https:\/\/www.europesays.com\/fr\/wp-json\/wp\/v2\/posts\/478529","targetHints":{"allow":["GET"]}}],"collection":[{"href":"https:\/\/www.europesays.com\/fr\/wp-json\/wp\/v2\/posts"}],"about":[{"href":"https:\/\/www.europesays.com\/fr\/wp-json\/wp\/v2\/types\/post"}],"author":[{"embeddable":true,"href":"https:\/\/www.europesays.com\/fr\/wp-json\/wp\/v2\/users\/2"}],"replies":[{"embeddable":true,"href":"https:\/\/www.europesays.com\/fr\/wp-json\/wp\/v2\/comments?post=478529"}],"version-history":[{"count":0,"href":"https:\/\/www.europesays.com\/fr\/wp-json\/wp\/v2\/posts\/478529\/revisions"}],"wp:featuredmedia":[{"embeddable":true,"href":"https:\/\/www.europesays.com\/fr\/wp-json\/wp\/v2\/media\/478530"}],"wp:attachment":[{"href":"https:\/\/www.europesays.com\/fr\/wp-json\/wp\/v2\/media?parent=478529"}],"wp:term":[{"taxonomy":"category","embeddable":true,"href":"https:\/\/www.europesays.com\/fr\/wp-json\/wp\/v2\/categories?post=478529"},{"taxonomy":"post_tag","embeddable":true,"href":"https:\/\/www.europesays.com\/fr\/wp-json\/wp\/v2\/tags?post=478529"}],"curies":[{"name":"wp","href":"https:\/\/api.w.org\/{rel}","templated":true}]}}