{"id":478531,"date":"2025-10-21T03:28:12","date_gmt":"2025-10-21T03:28:12","guid":{"rendered":"https:\/\/www.europesays.com\/fr\/478531\/"},"modified":"2025-10-21T03:28:12","modified_gmt":"2025-10-21T03:28:12","slug":"le-snes-fsu-prepare-les-profs-a-la-lutte-contre-le-desastre-dun-budget-austeritaire-a-marseille","status":"publish","type":"post","link":"https:\/\/www.europesays.com\/fr\/478531\/","title":{"rendered":"Le Snes-FSU pr\u00e9pare les profs \u00e0 la lutte contre \u00ab\u00a0le d\u00e9sastre d&rsquo;un budget aust\u00e9ritaire\u00a0\u00bb \u00e0 Marseille"},"content":{"rendered":"<p>Dans cette optique, la premi\u00e8re f\u00e9d\u00e9ration de l\u2019enseignement dans le second degr\u00e9 organisait un stage de formation syndicale, ouvert \u00e0 tous les professeurs en coll\u00e8ge et lyc\u00e9e, pour \u00ab\u00a0pr\u00e9parer les prochaines luttes\u00a0\u00bb et d\u00e9cortiquer les m\u00e9canismes du prochain budget.<\/p>\n<p>\u00ab\u00a0Gel du point d\u2019indice, baisse des pensions et des franchises m\u00e9dicales\u2026\u00a0\u00bb<\/p>\n<p>En ligne de mire, le vote de la <a href=\"https:\/\/www.laprovence.com\/article\/politique\/2333746574769714\/budget-2026-la-bataille-parlementaire-demarre-ce-lundi\" target=\"_blank\" rel=\"noopener\">prochaine loi de finances<\/a> au Parlement, synonyme \u00ab\u00a0d\u2019aust\u00e9rit\u00e9 budg\u00e9taire\u00a0\u00bb. \u00ab\u00a0La suspension de la r\u00e9forme des retraites ne doit pas masquer le d\u00e9sastre que pr\u00e9pare le prochain budget, avec notamment le gel du point d\u2019indice des fonctionnaires ou la baisse des pensions, liste Rapha\u00ebl Pradeau, porte-parole d\u2019<a href=\"https:\/\/www.laprovence.com\/article\/region\/4495895318820215\/aix-lassociation-altermondialiste-attac-fait-sa-rentree\" target=\"_blank\" rel=\"noopener\">Attac<\/a>, venu partager son exp\u00e9rience avec les professeurs. Face \u00e0 un discours m\u00e9diatique qui r\u00e9p\u00e8te que la dette nous oblige, il y a besoin d\u2019expliquer qu\u2019un autre budget est possible. Et que le d\u00e9ficit public s\u2019est creus\u00e9 \u00e0 cause notamment des cadeaux fiscaux faits aux grandes entreprises, sans contrepartie. Nous sommes face \u00e0 une crise des recettes et non pas une envol\u00e9e des d\u00e9penses publiques.\u00a0\u00bb<\/p>\n<p>Un point de vue dont d\u00e9battent les stagiaires. \u00ab\u00a0Ces stages permettent de travailler et de r\u00e9fl\u00e9chir ensemble sur les liens entre le futur budget et notre profession d\u2019enseignant, livre Salima Ouanna\u00ef, secr\u00e9taire acad\u00e9mique adjointe du Snes. Inform\u00e9s et conscients des enjeux et des \u00e9ch\u00e9ances politiques \u00e0 venir, les coll\u00e8gues peuvent construire leur engagement et le partager en salle des profs par exemple.\u00a0\u00bb<\/p>\n<p>La FSU organise une trentaine de stages par an sur diff\u00e9rents th\u00e8mes. Le \u00ab\u00a0partage d\u2019informations\u00a0\u00bb doit \u00e9galement se poursuivre dans les \u00e9tablissements, avec des dizaines d\u2019heures d\u2019information syndicale d\u00e9j\u00e0 programm\u00e9es.<\/p>\n","protected":false},"excerpt":{"rendered":"Dans cette optique, la premi\u00e8re f\u00e9d\u00e9ration de l\u2019enseignement dans le second degr\u00e9 organisait un stage de formation syndicale,&hellip;\n","protected":false},"author":2,"featured_media":478532,"comment_status":"","ping_status":"","sticky":false,"template":"","format":"standard","meta":{"footnotes":""},"categories":[2814],"tags":[930,17,1111,11,1444,1777,674,1011,27,151,7998,884,12,5109,26501,882,16,25,49390],"class_list":{"0":"post-478531","1":"post","2":"type-post","3":"status-publish","4":"format-standard","5":"has-post-thumbnail","7":"category-marseille","8":"tag-le","9":"tag-17","10":"tag-actu","11":"tag-actualites","12":"tag-contre","13":"tag-eu","14":"tag-europe","15":"tag-fr","16":"tag-france","17":"tag-les","18":"tag-lutte","19":"tag-marseille","20":"tag-news","21":"tag-prepare","22":"tag-profs","23":"tag-provence-alpes-cote-dazur","24":"tag-region","25":"tag-republique-francaise","26":"tag-snes-fsu"},"share_on_mastodon":{"url":"https:\/\/pubeurope.com\/@fr\/115410036579155528","error":""},"_links":{"self":[{"href":"https:\/\/www.europesays.com\/fr\/wp-json\/wp\/v2\/posts\/478531","targetHints":{"allow":["GET"]}}],"collection":[{"href":"https:\/\/www.europesays.com\/fr\/wp-json\/wp\/v2\/posts"}],"about":[{"href":"https:\/\/www.europesays.com\/fr\/wp-json\/wp\/v2\/types\/post"}],"author":[{"embeddable":true,"href":"https:\/\/www.europesays.com\/fr\/wp-json\/wp\/v2\/users\/2"}],"replies":[{"embeddable":true,"href":"https:\/\/www.europesays.com\/fr\/wp-json\/wp\/v2\/comments?post=478531"}],"version-history":[{"count":0,"href":"https:\/\/www.europesays.com\/fr\/wp-json\/wp\/v2\/posts\/478531\/revisions"}],"wp:featuredmedia":[{"embeddable":true,"href":"https:\/\/www.europesays.com\/fr\/wp-json\/wp\/v2\/media\/478532"}],"wp:attachment":[{"href":"https:\/\/www.europesays.com\/fr\/wp-json\/wp\/v2\/media?parent=478531"}],"wp:term":[{"taxonomy":"category","embeddable":true,"href":"https:\/\/www.europesays.com\/fr\/wp-json\/wp\/v2\/categories?post=478531"},{"taxonomy":"post_tag","embeddable":true,"href":"https:\/\/www.europesays.com\/fr\/wp-json\/wp\/v2\/tags?post=478531"}],"curies":[{"name":"wp","href":"https:\/\/api.w.org\/{rel}","templated":true}]}}