{"id":47854,"date":"2025-04-24T00:12:09","date_gmt":"2025-04-24T00:12:09","guid":{"rendered":"https:\/\/www.europesays.com\/fr\/47854\/"},"modified":"2025-04-24T00:12:09","modified_gmt":"2025-04-24T00:12:09","slug":"jovic-et-lac-milan-se-qualifient-pour-la-finale-en-ecartant-linter-coupe-ditalie-demies-inter-ac-milan-0-3","status":"publish","type":"post","link":"https:\/\/www.europesays.com\/fr\/47854\/","title":{"rendered":"Jovi\u0107 et l\u2019AC Milan se qualifient pour la finale en \u00e9cartant l\u2019Inter &#8211; Coupe d\u2019Italie &#8211; Demies &#8211; Inter-AC Milan (0-3)"},"content":{"rendered":"<p>\t\t\t\u00a0<img decoding=\"async\" loading=\"lazy\" class=\"blason blason-grand\" src=\"https:\/\/www.europesays.com\/fr\/wp-content\/uploads\/2025\/04\/1744207032_818_grande.jpg\"\/> Inter 0-3 AC Milan <img decoding=\"async\" loading=\"lazy\" class=\"blason blason-grand\" src=\"https:\/\/www.europesays.com\/fr\/wp-content\/uploads\/2025\/04\/1745453529_139_grande.jpg\"\/><\/p>\n<p>Buts : Jovi\u0107 (36e, 50e) et Reijnders (85e)<\/p>\n<p>Apr\u00e8s le score nul au match aller (1-1), le derby milanais a largement tourn\u00e9 en faveur de l\u2019AC Milan ce mercredi soir lors de la rencontre d\u00e9cisive en demi-finales de la Coupe d\u2019Italie (0-3). D\u2019abord malmen\u00e9s, les Rossoneri, port\u00e9s par un g\u00e9nial Luka Jovi\u0107, auteur d\u2019un doubl\u00e9, ont march\u00e9 sur leur adversaire pour se qualifier pour la finale \u00e0 la surprise g\u00e9n\u00e9rale.<\/p>\n<p>Jovi\u0107 h\u00e9ro\u00efque<\/p>\n<p>Les premi\u00e8res minutes de cette rencontre sont largement \u00e0 l\u2019avantage des Nerazzurri. Matteo Darmian est le premier \u00e0 allumer une \u00e9tincelle avec une frappe crois\u00e9e, \u00e0 la suite d\u2019une chevauch\u00e9e de pr\u00e8s de 30 m\u00e8tres, qui passe juste \u00e0 c\u00f4t\u00e9 de la cage de Mike Maignan (9e). Si Federico Dimarco, trouv\u00e9 dans la profondeur par Nicol\u00f2 Barella, voit sa frappe \u00eatre repouss\u00e9e par la barre transversale, Lautaro Mart\u00ednez, pourtant parfaitement servi par une remise de la t\u00eate de Mehdi Taremi, n\u2019arrive pas \u00e0 conclure une action g\u00e9niale (32e). Forc\u00e9ment, le vent tourne, et contre toute attente, c\u2019est l\u2019AC Milan qui ouvre la marque peu de temps avant la fin du premier acte : apr\u00e8s un beau mouvement collectif, Alejandro Jimenez, alert\u00e9 sur le c\u00f4t\u00e9 gauche, offre sur un plateau l\u2019ouverture du score \u00e0 <a target=\"_blank\" href=\"https:\/\/twitter.com\/lequipe\/status\/1915129052848968054\" rel=\"nofollow noopener\">Luka Jovi\u0107, qui trompe Josep Martinez d\u2019un magnifique coup de casque<\/a> <strong>(0-1, 36e)<\/strong>. Les hommes de S\u00e9rgio Concei\u00e7\u00e3o viennent d\u2019ass\u00e9ner un gros coup sur la t\u00eate des Nerazzurri.\u00a0<\/p>\n<p>Maignan, l\u2019infranchissable<\/p>\n<p>La rencontre continue d\u2019\u00e9chapper \u00e0 l\u2019Inter, m\u00e9connaissable, puisqu\u2019\u00e0 la 50e, l\u2019intenable Luka Jovi\u0107 profite d\u2019un centre de Theo Hernandez pour <a target=\"_blank\" href=\"https:\/\/twitter.com\/lequipe\/status\/1915137938251288747\" rel=\"nofollow noopener\">crucifier de nouveau le portier adverse \u00e0 la suite d\u2019un cafouillage<\/a> dans la surface <strong>(0-2, 50e)<\/strong>. Mais les hommes de Simone Inzaghi n\u2019abdiquent pas, et il faut <a target=\"_blank\" href=\"https:\/\/twitter.com\/lequipe\/status\/1915142556024766770\" rel=\"nofollow noopener\">un arr\u00eat magistral de Mike Maignan<\/a> sur une t\u00eate puissante de Stefan de Vrij pour permettre aux Rossoneri\u00a0de conserver une avance confortable (68e). Malgr\u00e9 une pluie de changements, l\u2019Inter, tr\u00e8s loin de son niveau de jeu habituel, n\u2019y arrive pas et rend les armes. En toute fin de rencontre, Tijjani Reijnders ajoute son grain de sel en transper\u00e7ant les filets de Martinez d\u2019une lourde frappe du gauche <strong>(0-3, 85e)<\/strong>. La messe est dite.\u00a0Avec ce succ\u00e8s, les hommes de S\u00e9rgio Concei\u00e7\u00e3o peuvent pour la premi\u00e8re fois depuis 2003 esp\u00e9rer soulever la Coupe d\u2019Italie. Pour cela, il faudra battre soit Bologne, soit Empoli le 14 mai prochain.<\/p>\n<p>\t\t\t\t\t\t\t\t\t\t<a class=\"lien-connexe\" href=\"https:\/\/www.sofoot.com\/articles\/lazza-quand-milan-a-remporte-le-scudetto-il-y-a-trois-ans-jetais-fou\" rel=\"nofollow noopener\" target=\"_blank\">Lazza : \u00ab Quand Milan a remport\u00e9 le Scudetto en 2022, j\u2019\u00e9tais fou !\u202f\u202f\u00bb<\/a>\t\t\t\t\t<script async src=\"https:\/\/platform.twitter.com\/widgets.js\" charset=\"utf-8\"><\/script><\/p>\n","protected":false},"excerpt":{"rendered":"\u00a0 Inter 0-3 AC Milan Buts : Jovi\u0107 (36e, 50e) et Reijnders (85e) Apr\u00e8s le score nul au&hellip;\n","protected":false},"author":2,"featured_media":47855,"comment_status":"","ping_status":"","sticky":false,"template":"","format":"standard","meta":{"footnotes":""},"categories":[9],"tags":[47,61,69,65,64,63,1011,27,68,66,62,70,67,60],"class_list":{"0":"post-47854","1":"post","2":"type-post","3":"status-publish","4":"format-standard","5":"has-post-thumbnail","7":"category-sports","8":"tag-actualite","9":"tag-actus-football","10":"tag-bundesliga","11":"tag-championnats-europeens","12":"tag-equipe-de-france","13":"tag-football","14":"tag-fr","15":"tag-france","16":"tag-ligua","17":"tag-ligue-1","18":"tag-news-foot","19":"tag-premier-league","20":"tag-serie-a","21":"tag-sports"},"share_on_mastodon":{"url":"https:\/\/pubeurope.com\/@fr\/114390050154081848","error":""},"_links":{"self":[{"href":"https:\/\/www.europesays.com\/fr\/wp-json\/wp\/v2\/posts\/47854","targetHints":{"allow":["GET"]}}],"collection":[{"href":"https:\/\/www.europesays.com\/fr\/wp-json\/wp\/v2\/posts"}],"about":[{"href":"https:\/\/www.europesays.com\/fr\/wp-json\/wp\/v2\/types\/post"}],"author":[{"embeddable":true,"href":"https:\/\/www.europesays.com\/fr\/wp-json\/wp\/v2\/users\/2"}],"replies":[{"embeddable":true,"href":"https:\/\/www.europesays.com\/fr\/wp-json\/wp\/v2\/comments?post=47854"}],"version-history":[{"count":0,"href":"https:\/\/www.europesays.com\/fr\/wp-json\/wp\/v2\/posts\/47854\/revisions"}],"wp:featuredmedia":[{"embeddable":true,"href":"https:\/\/www.europesays.com\/fr\/wp-json\/wp\/v2\/media\/47855"}],"wp:attachment":[{"href":"https:\/\/www.europesays.com\/fr\/wp-json\/wp\/v2\/media?parent=47854"}],"wp:term":[{"taxonomy":"category","embeddable":true,"href":"https:\/\/www.europesays.com\/fr\/wp-json\/wp\/v2\/categories?post=47854"},{"taxonomy":"post_tag","embeddable":true,"href":"https:\/\/www.europesays.com\/fr\/wp-json\/wp\/v2\/tags?post=47854"}],"curies":[{"name":"wp","href":"https:\/\/api.w.org\/{rel}","templated":true}]}}