{"id":478549,"date":"2025-10-21T03:38:16","date_gmt":"2025-10-21T03:38:16","guid":{"rendered":"https:\/\/www.europesays.com\/fr\/478549\/"},"modified":"2025-10-21T03:38:16","modified_gmt":"2025-10-21T03:38:16","slug":"tudor-inaugure-sa-premiere-boutique-dediee-a-paris","status":"publish","type":"post","link":"https:\/\/www.europesays.com\/fr\/478549\/","title":{"rendered":"Tudor inaugure sa premi\u00e8re boutique d\u00e9di\u00e9e \u00e0 Paris"},"content":{"rendered":"<p>\u00c0 l&rsquo;aube de son centenaire, la Maison horlog\u00e8re du groupe Rolex d\u00e9voile un premier point de vente d\u00e9di\u00e9 dans la capitale.<\/p>\n<p>Une extension retail de Tudor rive gauche<\/p>\n<p>L&rsquo;horloge Black Bay appos\u00e9e sur la fa\u00e7ade et le logo au bouclier rouge annoncent la couleur : dans le sixi\u00e8me arrondissement, la rue de Rennes peut d\u00e9sormais s&rsquo;enorgueillir d&rsquo;accueillir la toute premi\u00e8re <strong>boutique monomarque de Tudor<\/strong> \u00e0 Paris.<\/p>\n<p>Cette implantation dans le quartier de Saint-Germain-des-Pr\u00e9s vient renforcer la pr\u00e9sence de l&rsquo;horloger rive gauche alors que son r\u00e9seau parisien &#8211; soit une douzaine de d\u00e9taillants &#8211; \u00e9tait jusqu&rsquo;\u00e0 pr\u00e9sent majoritairement concentr\u00e9 au nord de la Seine, notamment dans plusieurs grands magasins.<\/p>\n<p>Black Bay, Pelagos, Tudor Royal\u2026 D\u00e9ploy\u00e9e en partenariat avec l&rsquo;enseigne Lassaussois &#8211; Les Montres Les Bijoux, cette nouvelle boutique met \u00e0 l\u2019honneur les mod\u00e8les embl\u00e9matiques de la griffe fond\u00e9e en 1926.<\/p>\n<p>Strat\u00e9gie d&rsquo;attractivit\u00e9 oblige, <strong>deux exclusivit\u00e9s<\/strong> sont \u00e9galement propos\u00e9es sur place avec la Black Bay Fifty-Eight Bronze Boutique Edition et la Black Bay Chrono Boutique Edition, des mod\u00e8les r\u00e9serv\u00e9s aux boutiques Tudor.<\/p>\n<p><img decoding=\"async\" src=\"https:\/\/www.europesays.com\/fr\/wp-content\/uploads\/2025\/10\/tudor-saint-germain-1_0d9b1caca5e58383bcc55d71acd0eea3.jpg\" alt=\"tudor-boutique-paris-rive-gauche-adresse\" caption=\"true\"\/>\u00a9Tudor<\/p>\n<p>La sc\u00e9nographie c\u00e9l\u00e8bre quant \u00e0 elle les savoir-faire artisanaux de la manufacture, tout comme ses engagements dans des disciplines sportives telles que la plong\u00e9e, la Formule 1 ou encore le cyclisme.<\/p>\n<p>Pour encourager les interactions et renforcer l&rsquo;exp\u00e9rience client, le <strong>concept retail<\/strong> de <a href=\"https:\/\/www.tudorwatch.com\/fr\" target=\"_blank\" rel=\"noopener\">Tudor<\/a> inclut \u00e9galement un salon et un espace bar.<\/p>\n<p><img decoding=\"async\" src=\"https:\/\/www.europesays.com\/fr\/wp-content\/uploads\/2025\/10\/tudor-boutique-paris_11964bd28c88f1695d8ed5a7e84fbd35.jpg\" alt=\"tudor boutique rue de rennes \u00e0 paris nouveaut\u00e9 montres\" caption=\"true\"\/>\u00a9Tudor<\/p>\n<p><strong>Boutique officielle Tudor<\/strong><br \/>56, rue de Rennes 75006 Paris<\/p>\n","protected":false},"excerpt":{"rendered":"\u00c0 l&rsquo;aube de son centenaire, la Maison horlog\u00e8re du groupe Rolex d\u00e9voile un premier point de vente d\u00e9di\u00e9&hellip;\n","protected":false},"author":2,"featured_media":478550,"comment_status":"","ping_status":"","sticky":false,"template":"","format":"standard","meta":{"footnotes":""},"categories":[1888],"tags":[11,1777,674,1011,27,6066,6065,12,626,25,27418,60204],"class_list":{"0":"post-478549","1":"post","2":"type-post","3":"status-publish","4":"format-standard","5":"has-post-thumbnail","7":"category-paris","8":"tag-actualites","9":"tag-eu","10":"tag-europe","11":"tag-fr","12":"tag-france","13":"tag-horlogerie","14":"tag-montres","15":"tag-news","16":"tag-paris","17":"tag-republique-francaise","18":"tag-retail","19":"tag-tudor"},"share_on_mastodon":{"url":"https:\/\/pubeurope.com\/@fr\/115410076059180491","error":""},"_links":{"self":[{"href":"https:\/\/www.europesays.com\/fr\/wp-json\/wp\/v2\/posts\/478549","targetHints":{"allow":["GET"]}}],"collection":[{"href":"https:\/\/www.europesays.com\/fr\/wp-json\/wp\/v2\/posts"}],"about":[{"href":"https:\/\/www.europesays.com\/fr\/wp-json\/wp\/v2\/types\/post"}],"author":[{"embeddable":true,"href":"https:\/\/www.europesays.com\/fr\/wp-json\/wp\/v2\/users\/2"}],"replies":[{"embeddable":true,"href":"https:\/\/www.europesays.com\/fr\/wp-json\/wp\/v2\/comments?post=478549"}],"version-history":[{"count":0,"href":"https:\/\/www.europesays.com\/fr\/wp-json\/wp\/v2\/posts\/478549\/revisions"}],"wp:featuredmedia":[{"embeddable":true,"href":"https:\/\/www.europesays.com\/fr\/wp-json\/wp\/v2\/media\/478550"}],"wp:attachment":[{"href":"https:\/\/www.europesays.com\/fr\/wp-json\/wp\/v2\/media?parent=478549"}],"wp:term":[{"taxonomy":"category","embeddable":true,"href":"https:\/\/www.europesays.com\/fr\/wp-json\/wp\/v2\/categories?post=478549"},{"taxonomy":"post_tag","embeddable":true,"href":"https:\/\/www.europesays.com\/fr\/wp-json\/wp\/v2\/tags?post=478549"}],"curies":[{"name":"wp","href":"https:\/\/api.w.org\/{rel}","templated":true}]}}