{"id":478551,"date":"2025-10-21T03:39:11","date_gmt":"2025-10-21T03:39:11","guid":{"rendered":"https:\/\/www.europesays.com\/fr\/478551\/"},"modified":"2025-10-21T03:39:11","modified_gmt":"2025-10-21T03:39:11","slug":"la-transnistrie-bastion-russe-qui-vacille-vers-la-moldavie","status":"publish","type":"post","link":"https:\/\/www.europesays.com\/fr\/478551\/","title":{"rendered":"La Transnistrie, bastion russe qui vacille vers la Moldavie"},"content":{"rendered":"\n<p>La Transnistrie est une r\u00e9gion de Moldavie occup\u00e9e par la Russie. Ce n\u2019est pas un point de vue politique\u00a0: ce statut est confirm\u00e9 par une d\u00e9cision de la Cour constitutionnelle moldave. En ce sens, l\u2019Ukraine et la Moldavie ont un probl\u00e8me commun. Mais l\u00e0 s\u2019arr\u00eatent les ressemblances. Car une r\u00e9alit\u00e9 suscite la perplexit\u00e9 des Ukrainiens quand on \u00e9voque la Transnistrie. La lib\u00e9ration de la rive gauche du Dniestr n\u2019est pas une priorit\u00e9 pour les citoyens moldaves, par cons\u00e9quent elle n\u2019en est pas une non plus pour les politiciens du pays. <a href=\"https:\/\/www.courrierinternational.com\/article\/legislatives-en-moldavie-la-russie-a-perdu-une-partie-importante_235664\" rel=\"nofollow noopener\" target=\"_blank\">Lors des derni\u00e8res \u00e9lections parlementaires<\/a>, aucun parti n\u2019a promis aux \u00e9lecteurs qu\u2019en cas de victoire, ou de participation au gouvernement, le probl\u00e8me de la Transnistrie serait r\u00e9gl\u00e9, et la Moldavie r\u00e9unifi\u00e9e.<\/p>\n<p>Ce qui ne veut pas dire que ce projet n\u2019est pas envisag\u00e9. En fait, le gouvernement actuel se pr\u00e9pare \u00e0 la r\u00e9unification. Toutefois, il s\u2019abstient de toute d\u00e9claration publique en ce sens, pour deux raisons. D\u2019une part, l\u2019absence de demande de la soci\u00e9t\u00e9 en faveur de la r\u00e9int\u00e9gration. Sachant que la soci\u00e9t\u00e9 ne la r\u00e9clame pas, les politiciens \u00e9vitent d\u2019aborder ce sujet potentiellement complexe. D\u2019autre part, nul ne sait clairement ce qu\u2019il faudrait alors faire des occupants russes. Or ce probl\u00e8me n\u2019est pas insoluble. D\u2019autant qu\u2019ils ne sont g<\/p>\n<p>                                      <strong class=\"paywall-title\">Cet article est r\u00e9serv\u00e9 aux\u00a0abonn\u00e9s.<\/strong>   <\/p>\n<p class=\"paywall-text\">Lisez la\u00a0suite et\u00a0acc\u00e9dez \u00e0\u00a0une s\u00e9lection unique d\u2019articles traduits de\u00a0la\u00a0presse \u00e9trang\u00e8re.<\/p>\n<p class=\"article-authors\">                         <a href=\"https:\/\/www.courrierinternational.com\/auteur\/serhiy-sydorenko\" rel=\"nofollow noopener\" target=\"_blank\">Serhiy Sydorenko<\/a>    <\/p>\n<p class=\"article-vo\"><a href=\"https:\/\/www.eurointegration.com.ua\/articles\/2025\/10\/8\/7221983\/\" rel=\"noopener nofollow\" target=\"_blank\">Lire l\u2019article original<\/a><\/p>\n<p>Nos lecteurs ont lu\u00a0aussi<\/p>\n<p>Source de l\u2019article<\/p>\n<p>   <img decoding=\"async\" class=\"source-logo\" src=\"https:\/\/www.europesays.com\/fr\/wp-content\/uploads\/2025\/10\/c64b479_1643653599664-oukrainska-pravda.jpg\"  alt=\"Logo\" loading=\"lazy\" width=\"32\" height=\"32\"\/>  Oukra\u00efnska Pravda  (Kiev)       <\/p>\n<p>Le journal en ligne \u201cV\u00e9rit\u00e9 ukrainienne\u201d, a \u00e9t\u00e9 cr\u00e9\u00e9 en 2000 par le journaliste Gu\u00e9orgui Gongadz\u00e9, assassin\u00e9 au cours de la m\u00eame ann\u00e9e alors qu\u2019il enqu\u00eatait sur la corruption au sein du pouvoir. Le titre, qui traite de sujets exclusivement nationaux, a n\u00e9anmoins su pr\u00e9server son impartialit\u00e9 et son\u00a0ind\u00e9pendance.<\/p>\n<p>      <a href=\"https:\/\/www.courrierinternational.com\/notule-source\/oukrainska-pravda\" class=\"source-link\" rel=\"nofollow noopener\" target=\"_blank\">Lire la suite<\/a>                 <\/p>\n<p>Nos services<\/p>\n","protected":false},"excerpt":{"rendered":"La Transnistrie est une r\u00e9gion de Moldavie occup\u00e9e par la Russie. Ce n\u2019est pas un point de vue&hellip;\n","protected":false},"author":2,"featured_media":478552,"comment_status":"","ping_status":"","sticky":false,"template":"","format":"standard","meta":{"footnotes":""},"categories":[1591],"tags":[11,674,1887,843,1892,11095,12,1885,1886,132,60205,8904,2475],"class_list":{"0":"post-478551","1":"post","2":"type-post","3":"status-publish","4":"format-standard","5":"has-post-thumbnail","7":"category-russie","8":"tag-actualites","9":"tag-europe","10":"tag-federation-de-russie","11":"tag-gaz","12":"tag-gu00e9opolitique","13":"tag-moldavie","14":"tag-news","15":"tag-russia","16":"tag-russian-federation","17":"tag-russie","18":"tag-transnistrie","19":"tag-u00e9nergie","20":"tag-union-europu00e9enne"},"share_on_mastodon":{"url":"https:\/\/pubeurope.com\/@fr\/115410079904747248","error":""},"_links":{"self":[{"href":"https:\/\/www.europesays.com\/fr\/wp-json\/wp\/v2\/posts\/478551","targetHints":{"allow":["GET"]}}],"collection":[{"href":"https:\/\/www.europesays.com\/fr\/wp-json\/wp\/v2\/posts"}],"about":[{"href":"https:\/\/www.europesays.com\/fr\/wp-json\/wp\/v2\/types\/post"}],"author":[{"embeddable":true,"href":"https:\/\/www.europesays.com\/fr\/wp-json\/wp\/v2\/users\/2"}],"replies":[{"embeddable":true,"href":"https:\/\/www.europesays.com\/fr\/wp-json\/wp\/v2\/comments?post=478551"}],"version-history":[{"count":0,"href":"https:\/\/www.europesays.com\/fr\/wp-json\/wp\/v2\/posts\/478551\/revisions"}],"wp:featuredmedia":[{"embeddable":true,"href":"https:\/\/www.europesays.com\/fr\/wp-json\/wp\/v2\/media\/478552"}],"wp:attachment":[{"href":"https:\/\/www.europesays.com\/fr\/wp-json\/wp\/v2\/media?parent=478551"}],"wp:term":[{"taxonomy":"category","embeddable":true,"href":"https:\/\/www.europesays.com\/fr\/wp-json\/wp\/v2\/categories?post=478551"},{"taxonomy":"post_tag","embeddable":true,"href":"https:\/\/www.europesays.com\/fr\/wp-json\/wp\/v2\/tags?post=478551"}],"curies":[{"name":"wp","href":"https:\/\/api.w.org\/{rel}","templated":true}]}}