{"id":478559,"date":"2025-10-21T03:44:20","date_gmt":"2025-10-21T03:44:20","guid":{"rendered":"https:\/\/www.europesays.com\/fr\/478559\/"},"modified":"2025-10-21T03:44:20","modified_gmt":"2025-10-21T03:44:20","slug":"les-bleues-lancent-leur-campagne-face-a-lallemagne","status":"publish","type":"post","link":"https:\/\/www.europesays.com\/fr\/478559\/","title":{"rendered":"les Bleues lancent leur campagne face \u00e0 l\u2019Allemagne"},"content":{"rendered":"<p>Publi\u00e9 le 20 octobre 2025 \u00e0 21:09<\/p>\n<p>                                                                                    L\u2019\u00e9quipe de France f\u00e9minine a entam\u00e9 son rassemblement \u00e0 Clairefontaine en vue des demi-finales de la Ligue des Nations de l\u2019UEFA. Apr\u00e8s la publication de la liste des 26 joueuses retenues, les Bleues ont rejoint le centre national avec assurance et \u00e9l\u00e9gance, pr\u00eates \u00e0 relever un nouveau d\u00e9fi. Une sorte de rentr\u00e9e pour\u00a0 l\u2019Equipe de France F\u00e9minine.<\/p>\n<p>Le groupe tricolore se pr\u00e9pare \u00e0 affronter l\u2019Allemagne dans une double confrontation d\u00e9cisive. Le match aller se tiendra le vendredi 24 octobre \u00e0 D\u00fcsseldorf, avec un coup d\u2019envoi pr\u00e9vu \u00e0 17h45 (diffus\u00e9 sur France 4). La manche retour aura lieu le mardi 28 octobre au stade Michel-d\u2019Ornano de Caen, dans le Calvados.<\/p>\n<p>Ce face-\u00e0-face promet une belle intensit\u00e9 entre deux nations majeures du football europ\u00e9en. Les Bleues esp\u00e8rent s\u2019appuyer sur leur dynamique collective et l\u2019exp\u00e9rience acquise pour d\u00e9crocher une place en finale.<\/p>\n<p style=\"text-align:justify\">\u00a0<\/p>\n<p style=\"text-align:right\">Agb\u00e9m\u00e9gno DAGBOVI<\/p>\n<p style=\"text-align:right\"><strong>Cr\u00e9dit Photo : <\/strong><strong>Equipe de France F\u00e9minine<\/strong><\/p>\n<p>                                (function(d, s, id) {<br \/>\n            var js, fjs = d.getElementsByTagName(s)[0];<br \/>\n            if (d.getElementById(id)) return;<br \/>\n            js = d.createElement(s); js.id = id;<br \/>\n            js.src = \u00ab\u00a0\/\/connect.facebook.net\/fr_FR\/sdk.js#xfbml=1&#038;version=v2.8\u00a0\u00bb;<br \/>\n            fjs.parentNode.insertBefore(js, fjs);<br \/>\n        }(document, &lsquo;script&rsquo;, &lsquo;facebook-jssdk&rsquo;));<\/p>\n","protected":false},"excerpt":{"rendered":"Publi\u00e9 le 20 octobre 2025 \u00e0 21:09 L\u2019\u00e9quipe de France f\u00e9minine a entam\u00e9 son rassemblement \u00e0 Clairefontaine en&hellip;\n","protected":false},"author":2,"featured_media":478560,"comment_status":"","ping_status":"","sticky":false,"template":"","format":"standard","meta":{"footnotes":""},"categories":[1587],"tags":[11,672,12437,1804,1805,1803,1777,674,1295,63,27,1801,23733,12,1802],"class_list":{"0":"post-478559","1":"post","2":"type-post","3":"status-publish","4":"format-standard","5":"has-post-thumbnail","7":"category-allemagne","8":"tag-actualites","9":"tag-allemagne","10":"tag-bleues","11":"tag-bundesrepublik-deutschland","12":"tag-de","13":"tag-deutschland","14":"tag-eu","15":"tag-europe","16":"tag-feminin","17":"tag-football","18":"tag-france","19":"tag-germany","20":"tag-ligue-des-nations","21":"tag-news","22":"tag-republique-federale-dallemagne"},"share_on_mastodon":{"url":"https:\/\/pubeurope.com\/@fr\/115410099696245733","error":""},"_links":{"self":[{"href":"https:\/\/www.europesays.com\/fr\/wp-json\/wp\/v2\/posts\/478559","targetHints":{"allow":["GET"]}}],"collection":[{"href":"https:\/\/www.europesays.com\/fr\/wp-json\/wp\/v2\/posts"}],"about":[{"href":"https:\/\/www.europesays.com\/fr\/wp-json\/wp\/v2\/types\/post"}],"author":[{"embeddable":true,"href":"https:\/\/www.europesays.com\/fr\/wp-json\/wp\/v2\/users\/2"}],"replies":[{"embeddable":true,"href":"https:\/\/www.europesays.com\/fr\/wp-json\/wp\/v2\/comments?post=478559"}],"version-history":[{"count":0,"href":"https:\/\/www.europesays.com\/fr\/wp-json\/wp\/v2\/posts\/478559\/revisions"}],"wp:featuredmedia":[{"embeddable":true,"href":"https:\/\/www.europesays.com\/fr\/wp-json\/wp\/v2\/media\/478560"}],"wp:attachment":[{"href":"https:\/\/www.europesays.com\/fr\/wp-json\/wp\/v2\/media?parent=478559"}],"wp:term":[{"taxonomy":"category","embeddable":true,"href":"https:\/\/www.europesays.com\/fr\/wp-json\/wp\/v2\/categories?post=478559"},{"taxonomy":"post_tag","embeddable":true,"href":"https:\/\/www.europesays.com\/fr\/wp-json\/wp\/v2\/tags?post=478559"}],"curies":[{"name":"wp","href":"https:\/\/api.w.org\/{rel}","templated":true}]}}