{"id":478563,"date":"2025-10-21T03:47:25","date_gmt":"2025-10-21T03:47:25","guid":{"rendered":"https:\/\/www.europesays.com\/fr\/478563\/"},"modified":"2025-10-21T03:47:25","modified_gmt":"2025-10-21T03:47:25","slug":"podcast-relations-suisse-union-europeenne-choc-frontal","status":"publish","type":"post","link":"https:\/\/www.europesays.com\/fr\/478563\/","title":{"rendered":"Podcast \u2013 Relations Suisse-Union europ\u00e9enne: choc frontal"},"content":{"rendered":"<p>Un \u00abclasico\u00bb de la politique suisse dans cet \u00e9pisode: les relations Suisse-Union europ\u00e9enne (UE). Il y a comme un climat d\u2019Espace \u00e9conomique europ\u00e9en, un d\u00e9bat aussi factuel qu\u2019\u00e9motionnel. On assiste m\u00eame \u00e0 des duels entre anciens conseillers f\u00e9d\u00e9raux lib\u00e9raux-radicaux (PLR): Johann Schneider-Amman, oppos\u00e9 au paquet, Pascal Couchepin, favorable.<\/p>\n<p>Le PLR s\u2019est d\u2019ailleurs r\u00e9uni samedi 18\u00a0octobre pour poser la base de sa r\u00e9ponse \u00e0 la consultation f\u00e9d\u00e9rale. Il a approuv\u00e9 le paquet d\u2019accords Berne-Bruxelles et soutenu un vote \u00e0 la majorit\u00e9 simple du peuple, comme propos\u00e9 par le Conseil f\u00e9d\u00e9ral, et pas \u00e0 la double majorit\u00e9 peuple-cantons comme souhait\u00e9 par certains dans le parti. Les tensions au sein du PLR restent tr\u00e8s fortes. De son c\u00f4t\u00e9, l\u2019Union suisse des arts et m\u00e9tiers (USAM), acteur \u00e9conomique important, prendra position \u00e0 la fin du mois, mais son comit\u00e9 directeur s\u2019est d\u00e9j\u00e0 montr\u00e9 \u00abcritique\u00bb sur les nouveaux accords et a soutenu la double majorit\u00e9. Une prudence qui peut surprendre de la part d\u2019une organisation \u00e9conomique.<\/p>\n<p>La consultation publique se terminera fin octobre et le Conseil f\u00e9d\u00e9ral pr\u00e9sentera ses conclusions d\u00e9but 2026, puis le parlement f\u00e9d\u00e9ral commencera ses travaux au printemps prochain. Quant au vote populaire, il pourrait avoir lieu en juin de l\u2019ann\u00e9e \u00e9lectorale 2027 ou apr\u00e8s les \u00e9lections f\u00e9d\u00e9rales. C\u2019est une des nombreuses pommes de discorde dans ce dossier.<\/p>\n<p>C\u00e9line Amaudruz: \u00abJ\u2019ai envie de rappeler que l\u2019Union europ\u00e9enne n\u2019est pas plus tendre avec nous que Trump!\u00bb<\/p>\n<p>Pour planter le d\u00e9cor, quoi de plus logique qu\u2019un face-\u00e0-face entre le Mouvement europ\u00e9en suisse et l\u2019Union d\u00e9mocratique du centre (UDC)? C\u2019est le casting choisi par Sous la Coupole. Vincent Maitre, vice-pr\u00e9sident du Mouvement europ\u00e9en suisse et du Centre, face \u00e0 C\u00e9line Amaudruz, vice-pr\u00e9sidente de l\u2019UDC. Deux conseillers nationaux genevois irr\u00e9conciliables sur ce dossier.<\/p>\n<p>  <a class=\"glightbox\" href=\"https:\/\/www.letemps.ch\/placeholder.png\" data-type=\"image\" data-description=\"Enregistrement du podcast \u00abSous la Coupole\u00bb avec comme invit\u00e9s: C\u00e9line Amaudruz et Vincent Ma\u00eetre, interview\u00e9s par Romaine Morard et Romain Clivaz, r\u00e9daction du Temps, le 16 octobre 2025 \u2014 \u00a9 David Wagni\u00e8res pour Le Temps\" data- target=\"_blank\" rel=\"noopener\"><\/p>\n<p>      <img decoding=\"async\" class=\"lazy\" title=\"Enregistrement du podcast \u00abSous la Coupole\u00bb avec comme invit\u00e9s: C\u00e9line Amaudruz et Vincent Ma\u00eetre, interview\u00e9s par Romaine Morard et Romain Clivaz, r\u00e9daction du Temps, le 16 octobre 2025 \u2014 \u00a9 David Wagni\u00e8res pour Le Temps\" alt=\"Enregistrement du podcast \u00abSous la Coupole\u00bb avec comme invit\u00e9s: C\u00e9line Amaudruz et Vincent Ma\u00eetre, interview\u00e9s par Romaine Morard et Romain Clivaz, r\u00e9daction du Temps, le 16 octobre 2025 \u2014 \u00a9 David Wagni\u00e8res pour Le Temps\" src=\"https:\/\/www.europesays.com\/fr\/wp-content\/uploads\/2025\/10\/1761018442_591_large.jpeg\"\/><\/p>\n<p>  <\/a><br \/>\n  Enregistrement du podcast \u00abSous la Coupole\u00bb avec comme invit\u00e9s: C\u00e9line Amaudruz et Vincent Ma\u00eetre, interview\u00e9s par Romaine Morard et Romain Clivaz, r\u00e9daction du Temps, le 16 octobre 2025 \u2014 \u00a9 David Wagni\u00e8res pour Le Temps<\/p>\n<p>De quoi parle-t-on? En tr\u00e8s r\u00e9sum\u00e9, il s\u2019agit de l\u2019adaptation des accords d\u2019acc\u00e8s au march\u00e9 europ\u00e9en du premier paquet d\u2019accords bilat\u00e9raux, de la participation \u00e0 des programmes UE comme la recherche, d\u2019une hausse de la contribution financi\u00e8re pour la coh\u00e9sion de l\u2019UE et de trois nouveaux accords: \u00e9lectricit\u00e9, s\u00e9curit\u00e9 alimentaire, sant\u00e9.<\/p>\n<p>Dans ce choc frontal, aucune concession et m\u00eame pas d\u2019entente sur le nom de l\u2019objet entre nos deux intervenants, entre paquet Suisse-UE, bilat\u00e9rales III ou accord de soumission. Et que faire face \u00e0 la punition tarifaire am\u00e9ricaine inattendue de cet \u00e9t\u00e9? Privil\u00e9gier Bruxelles face \u00e0 Washington? \u00abIl y a une erreur \u00e0 ne pas commettre, c\u2019est de se laisser enfermer dans cette dualit\u00e9\u00bb, estime C\u00e9line Amaudruz, \u00ab\u00e7a doit \u00eatre les deux, et encore d\u2019autres pays. Aujourd\u2019hui, l\u2019important, c\u2019est la diversification. On pourrait comparer la Suisse \u00e0 une petite PME, et on sait que l\u2019important, c\u2019est d\u2019avoir plut\u00f4t 10 clients \u00e0 10% que 1 \u00e0 60% et le reste. Aujourd\u2019hui, on a tous envie de dire que Trump est le m\u00e9chant. C\u2019est clair que c\u2019est peu aimable ce qu\u2019il a fait. Mais j\u2019ai envie de rappeler que l\u2019Union europ\u00e9enne n\u2019est pas plus tendre avec nous! Lui, il parle de 39%, donc, c\u2019est clair, c\u2019est une taxe douani\u00e8re. L\u2019Union europ\u00e9enne nous dit \u00absi vous ne reprenez pas de mani\u00e8re dynamique, pour ne pas dire automatique, le droit, alors on vous sanctionne et vous payez\u00bb. Donc, \u00e0 la fin, on doit payer des deux c\u00f4t\u00e9s.\u00bb<\/p>\n<p>Vincent Maitre: \u00abC\u2019est nous qui demandons \u00e0 aller jouer la Champions League\u00bb<\/p>\n<p>Vincent Maitre d\u00e9sapprouve et tient \u00e0 \u00abrappeler l\u2019enjeu majeur\u00bb puisqu\u2019il \u00abs\u2019agit tout simplement de faire perdurer des contrats, parce que les accords bilat\u00e9raux, ce sont des contrats sectoriels, qui ont fait la prosp\u00e9rit\u00e9 de la Suisse\u2026 Ces contrats, si on ne les renouvelle pas, arrivent \u00e0 \u00e9ch\u00e9ance les uns apr\u00e8s les autres\u2026 On revient un peu \u00e0 l\u2019\u00e2ge de pierre \u00e9conomique suisse.\u00bb<\/p>\n<p>  <a class=\"glightbox\" href=\"https:\/\/www.letemps.ch\/placeholder.png\" data-type=\"image\" data-description=\"Enregistrement du podcast \u00abSous la Coupole\u00bb avec comme invit\u00e9s: C\u00e9line Amaudruz et Vincent Ma\u00eetre, interview\u00e9s par Romaine Morard et Romain Clivaz, r\u00e9daction du Temps, le 16 octobre 2025 \u2014 \u00a9 David Wagni\u00e8res pour Le Temps\" data- target=\"_blank\" rel=\"noopener\"><\/p>\n<p>      <img decoding=\"async\" class=\"lazy\" title=\"Enregistrement du podcast \u00abSous la Coupole\u00bb avec comme invit\u00e9s: C\u00e9line Amaudruz et Vincent Ma\u00eetre, interview\u00e9s par Romaine Morard et Romain Clivaz, r\u00e9daction du Temps, le 16 octobre 2025 \u2014 \u00a9 David Wagni\u00e8res pour Le Temps\" alt=\"Enregistrement du podcast \u00abSous la Coupole\u00bb avec comme invit\u00e9s: C\u00e9line Amaudruz et Vincent Ma\u00eetre, interview\u00e9s par Romaine Morard et Romain Clivaz, r\u00e9daction du Temps, le 16 octobre 2025 \u2014 \u00a9 David Wagni\u00e8res pour Le Temps\" src=\"https:\/\/www.europesays.com\/fr\/wp-content\/uploads\/2025\/10\/1761018445_183_large.jpeg\"\/><\/p>\n<p>  <\/a><br \/>\n  Enregistrement du podcast \u00abSous la Coupole\u00bb avec comme invit\u00e9s: C\u00e9line Amaudruz et Vincent Ma\u00eetre, interview\u00e9s par Romaine Morard et Romain Clivaz, r\u00e9daction du Temps, le 16 octobre 2025 \u2014 \u00a9 David Wagni\u00e8res pour Le Temps<\/p>\n<p>La reprise du droit europ\u00e9en et le r\u00e8glement des d\u00e9saccords Suisse-UE divisent aussi. Pour C\u00e9line Amaudruz, \u00able juridique prendra le pas sur le politique\u00bb avec les m\u00e9canismes n\u00e9goci\u00e9s, alors que, pour Vincent Maitre, l\u2019Union europ\u00e9enne ne nous imposera pas son droit: \u00abQuand vous \u00eates membre d\u2019une \u00e9quipe de foot et que votre \u00e9quipe participe \u00e0 un championnat, il faut quand m\u00eame \u00eatre d\u2019accord sur les r\u00e8gles de base, \u00e0 savoir qu\u2019il y a un arbitre, un terrain de jeu qui fait telle ou telle dimension,\u00a0etc.\u00bb M\u00eame si une des \u00e9quipes peut changer les r\u00e8gles du jeu? \u00abC\u2019est nous qui demandons \u00e0 aller jouer la Champions League. La moindre des choses, c\u2019est de dire qu\u2019on est d\u2019accord de jouer sur un terrain rectangulaire si possible avec de l\u2019herbe et qu\u2019un arbitre siffle des fautes quand il y en a. C\u2019est aussi simple que \u00e7a.\u00bb<\/p>\n<p>Un \u00e9change sous forme d\u2019amuse-bouche \u00e9pic\u00e9 d\u2019un d\u00e9bat aussi \u00e9conomique que juridique et identitaire<\/p>\n<p>Pas d\u2019entente non plus sur le r\u00f4le d\u2019interpr\u00e9tation des d\u00e9saccords par la Cour de justice de l\u2019Union europ\u00e9enne de Luxembourg et opposition fondamentale sur la clause de sauvegarde, ce fameux frein migratoire obtenu de haute lutte selon nombre de diplomates suisses et le conseiller f\u00e9d\u00e9ral Ignazio Cassis. Vincent Maitre salue un instrument cibl\u00e9 et sur mesure, qui tient compte des r\u00e9alit\u00e9s sectorielles et cantonales: \u00abCe n\u2019est pas un couperet qui tombe et puis fini, termin\u00e9, on bloque les fronti\u00e8res\u2026\u00bb Mais C\u00e9line Amaudruz ne fait pas confiance au parlement et \u00e0 l\u2019administration, qui devraient \u00e9laborer les d\u00e9tails du m\u00e9canisme: \u00abOn nous brandit cette clause de sauvegarde comme un troph\u00e9e\u2026 La clause de sauvegarde, elle y est d\u00e9j\u00e0, dans la Constitution. C\u2019est l\u2019initiative du 9\u00a0f\u00e9vrier 2014 [\u00abContre l\u2019immigration de masse\u00bb]. On a bien vu ce que le parlement en a fait. Rien du tout!\u00bb<\/p>\n<p>Un \u00e9change vif, souvent frontal. Un amuse-bouche \u00e9pic\u00e9 d\u2019un d\u00e9bat aussi \u00e9conomique que juridique et identitaire et qui s\u2019annonce houleux au parlement f\u00e9d\u00e9ral et dans les urnes. Bonne \u00e9coute!<\/p>\n<p><strong>\u25baTous les \u00e9pisodes de notre podcast \u00abSous la Coupole\u00bb sont \u00e0 retrouver <a href=\"https:\/\/www.letemps.ch\/podcasts\/sous-la-coupole\" rel=\"nofollow noopener\" target=\"_blank\">ici<\/a>.<\/strong><\/p>\n","protected":false},"excerpt":{"rendered":"Un \u00abclasico\u00bb de la politique suisse dans cet \u00e9pisode: les relations Suisse-Union europ\u00e9enne (UE). Il y a comme&hellip;\n","protected":false},"author":2,"featured_media":478564,"comment_status":"","ping_status":"","sticky":false,"template":"","format":"standard","meta":{"footnotes":""},"categories":[1586],"tags":[11,6702,1777,674,1779,1011,27,4438,27801,12,25,2582,30924,1778,364],"class_list":{"0":"post-478563","1":"post","2":"type-post","3":"status-publish","4":"format-standard","5":"has-post-thumbnail","7":"category-europe","8":"tag-actualites","9":"tag-conseil-federal","10":"tag-eu","11":"tag-europe","12":"tag-european-union","13":"tag-fr","14":"tag-france","15":"tag-free","16":"tag-le-centre","17":"tag-news","18":"tag-republique-francaise","19":"tag-suisse-ue","20":"tag-udc","21":"tag-ue","22":"tag-union-europeenne"},"share_on_mastodon":{"url":"https:\/\/pubeurope.com\/@fr\/115410113171384464","error":""},"_links":{"self":[{"href":"https:\/\/www.europesays.com\/fr\/wp-json\/wp\/v2\/posts\/478563","targetHints":{"allow":["GET"]}}],"collection":[{"href":"https:\/\/www.europesays.com\/fr\/wp-json\/wp\/v2\/posts"}],"about":[{"href":"https:\/\/www.europesays.com\/fr\/wp-json\/wp\/v2\/types\/post"}],"author":[{"embeddable":true,"href":"https:\/\/www.europesays.com\/fr\/wp-json\/wp\/v2\/users\/2"}],"replies":[{"embeddable":true,"href":"https:\/\/www.europesays.com\/fr\/wp-json\/wp\/v2\/comments?post=478563"}],"version-history":[{"count":0,"href":"https:\/\/www.europesays.com\/fr\/wp-json\/wp\/v2\/posts\/478563\/revisions"}],"wp:featuredmedia":[{"embeddable":true,"href":"https:\/\/www.europesays.com\/fr\/wp-json\/wp\/v2\/media\/478564"}],"wp:attachment":[{"href":"https:\/\/www.europesays.com\/fr\/wp-json\/wp\/v2\/media?parent=478563"}],"wp:term":[{"taxonomy":"category","embeddable":true,"href":"https:\/\/www.europesays.com\/fr\/wp-json\/wp\/v2\/categories?post=478563"},{"taxonomy":"post_tag","embeddable":true,"href":"https:\/\/www.europesays.com\/fr\/wp-json\/wp\/v2\/tags?post=478563"}],"curies":[{"name":"wp","href":"https:\/\/api.w.org\/{rel}","templated":true}]}}