{"id":478574,"date":"2025-10-21T04:01:12","date_gmt":"2025-10-21T04:01:12","guid":{"rendered":"https:\/\/www.europesays.com\/fr\/478574\/"},"modified":"2025-10-21T04:01:12","modified_gmt":"2025-10-21T04:01:12","slug":"gp-daustralie-le-week-end-de-lequipe-tech3","status":"publish","type":"post","link":"https:\/\/www.europesays.com\/fr\/478574\/","title":{"rendered":"GP d&rsquo;Australie, le week-end de l&rsquo;\u00e9quipe Tech3"},"content":{"rendered":"<p style=\"text-align: justify;\"><b>Pol Espargar\u00f3 a remplac\u00e9 Maverick Vi\u00f1ales pour la manche australienne. Le pilote espagnol a marqu\u00e9 des points sur les deux courses du week-end, tandis qu&rsquo;Enea Bastianini a fini dans les dix premiers du Grand Prix.<\/b><\/p>\n<p>Les qualifications de l&rsquo;\u00e9quipe Tech3 en Australie<\/p>\n<p style=\"text-align: justify;\">Les deux pilotes Tech3 ont connu une fortune diverse en Practice. Pol Espargar\u00f3 s&rsquo;est class\u00e9 dans les dix premiers alors qu&rsquo;Enea Bastianini a fini en 20e position. Le pilote italien a fini \u00e0 la 10e place de <a href=\"https:\/\/franceracing.fr\/moto-gp\/gp-daustralie-2025-qualifs-fabio-quartararo-dans-la-derniere-seconde\/\" target=\"_blank\" rel=\"noopener\">la Q1<\/a> tandis que Pol Espargar\u00f3 s&rsquo;est hiss\u00e9 en 8e position de <a href=\"https:\/\/franceracing.fr\/moto-gp\/gp-daustralie-2025-qualifs-fabio-quartararo-dans-la-derniere-seconde\/\" target=\"_blank\" rel=\"noopener\">la Q2<\/a>.<\/p>\n<p>Les courses de l&rsquo;\u00e9quipe Tech3 en Australie<br \/>\n<a href=\"https:\/\/franceracing.fr\/moto-gp\/gp-daustralie-2025-sprint-marco-bezzecchi-gagne\/\" target=\"_blank\" rel=\"noopener\">Sprint<\/a><\/p>\n<p style=\"text-align: justify;\">Pol Espargar\u00f3 a gagn\u00e9 une place au d\u00e9part, avant de la perdre 4 tours plus tard suite au d\u00e9passement de Fabio Di Giannantonio. Au 11e tour, il a \u00e9t\u00e9 d\u00e9pass\u00e9 par les deux pilotes Honda avant de reprendre une position sur Joan Mir. Il termine \u00e0 la 9e place de la Sprint. Enea Bastianini a r\u00e9alis\u00e9 un bon d\u00e9part, en remontant en 15e position. Le pilote italien a continu\u00e9 sa remont\u00e9e pour finir derri\u00e8re son co\u00e9quipier.<\/p>\n<blockquote>\n<p style=\"text-align: justify;\">\u00ab\u00a0C&rsquo;est un r\u00e9el plaisir d&rsquo;avoir Pol Espargar\u00f3 avec nous ce week-end. Il profite pleinement de son temps, toujours avec le sourire, ce qui fait plaisir \u00e0 toute l&rsquo;\u00e9quipe ! Il a marqu\u00e9 un point en Sprint, une belle performance qui r\u00e9compense le travail acharn\u00e9 de sa saison jusqu&rsquo;\u00e0 pr\u00e9sent, et nous tenons \u00e0 l&rsquo;en remercier. Il a fait un excellent travail vendredi pour atteindre le top 10, ce qui n&rsquo;est pas une mince affaire, et il a r\u00e9alis\u00e9 un excellent travail en qualifications avec un d\u00e9part en troisi\u00e8me ligne. Enea Bastianini a beaucoup souffert ici depuis le d\u00e9but du week-end, avec une qualification d\u00e9cevante qui nous laissait penser que le sprint allait \u00eatre difficile. Cependant, Enea a r\u00e9ussi \u00e0 trouver un bon rythme, il a m\u00eame roul\u00e9 plus vite que son temps de qualification, pour signer un solide top 10. Il y a beaucoup \u00e0 apprendre d&rsquo;aujourd&rsquo;hui, car nous abordons la course principale de demain avec de bons espoirs\u00a0\u00bb, d\u00e9clarait Nicolas Goyon.<\/p>\n<\/blockquote>\n<p><a href=\"https:\/\/franceracing.fr\/moto-gp\/gp-daustralie-2025-course-raul-fernandez-vainqueur-de-grand-prix-motogp\/\" target=\"_blank\" rel=\"noopener\">Grand Prix<\/a><\/p>\n<p style=\"text-align: justify;\">Pol Espargar\u00f3 a rapidement gagn\u00e9 une position avant de se faire d\u00e9passer par Luca Marini. Mais le pilote espagnol a continu\u00e9 \u00e0 r\u00e9gresser au classement, passant le drapeau \u00e0 damier en 10e position. De son c\u00f4t\u00e9, Enea Bastianini, parti depuis la 20e position, est remont\u00e9 dans le top 10 \u00e0 la mi-course. Le pilote italien a gagn\u00e9 une place avec l&rsquo;erreur de Ferm\u00edn Aldeguer, finissant juste devant son co\u00e9quipier.<\/p>\n<blockquote>\n<p style=\"text-align: justify;\">\u00ab\u00a0Au final, nous terminons ce week-end \u00e0 Phillip Island sur une note positive ! Avoir nos deux pilotes dans le top 10 \u00e9tait difficile \u00e0 pr\u00e9voir au vu des positions sur la grille, alors f\u00e9licitations \u00e0 Enea Bastianini pour son week-end ! Nous peinons encore en qualifications, ce qui nous complique la t\u00e2che lorsque nous partons de la 20e place, mais il a r\u00e9ussi \u00e0 remonter jusqu&rsquo;\u00e0 la 10e place au sprint hier, puis jusqu&rsquo;\u00e0 la 9e place aujourd&rsquo;hui ! Bravo \u00e0 lui, mais nous devons vraiment nous concentrer sur nos progr\u00e8s en qualifications ; nous pensons qu&rsquo;il y a encore une marge de progression. Avant Sepang, Enea aura d\u00e9j\u00e0 des r\u00e9f\u00e9rences gr\u00e2ce aux essais, nous esp\u00e9rons donc que cela l&rsquo;aidera \u00e0 \u00eatre comp\u00e9titif d\u00e8s le premier jour. Je tiens encore une fois \u00e0 f\u00e9liciter Pol Espargar\u00f3, il a termin\u00e9 toutes ses courses avec nous dans le top 10 cette saison, et c&rsquo;est un immense exploit pour un rempla\u00e7ant ! Pol fait un travail fantastique\u00a0\u00bb, concluait Nicolas Goyon.<\/p>\n<\/blockquote>\n","protected":false},"excerpt":{"rendered":"Pol Espargar\u00f3 a remplac\u00e9 Maverick Vi\u00f1ales pour la manche australienne. Le pilote espagnol a marqu\u00e9 des points sur&hellip;\n","protected":false},"author":2,"featured_media":478575,"comment_status":"","ping_status":"","sticky":false,"template":"","format":"standard","meta":{"footnotes":""},"categories":[1413],"tags":[1011,27,1457,1456,60],"class_list":{"0":"post-478574","1":"post","2":"type-post","3":"status-publish","4":"format-standard","5":"has-post-thumbnail","7":"category-moto","8":"tag-fr","9":"tag-france","10":"tag-moto","11":"tag-motocycle","12":"tag-sports"},"share_on_mastodon":{"url":"https:\/\/pubeurope.com\/@fr\/115410166342496321","error":""},"_links":{"self":[{"href":"https:\/\/www.europesays.com\/fr\/wp-json\/wp\/v2\/posts\/478574","targetHints":{"allow":["GET"]}}],"collection":[{"href":"https:\/\/www.europesays.com\/fr\/wp-json\/wp\/v2\/posts"}],"about":[{"href":"https:\/\/www.europesays.com\/fr\/wp-json\/wp\/v2\/types\/post"}],"author":[{"embeddable":true,"href":"https:\/\/www.europesays.com\/fr\/wp-json\/wp\/v2\/users\/2"}],"replies":[{"embeddable":true,"href":"https:\/\/www.europesays.com\/fr\/wp-json\/wp\/v2\/comments?post=478574"}],"version-history":[{"count":0,"href":"https:\/\/www.europesays.com\/fr\/wp-json\/wp\/v2\/posts\/478574\/revisions"}],"wp:featuredmedia":[{"embeddable":true,"href":"https:\/\/www.europesays.com\/fr\/wp-json\/wp\/v2\/media\/478575"}],"wp:attachment":[{"href":"https:\/\/www.europesays.com\/fr\/wp-json\/wp\/v2\/media?parent=478574"}],"wp:term":[{"taxonomy":"category","embeddable":true,"href":"https:\/\/www.europesays.com\/fr\/wp-json\/wp\/v2\/categories?post=478574"},{"taxonomy":"post_tag","embeddable":true,"href":"https:\/\/www.europesays.com\/fr\/wp-json\/wp\/v2\/tags?post=478574"}],"curies":[{"name":"wp","href":"https:\/\/api.w.org\/{rel}","templated":true}]}}