{"id":478576,"date":"2025-10-21T04:02:11","date_gmt":"2025-10-21T04:02:11","guid":{"rendered":"https:\/\/www.europesays.com\/fr\/478576\/"},"modified":"2025-10-21T04:02:11","modified_gmt":"2025-10-21T04:02:11","slug":"apple-prend-la-formule-1-a-espn-aux-etats-unis","status":"publish","type":"post","link":"https:\/\/www.europesays.com\/fr\/478576\/","title":{"rendered":"Apple prend la Formule 1 \u00e0 ESPN aux Etats-Unis"},"content":{"rendered":"<p>Dans un march\u00e9 devenu ultra-concurrentiel, les plateformes de streaming se livrent d\u00e9sormais une bataille sur le terrain du sport, pour se diff\u00e9rencier, attirer de nouveaux abonn\u00e9s ou encore augmenter leurs audiences moyennes &#8211; et s\u00e9duire de nouveaux annonceurs. Une bataille dont Apple vient de gagner une manche, vendredi 17 octobre, en ravissant \u00e0 la cha\u00eene ESPN les droits de diffusion de la Formule 1 aux Etats-Unis. Le contrat d\u00e9marrera \u00e0 partir de l\u2019ann\u00e9e prochaine et pour cinq ans. L\u2019enveloppe s\u2019\u00e9l\u00e8verait \u00e0 140 \u00e0 160 millions de dollars par an, selon les sources.<\/p>\n<p>Concr\u00e8tement, le g\u00e9ant am\u00e9ricain, qui propose d\u00e9j\u00e0 du soccer et du baseball, diffusera les Grands Prix mais aussi les essais et les qualifications. De quoi renforcer de fa\u00e7on significative l\u2019attractivit\u00e9 de son offre. La Formule 1 a le vent en poupe depuis plusieurs ann\u00e9es, un succ\u00e8s public symbolis\u00e9 par le r\u00e9cent film F1 avec Brad Pitt, produit par Apple. Un film que diffusera d\u2019ailleurs Apple TV en d\u00e9cembre.<\/p>\n<p>En France, le groupe Canal+ fait la part belle \u00e0 <a href=\"https:\/\/www.strategies.fr\/actualites\/marques\/LQ3699712C\/lvmh-partenaire-mondial-de-la-formule-1-compter-de-2025.html\" target=\"_blank\" rel=\"nofollow noopener\">ce sport<\/a>. C\u2019est lui qui diffuse les Grands Prix. Il d\u00e9ploie aussi des \u00e9missions autour de la discipline, comme Formula One, ou encore nombre de documentaires. Les plateformes commencent, dans le pays aussi, \u00e0 aller sur le terrain du sport, \u00e0 l\u2019instar de Prime (Amazon) avec la Ligue 1 <a href=\"https:\/\/www.strategies.fr\/actualites\/medias\/LQ4858262C\/football-la-lfp-mise-sur-une-chaine-maison-ligue1-avec-mediawan-sport.html\" target=\"_blank\" rel=\"nofollow noopener\">via Ligue1+<\/a> ou encore Roland-Garros.<\/p>\n","protected":false},"excerpt":{"rendered":"Dans un march\u00e9 devenu ultra-concurrentiel, les plateformes de streaming se livrent d\u00e9sormais une bataille sur le terrain du&hellip;\n","protected":false},"author":2,"featured_media":478577,"comment_status":"","ping_status":"","sticky":false,"template":"","format":"standard","meta":{"footnotes":""},"categories":[1412],"tags":[536,6973,1451,1452,1453,1454,1455,1011,27,6974,6972,500,60],"class_list":{"0":"post-478576","1":"post","2":"type-post","3":"status-publish","4":"format-standard","5":"has-post-thumbnail","7":"category-f1","8":"tag-communication","9":"tag-digital","10":"tag-f1","11":"tag-formula-1","12":"tag-formula1","13":"tag-formule-1","14":"tag-formule1","15":"tag-fr","16":"tag-france","17":"tag-magazine-strategies","18":"tag-marketing","19":"tag-medias","20":"tag-sports"},"share_on_mastodon":{"url":"https:\/\/pubeurope.com\/@fr\/115410170304323212","error":""},"_links":{"self":[{"href":"https:\/\/www.europesays.com\/fr\/wp-json\/wp\/v2\/posts\/478576","targetHints":{"allow":["GET"]}}],"collection":[{"href":"https:\/\/www.europesays.com\/fr\/wp-json\/wp\/v2\/posts"}],"about":[{"href":"https:\/\/www.europesays.com\/fr\/wp-json\/wp\/v2\/types\/post"}],"author":[{"embeddable":true,"href":"https:\/\/www.europesays.com\/fr\/wp-json\/wp\/v2\/users\/2"}],"replies":[{"embeddable":true,"href":"https:\/\/www.europesays.com\/fr\/wp-json\/wp\/v2\/comments?post=478576"}],"version-history":[{"count":0,"href":"https:\/\/www.europesays.com\/fr\/wp-json\/wp\/v2\/posts\/478576\/revisions"}],"wp:featuredmedia":[{"embeddable":true,"href":"https:\/\/www.europesays.com\/fr\/wp-json\/wp\/v2\/media\/478577"}],"wp:attachment":[{"href":"https:\/\/www.europesays.com\/fr\/wp-json\/wp\/v2\/media?parent=478576"}],"wp:term":[{"taxonomy":"category","embeddable":true,"href":"https:\/\/www.europesays.com\/fr\/wp-json\/wp\/v2\/categories?post=478576"},{"taxonomy":"post_tag","embeddable":true,"href":"https:\/\/www.europesays.com\/fr\/wp-json\/wp\/v2\/tags?post=478576"}],"curies":[{"name":"wp","href":"https:\/\/api.w.org\/{rel}","templated":true}]}}