{"id":478582,"date":"2025-10-21T04:05:20","date_gmt":"2025-10-21T04:05:20","guid":{"rendered":"https:\/\/www.europesays.com\/fr\/478582\/"},"modified":"2025-10-21T04:05:20","modified_gmt":"2025-10-21T04:05:20","slug":"julie-depardieu-revient-sur-sa-rencontre-pathetique-avec-philippe-katerine","status":"publish","type":"post","link":"https:\/\/www.europesays.com\/fr\/478582\/","title":{"rendered":"Julie Depardieu revient sur sa \u00ab\u00a0rencontre path\u00e9tique\u00a0\u00bb avec Philippe Katerine"},"content":{"rendered":"<p>Du lundi au vendredi, les auditeurs de RTL retrouvent <a href=\"https:\/\/www.programme-tv.net\/biographie\/534-ruquier-laurent\/\" data-link-people=\"dd4ff7d1-a72b-4b67-a7ba-3f07ccd164cd\" rel=\"nofollow noopener\" target=\"_blank\">Laurent Ruquier<\/a> dans <a href=\"https:\/\/www.programme-tv.net\/news\/tv\/389399-je-suis-tres-triste-laurent-ruquier-decu-des-societaires-des-grosses-tetes-qui-ne-regardent-pas-son-emission-sur-t18\/\" data-api-deeplink=\"teleloisirs:\/\/news\/389399\" rel=\"nofollow noopener\" target=\"_blank\">Les Grosses T\u00eates<\/a>. Celui qui a pris place dans<a href=\"https:\/\/www.programme-tv.net\/news\/people\/345905-peu-importe-quil-soit-daccord-ou-pas-laurent-ruquier-revient-sur-la-colere-de-philippe-bouvard-apres-son-depart-des-grosses-tetes\/\" data-api-deeplink=\"teleloisirs:\/\/news\/345905\" rel=\"nofollow noopener\" target=\"_blank\"> le fauteuil de Philippe Bouvard<\/a> en 2014, \u00e9change avec toute sa bande sur des questions de culture g\u00e9n\u00e9rale et et re\u00e7oit des invit\u00e9s qui font l&rsquo;actualit\u00e9. Ce lundi 20 octobre, <a href=\"https:\/\/www.programme-tv.net\/news\/tv\/389865-j-ai-l-impression-de-parler-a-des-debiles-cette-question-de-laurent-ruquier-sur-l-actualite-qui-a-completement-perdu-ses-societaires\/\" data-api-deeplink=\"teleloisirs:\/\/news\/389865\" rel=\"nofollow noopener\" target=\"_blank\">l&rsquo;animateur de 62 ans<\/a> \u00e9tait entour\u00e9 de <a href=\"https:\/\/www.programme-tv.net\/biographie\/287995-alu-francois\/\" data-link-people=\"dafe82a8-03ef-445b-914e-90bf125ff39b\" rel=\"nofollow noopener\" target=\"_blank\">Fran\u00e7ois Alu<\/a>, Philippe Claudel, <a href=\"https:\/\/www.programme-tv.net\/biographie\/2790-dombasle-arielle\/\" data-link-people=\"0e236a49-6f87-4445-a4b3-72246bd2a3b6\" rel=\"nofollow noopener\" target=\"_blank\">Arielle Dombasle<\/a>, Az, <a href=\"https:\/\/www.programme-tv.net\/biographie\/34634-bachelot-roselyne\/\" data-link-people=\"0d83b486-8842-4704-90ea-6e7376997ed0\" rel=\"nofollow noopener\" target=\"_blank\">Roselyne Bachelot<\/a>, et Titoff. Il a \u00e9galement re\u00e7u Julie Depardieu. \u00c0 52 ans, l&rsquo;actrice joue dans la pi\u00e8ce de th\u00e9\u00e2tre La Mis\u00e9rable, de Catherine Privat mise en sc\u00e8ne par St\u00e9phan Druet au Studio Marigny. Interrog\u00e9e sur sa vie priv\u00e9e, elle est revenue sur sa rencontre avec <a href=\"https:\/\/www.programme-tv.net\/news\/people\/389571-jai-pense-que-je-serais-la-plus-mauvaise-mere-julie-depardieu-maman-de-2-enfants-avec-philippe-katerine-se-confie-sur-leur-education\/\" data-api-deeplink=\"teleloisirs:\/\/news\/389571\" rel=\"nofollow noopener\" target=\"_blank\">Philippe Katerine, son compagnon depuis quinze ans<\/a>. Ensemble, ils sont les heureux parents de deux gar\u00e7ons, Billy, n\u00e9 en 2011, et Alfred, arriv\u00e9 en ao\u00fbt 2012.<\/p>\n<p>                        Julie Depardieu revient sur sa rencontre avec Philippe Katerine : <b>\u00ab\u00a0On n&rsquo;avait rien \u00e0 se dire\u00a0\u00bb <\/b><\/p>\n<p>Si <a href=\"https:\/\/www.programme-tv.net\/news\/people\/389571-jai-pense-que-je-serais-la-plus-mauvaise-mere-julie-depardieu-maman-de-2-enfants-avec-philippe-katerine-se-confie-sur-leur-education\/\" data-api-deeplink=\"teleloisirs:\/\/news\/389571\" rel=\"nofollow noopener\" target=\"_blank\">Julie Depardieu<\/a> a rencontr\u00e9 <a href=\"https:\/\/www.programme-tv.net\/news\/people\/385451-un-trou-aussi-gros-quune-piece-de-cinq-francs-philippe-katerine-raconte-son-operation-du-coeur-a-lage-de-8-ans\/\" data-api-deeplink=\"teleloisirs:\/\/news\/385451\" rel=\"nofollow noopener\" target=\"_blank\">Philippe Katerine<\/a> lors du tournage du film Je suis un no man\u2019s land du r\u00e9alisateur Thierry Jousse, \u00e0 l&rsquo;antenne de RTL, l&rsquo;actrice a tenu \u00e0 apporter une petite rectification. \u00ab\u00a0C&rsquo;\u00e9tait une fausse rencontre\u00a0\u00bb, a d&rsquo;abord lanc\u00e9<b> <\/b>Arielle Dombasle. \u00ab\u00a0Oui parce que quand on s&rsquo;est rencontr\u00e9, c&rsquo;est Ariel l&rsquo;entremetteuse. On s&rsquo;est rencontr\u00e9s sur une esp\u00e8ce de journal, qui nous a rassembl\u00e9s (&#8230;)\u00a0\u00bb, a alors confi\u00e9 Julie Depardieu, avant d&rsquo;expliquer qu&rsquo;elle pensait que l&rsquo;acteur ne l&rsquo;appr\u00e9ciait pas. <b>\u00ab\u00a0On n&rsquo;avait rien \u00e0 se dire. Je n&rsquo;ai jamais vu une rencontre aussi path\u00e9tique que celle-l\u00e0, et Ariel n&rsquo;arr\u00eatait pas de me dire &lsquo;il vous adore&rsquo;. <\/b>J&rsquo;ai dit, &lsquo;vous rigolez, s&rsquo;il y a quelqu&rsquo;un qui me d\u00e9teste, je pense que c&rsquo;est lui&rsquo;. Parce que d\u00e8s que je r\u00e9pondais \u00e0 un truc, il disait le contraire. Je dis, non mais c&rsquo;est pas vrai, il fait \u00e7a expr\u00e8s pour me provoquer\u00a0\u00bb, s&rsquo;est-elle souvenue.<\/p>\n<p>            Julie Depardieu \u00e9voque le passage de Philippe Katerine lors des JO 2024<\/p>\n<p>Julie Depardieu est ensuite revenue sur le passage de <a href=\"https:\/\/www.programme-tv.net\/news\/evenement\/jo-2024-jo-2024\/357953-jo-2024-philippe-katerine-revele-combien-il-a-ete-paye-a-la-ceremonie-douverture-et-on-est-tres-loin-des-2-millions-d-euros\/\" data-api-deeplink=\"teleloisirs:\/\/news\/357953\" rel=\"nofollow noopener\" target=\"_blank\">Philippe Katerine lors de la c\u00e9r\u00e9monie d\u2019ouverture\u00a0des JO de Paris 2024<\/a>. Pour rappel, ce dernier \u00e9tait recouvert de bleu de la t\u00eate aux pieds. \u00ab\u00a0C&rsquo;est moi qui l&rsquo;ai r\u00e9cur\u00e9. Il en avait partout, j&rsquo;ai dit &lsquo;mais c&rsquo;est de la peinture de bagnole, c&rsquo;est vraiment dangereux&rsquo;. Le pauvre, il ne savait pas. Il \u00e9tait 3h du matin, il \u00e9tait comme \u00e7a et \u00e7a ne partait pas. Donc, j&rsquo;ai pris une \u00e9ponge et puis j&rsquo;ai frott\u00e9 dans la douche\u00a0\u00bb, a-t-elle racont\u00e9.<\/p>\n","protected":false},"excerpt":{"rendered":"Du lundi au vendredi, les auditeurs de RTL retrouvent Laurent Ruquier dans Les Grosses T\u00eates. Celui qui a&hellip;\n","protected":false},"author":2,"featured_media":478583,"comment_status":"","ping_status":"","sticky":false,"template":"","format":"standard","meta":{"footnotes":""},"categories":[1359],"tags":[2594,1376,244,1193,58,59,1011,27,45785,13687,973,9381,1630],"class_list":{"0":"post-478582","1":"post","2":"type-post","3":"status-publish","4":"format-standard","5":"has-post-thumbnail","7":"category-people","8":"tag-actrice","9":"tag-amour","10":"tag-commentaire","11":"tag-couple","12":"tag-divertissement","13":"tag-entertainment","14":"tag-fr","15":"tag-france","16":"tag-julie-depardieu","17":"tag-les-grosses-tu00eates","18":"tag-people","19":"tag-philippe-katerine","20":"tag-zapping"},"share_on_mastodon":{"url":"https:\/\/pubeurope.com\/@fr\/115410182087779551","error":""},"_links":{"self":[{"href":"https:\/\/www.europesays.com\/fr\/wp-json\/wp\/v2\/posts\/478582","targetHints":{"allow":["GET"]}}],"collection":[{"href":"https:\/\/www.europesays.com\/fr\/wp-json\/wp\/v2\/posts"}],"about":[{"href":"https:\/\/www.europesays.com\/fr\/wp-json\/wp\/v2\/types\/post"}],"author":[{"embeddable":true,"href":"https:\/\/www.europesays.com\/fr\/wp-json\/wp\/v2\/users\/2"}],"replies":[{"embeddable":true,"href":"https:\/\/www.europesays.com\/fr\/wp-json\/wp\/v2\/comments?post=478582"}],"version-history":[{"count":0,"href":"https:\/\/www.europesays.com\/fr\/wp-json\/wp\/v2\/posts\/478582\/revisions"}],"wp:featuredmedia":[{"embeddable":true,"href":"https:\/\/www.europesays.com\/fr\/wp-json\/wp\/v2\/media\/478583"}],"wp:attachment":[{"href":"https:\/\/www.europesays.com\/fr\/wp-json\/wp\/v2\/media?parent=478582"}],"wp:term":[{"taxonomy":"category","embeddable":true,"href":"https:\/\/www.europesays.com\/fr\/wp-json\/wp\/v2\/categories?post=478582"},{"taxonomy":"post_tag","embeddable":true,"href":"https:\/\/www.europesays.com\/fr\/wp-json\/wp\/v2\/tags?post=478582"}],"curies":[{"name":"wp","href":"https:\/\/api.w.org\/{rel}","templated":true}]}}