{"id":478584,"date":"2025-10-21T04:06:43","date_gmt":"2025-10-21T04:06:43","guid":{"rendered":"https:\/\/www.europesays.com\/fr\/478584\/"},"modified":"2025-10-21T04:06:43","modified_gmt":"2025-10-21T04:06:43","slug":"le-sculpteur-stephane-deguilhen-rend-un-hommage-en-bronze-aux-mouflons-de-bavella","status":"publish","type":"post","link":"https:\/\/www.europesays.com\/fr\/478584\/","title":{"rendered":"le sculpteur St\u00e9phane Deguilhen rend un hommage en bronze aux mouflons de Bavella"},"content":{"rendered":"<p>Dans les ann\u00e9es 2000, St\u00e9phane Deguilhen met fin \u00e0 sa profession d&rsquo;enseignant en physique pour se lancer dans une carri\u00e8re de sculpteur. La notion de force et de mouvement l&rsquo;interpelle dans les repr\u00e9sentations sculpt\u00e9es d&rsquo;animaux. Au fil des ann\u00e9es, son \u0153uvre est reconnue d&rsquo;abord en Corse puis au niveau national par la soci\u00e9t\u00e9 des Beaux-Arts ou encore la soci\u00e9t\u00e9 des Artistes Fran\u00e7ais qui l&rsquo;invitent \u00e0 exposer. En 2015, il d\u00e9bute une carri\u00e8re internationale avec \u00ab\u00a0la panth\u00e8re noire\u00a0\u00bb s\u00e9lectionn\u00e9e et expos\u00e9e par le British museum society.<\/p>\n<p>Un retour aux sources<\/p>\n<p>Ainsi, apr\u00e8s avoir cr\u00e9\u00e9 des bronzes d&rsquo;animaux sauvages choisis dans divers espaces internationaux, St\u00e9phane Deguilhen amorce un retour aux sources, en Corse, autour de la recherche et de cr\u00e9ations sur le mouflon*.<\/p>\n<p>De cette ann\u00e9e de travail sont n\u00e9s huit bronzes num\u00e9rot\u00e9s et des dessins \u00e0 l&rsquo;encre de Chine. Pour donner vie \u00e0 ces sculptures, St\u00e9phane Deguilhen a choisi le proc\u00e9d\u00e9 de la cire perdue, une technique artistique parfaitement ma\u00eetris\u00e9e par la fonderie Massimo Chiaro de Pietrosanta en Toscane.<\/p>\n<p>Ce proc\u00e9d\u00e9 de moulage de pr\u00e9cision, permet d&rsquo;obtenir une r\u00e9alisation en m\u00e9tal (argent, or, bronze, cuivre, aluminium) ou en p\u00e2te de verre, \u00e0 partir d&rsquo;un mod\u00e8le en cire, qui sera ensuite d\u00e9truit par chauffage lors du processus. St\u00e9phane reconna\u00eet\u00a0: \u00ab\u00a0Cette fonderie poss\u00e8de un savoir-faire exceptionnel respectueux des d\u00e9tails morphologiques et esth\u00e9tiques de la sculpture qu&rsquo;ils ont \u00e0 travailler\u00a0\u00bb.<\/p>\n<p>Comment donner vie \u00e0 la mati\u00e8re<\/p>\n<p>Pour parfaire l&rsquo;\u00e9tude morphologique du mouflon et en restituer l&rsquo;esth\u00e9tisme St\u00e9phane Deguilhen s&rsquo;est rapproch\u00e9 des connaissances de Pierre Benedetti un sp\u00e9cialiste de l&rsquo;animal : ce chef technicien de l&rsquo;environnement \u00e0 la retraite et responsable de l&rsquo;unit\u00e9 de gestion des espaces naturels de Corse, travaille sur le sujet depuis plusieurs d\u00e9cennies. Et il ne parle pas \u00ab\u00a0du\u00a0\u00bb mouflon de Corse, mais \u00ab\u00a0des\u00a0\u00bb mouflons : \u00ab\u00a0Il existe deux aires de r\u00e9partition du mouflon, celle du massif du Cintu et celle du massif de Bavella. Des \u00e9tudes g\u00e9n\u00e9tiques ont confirm\u00e9 l&rsquo;identification de deux g\u00e9nomes distincts entre ces deux populations. Ce sont donc deux sous-esp\u00e8ces diff\u00e9rentes qui vivent en Corse, une au Nord et l&rsquo;autre au Sud de l&rsquo;\u00eele\u00a0\u00bb. Une simple observation des cornes des animaux permet de bien appr\u00e9hender cette diff\u00e9rence.<\/p>\n<p>\u00ab\u00a0Cette ann\u00e9e, en sculptant les mouflons, explique St\u00e9phane Deguilhen, j&rsquo;ai r\u00e9alis\u00e9 un travail plus \u00e9labor\u00e9 gr\u00e2ce aux sp\u00e9cificit\u00e9s transmises par Pierre Benedetti\u00a0: celles de Bavella ont des cornes en forme de sabre tendant vers le haut du cou, tandis que celles d&rsquo;Asco sont plus verticales\u00a0\u00bb.<\/p>\n<p>St\u00e9phane Deguilhen se dit\u00a0\u00e9merveill\u00e9 lorsqu&rsquo;il voit \u00e9voluer les mouflons dans l&rsquo;univers de Bavella et la repr\u00e9sentation de l&rsquo;animal embl\u00e9matique r\u00e9veille sa cr\u00e9ativit\u00e9\u00a0: \u00ab\u00a0Gr\u00e2ce \u00e0 la fonderie italienne et aux conseils du sp\u00e9cialiste Pierre Benedetti, j&rsquo;ai pu avancer et progresser dans la conception de mes \u0153uvres\u00a0\u00bb.<\/p>\n<p>*Ce travail fait l&rsquo;objet d&rsquo;une exposition \u00e0 Bastia jusqu&rsquo;en janvier<\/p>\n","protected":false},"excerpt":{"rendered":"Dans les ann\u00e9es 2000, St\u00e9phane Deguilhen met fin \u00e0 sa profession d&rsquo;enseignant en physique pour se lancer dans&hellip;\n","protected":false},"author":2,"featured_media":478585,"comment_status":"","ping_status":"","sticky":false,"template":"","format":"standard","meta":{"footnotes":""},"categories":[1358],"tags":[17,1348,1384,1385,1007,22860,60206,1386,58,59,1011,27,4879,2551,1445,28720,32006],"class_list":{"0":"post-478584","1":"post","2":"type-post","3":"status-publish","4":"format-standard","5":"has-post-thumbnail","7":"category-arts-et-design","8":"tag-17","9":"tag-arts","10":"tag-arts-and-design","11":"tag-arts-et-design","12":"tag-aux","13":"tag-bronze","14":"tag-deguilhen","15":"tag-design","16":"tag-divertissement","17":"tag-entertainment","18":"tag-fr","19":"tag-france","20":"tag-hommage","21":"tag-patrimoine","22":"tag-rend","23":"tag-sculpteur","24":"tag-stephane"},"share_on_mastodon":{"url":"https:\/\/pubeurope.com\/@fr\/115410185995828747","error":""},"_links":{"self":[{"href":"https:\/\/www.europesays.com\/fr\/wp-json\/wp\/v2\/posts\/478584","targetHints":{"allow":["GET"]}}],"collection":[{"href":"https:\/\/www.europesays.com\/fr\/wp-json\/wp\/v2\/posts"}],"about":[{"href":"https:\/\/www.europesays.com\/fr\/wp-json\/wp\/v2\/types\/post"}],"author":[{"embeddable":true,"href":"https:\/\/www.europesays.com\/fr\/wp-json\/wp\/v2\/users\/2"}],"replies":[{"embeddable":true,"href":"https:\/\/www.europesays.com\/fr\/wp-json\/wp\/v2\/comments?post=478584"}],"version-history":[{"count":0,"href":"https:\/\/www.europesays.com\/fr\/wp-json\/wp\/v2\/posts\/478584\/revisions"}],"wp:featuredmedia":[{"embeddable":true,"href":"https:\/\/www.europesays.com\/fr\/wp-json\/wp\/v2\/media\/478585"}],"wp:attachment":[{"href":"https:\/\/www.europesays.com\/fr\/wp-json\/wp\/v2\/media?parent=478584"}],"wp:term":[{"taxonomy":"category","embeddable":true,"href":"https:\/\/www.europesays.com\/fr\/wp-json\/wp\/v2\/categories?post=478584"},{"taxonomy":"post_tag","embeddable":true,"href":"https:\/\/www.europesays.com\/fr\/wp-json\/wp\/v2\/tags?post=478584"}],"curies":[{"name":"wp","href":"https:\/\/api.w.org\/{rel}","templated":true}]}}