{"id":478586,"date":"2025-10-21T04:07:11","date_gmt":"2025-10-21T04:07:11","guid":{"rendered":"https:\/\/www.europesays.com\/fr\/478586\/"},"modified":"2025-10-21T04:07:11","modified_gmt":"2025-10-21T04:07:11","slug":"edmond-thomas-une-vie-de-plein-chant","status":"publish","type":"post","link":"https:\/\/www.europesays.com\/fr\/478586\/","title":{"rendered":"Edmond Thomas, une vie de Plein Chant"},"content":{"rendered":"\n<p class=\"article__paragraph  \">Pendant plus de dix\u00a0ans, l\u2019\u00e9diteur Edmond Thomas a re\u00e7u chez lui trois petits curieux\u00a0: des libertaires, \u00e0 son image, qui sont devenus ses amis. Fondateur en\u00a01970 des \u00e9ditions Plein Chant, qui se consacrent depuis aux textes rares et oubli\u00e9s, Edmond devient pour eux un grand-p\u00e8re savant, sensible et pas avare d\u2019histoires, qu\u2019il semble revivre lorsqu\u2019il les raconte. Fascin\u00e9s, Nathan Golshem, Klo Arti\u00e8res et Fr\u00e9d\u00e9ric Lemonnier ont recompos\u00e9 sa vie \u00e0 partir d\u2019enregistrements de ces conversations, pour \u00e9crire Plein Chant. Histoire d\u2019un \u00e9diteur de labeur (L\u2019Echapp\u00e9e, 173\u00a0pages, 18\u00a0euros).<\/p>\n<p class=\"article__paragraph  \">Gosse libre dans le 15e\u00a0arrondissement du Paris des ann\u00e9es 1950, Edmond quitte l\u2019\u00e9cole \u00e0 15\u00a0ans. Alors qu\u2019il travaille comme petite main chez l\u2019imprimeur Brodard &amp;\u00a0Taupin, un complice lui file en\u00a0douce quelques livres destin\u00e9s au recyclage. Parmi eux, Paroles de Pr\u00e9vert. \u00ab\u00a0Fini les \u201cSan-Antonio\u201d, fini les westerns et la science-fiction\u00a0: le monde s\u2019ouvrait \u00e0 moi\u00a0\u00bb, dit-il. Lorsqu\u2019il tombe sur Nouvel \u00e2ge litt\u00e9raire (1930), d\u2019<a href=\"https:\/\/www.lemonde.fr\/archives\/article\/1980\/04\/03\/le-romancier-henry-poulaille-l-animateur-de-l-ecole-proletarienne_3070964_1819218.html\" target=\"_blank\" rel=\"noopener\">Henry Poulaille<\/a>, Edmond Thomas d\u00e9couvre une po\u00e9sie n\u00e9e dans la mis\u00e8re ouvri\u00e8re. Puisqu\u2019elle pouvait \u00eatre prol\u00e9taire, la litt\u00e9rature pouvait \u00eatre sienne. Avec ses copains, il cr\u00e9e Zymaste, sa premi\u00e8re revue po\u00e9tique. Une dizaine d\u2019ann\u00e9es plus tard, il fonde la revue Plein Chant, qui para\u00eetra de 1970\u00a0\u00e0 2016.<\/p>\n<p>                Ras-le-bol des patrons           <\/p>\n<p class=\"article__paragraph  \">Le destin de l\u2019\u00e9diteur tient \u00e0 ses amiti\u00e9s, au hasard de rencontres qui auraient pu ne pas advenir. Ainsi se lie-t-il d\u00e8s le d\u00e9but des ann\u00e9es 1960 avec un \u00ab\u00a0fou du livre\u00a0\u00bb\u00a0: le po\u00e8te Fernand Tourret (1900-1987), qui \u00e9crit dans La\u00a0Tour de feu. Cette revue, qui laissait la parole \u00e0 de \u00ab\u00a0petits po\u00e8tes\u00a0\u00bb (des po\u00e8tes aux grands po\u00e8mes n\u00e9glig\u00e9s par la post\u00e9rit\u00e9), devient un rep\u00e8re pour Edmond Thomas. Par passion pour elle et par ras-le-bol des patrons, il s\u2019\u00e9vade \u00e0 Jarnac (Charente), o\u00f9 avait lieu chaque ann\u00e9e le banquet de La Tour de feu\u00a0: \u00ab\u00a0parler po\u00e9sie, manger po\u00e9sie, (\u2026) c\u2019\u00e9tait un rendez-vous immanquable\u00a0\u00bb. La rencontre d\u2019une d\u00e9nomm\u00e9e Marylou, dont il tombe amoureux au premier regard, et la beaut\u00e9 de la campagne finissent par l\u2019enraciner en Charente.<\/p>\n<p class=\"reading-mode-only \"><strong>Il vous reste 29.13% de cet article \u00e0 lire. La suite est r\u00e9serv\u00e9e aux abonn\u00e9s.<\/strong><\/p>\n","protected":false},"excerpt":{"rendered":"Pendant plus de dix\u00a0ans, l\u2019\u00e9diteur Edmond Thomas a re\u00e7u chez lui trois petits curieux\u00a0: des libertaires, \u00e0 son&hellip;\n","protected":false},"author":2,"featured_media":478587,"comment_status":"","ping_status":"","sticky":false,"template":"","format":"standard","meta":{"footnotes":""},"categories":[1357],"tags":[1379,58,59,1011,27,1380],"class_list":{"0":"post-478586","1":"post","2":"type-post","3":"status-publish","4":"format-standard","5":"has-post-thumbnail","7":"category-livres","8":"tag-books","9":"tag-divertissement","10":"tag-entertainment","11":"tag-fr","12":"tag-france","13":"tag-livres"},"share_on_mastodon":{"url":"https:\/\/pubeurope.com\/@fr\/115410190096966553","error":""},"_links":{"self":[{"href":"https:\/\/www.europesays.com\/fr\/wp-json\/wp\/v2\/posts\/478586","targetHints":{"allow":["GET"]}}],"collection":[{"href":"https:\/\/www.europesays.com\/fr\/wp-json\/wp\/v2\/posts"}],"about":[{"href":"https:\/\/www.europesays.com\/fr\/wp-json\/wp\/v2\/types\/post"}],"author":[{"embeddable":true,"href":"https:\/\/www.europesays.com\/fr\/wp-json\/wp\/v2\/users\/2"}],"replies":[{"embeddable":true,"href":"https:\/\/www.europesays.com\/fr\/wp-json\/wp\/v2\/comments?post=478586"}],"version-history":[{"count":0,"href":"https:\/\/www.europesays.com\/fr\/wp-json\/wp\/v2\/posts\/478586\/revisions"}],"wp:featuredmedia":[{"embeddable":true,"href":"https:\/\/www.europesays.com\/fr\/wp-json\/wp\/v2\/media\/478587"}],"wp:attachment":[{"href":"https:\/\/www.europesays.com\/fr\/wp-json\/wp\/v2\/media?parent=478586"}],"wp:term":[{"taxonomy":"category","embeddable":true,"href":"https:\/\/www.europesays.com\/fr\/wp-json\/wp\/v2\/categories?post=478586"},{"taxonomy":"post_tag","embeddable":true,"href":"https:\/\/www.europesays.com\/fr\/wp-json\/wp\/v2\/tags?post=478586"}],"curies":[{"name":"wp","href":"https:\/\/api.w.org\/{rel}","templated":true}]}}