{"id":478588,"date":"2025-10-21T04:08:13","date_gmt":"2025-10-21T04:08:13","guid":{"rendered":"https:\/\/www.europesays.com\/fr\/478588\/"},"modified":"2025-10-21T04:08:13","modified_gmt":"2025-10-21T04:08:13","slug":"elle-est-partie-vexee-dans-lamour-est-dans-le-pre-jean-louis-a-choisi-sophie-et-pas-soso","status":"publish","type":"post","link":"https:\/\/www.europesays.com\/fr\/478588\/","title":{"rendered":"\u00ab\u00a0Elle est partie vex\u00e9e\u00a0\u00bb\u00a0: dans \u00ab\u00a0l\u2019Amour est dans le pr\u00e9\u00a0\u00bb, Jean-Louis a choisi Sophie et pas Soso"},"content":{"rendered":"<p class=\"paragraph text_align_left lp-f-body-02\">Les choses se pr\u00e9cisent dans <a href=\"https:\/\/www.leparisien.fr\/culture-loisirs\/tv\/l-amour-est-dans-le-pre\/\" target=\"_blank\" rel=\"noreferrer nofollow noopener\">\u00ab L\u2019Amour est dans le pr\u00e9 \u00bb.<\/a> Les jours d\u00e9filent chez les agriculteurs, les semaines passent chez les t\u00e9l\u00e9spectateurs. Et c\u2019est maintenant le moment de choisir pour les candidats dans le prochain \u00e9pisode du 27 octobre d\u00e9j\u00e0 disponible sur M 6 + et MyCanal. Exercice pas si simple. M\u00eame quand leur d\u00e9cision est d\u00e9j\u00e0 prise. \u00ab Je vais annoncer \u00e0 une fille que je ne la veux pas \u00bb, confie Jean-Louis, les larmes aux yeux qui doit trancher entre Sophie la brune et Sophie la blonde, dite Soso. Et il se lance avec Soso pour lui dire qu\u2019il pr\u00e9f\u00e8re continuer avec\u2026 Sophie. Elle encaisse la nouvelle, un peu surprise, comme si elle n\u2019avait rien vu venir, surtout apr\u00e8s une promenade dans les hautes herbes main dans la main.<\/p>\n<p class=\"paragraph text_align_left lp-f-body-02\">\u00ab C\u2019est des d\u00e9tails \u00bb, lui explique l\u2019\u00e9leveur du Tarn pour se justifier. \u00ab Et les d\u00e9tails c\u2019\u00e9tait quoi ? \u00bb, lui demande la pr\u00e9tendante \u00e9conduite. Jean-Louis r\u00e9pond tant bien que mal. Mais Soso est d\u00e9j\u00e0 ailleurs. \u00ab D\u00e8s que je peux partir, je pars, lance-t-elle sans mettre les formes. Et si je peux \u00e9viter de croiser Sophie. \u00bb Pas question non plus que Jean-Louis la raccompagne. Ambiance. \u00ab Elle est partie vex\u00e9e \u00bb, conclut l\u2019agriculteur un peu g\u00ean\u00e9. Sans blague ?<\/p>\n<p>\u00ab C\u2019est peu le bordel \u00bb<\/p>\n<p class=\"paragraph text_align_left lp-f-body-02\">Pour d\u2019autres, le c\u0153ur balance. Comme chez Oc\u00e9ane qui accueille dans les C\u00f4tes-d\u2019Armor Robin et Florian. La mara\u00eech\u00e8re semble d\u2019abord en pincer pour le premier, plut\u00f4t jovial. D\u2019autant que Robin, le second, prof de tennis dans la vie, l\u2019a embarrass\u00e9 en lui proposant un gage apr\u00e8s un match : danser avec lui sur la musique de son choix.<\/p>\n<p class=\"paragraph text_align_left lp-f-body-02\">\u00ab C\u2019est chaud, c\u2019est trop serr\u00e9, je ne suis pas tr\u00e8s tactile \u00bb, r\u00e9torque-t-elle sans r\u00e9fl\u00e9chir. Le jeune homme est estomaqu\u00e9 par sa r\u00e9action et ne se remet pas du vent qu\u2019il vient de prendre. La suite, c\u2019est une discussion tendue sur le chemin du retour et un visage ferm\u00e9 pendant la soir\u00e9e avec les potes. \u00ab C\u2019est pas comme si je lui avais dit : viens on se roule une pelle \u00bb, rumine Robin, qui semble perdre des points face \u00e0 son concurrent Florian.<\/p>\n<p class=\"paragraph text_align_left lp-f-body-02\">Mais Oc\u00e9ane n\u2019est pas bien non plus dans cette situation : \u00ab je sens qu\u2019il y a un malaise \u00bb, reconna\u00eet-elle. Et au moment de faire des \u00e9quipes pour un jeu de tir \u00e0 la corde, Robin ne la choisit m\u00eame pas. Pire, il parle m\u00eame de cette histoire de danse aux copines d\u2019Oc\u00e9ane.<\/p>\n<p class=\"paragraph text_align_left lp-f-body-02\">\u00ab Ne reste pas bloqu\u00e9 sur \u00e7a, lui conseille pourtant l\u2019une d\u2019entre elles. Elle est plus sensible \u00e0 toi qu\u2019\u00e0 Florian. \u00bb Surprise ! Ces amies sont m\u00eame compl\u00e8tement partag\u00e9es entre les deux pr\u00e9tendants. \u00ab C\u2019est peu le bordel \u00bb, commente Oc\u00e9ane un peu perdue, qui doit encore r\u00e9fl\u00e9chir.<\/p>\n<p><img decoding=\"async\" class=\"image \" loading=\"lazy\" src=\"https:\/\/www.europesays.com\/fr\/wp-content\/uploads\/2025\/10\/UX4B7P32QVHCXPKPIKNF3BULVA.jpg\" alt=\"Oc\u00e9ane n'a pas encore choisi entre Florian (\u00e0 gauche) et Robin (M6\/C\u00e9cile ROGUE)\" align=\"\" data-rubrique-principale=\"\" data-article-type=\"\" fetchpriority=\"auto\"\/>Oc\u00e9ane n&rsquo;a pas encore choisi entre Florian (\u00e0 gauche) et Robin (M6\/C\u00e9cile ROGUE) <\/p>\n<p class=\"paragraph text_align_left lp-f-body-02\">M\u00eame chose pour Jean-Baptiste qui g\u00e8re un parc animalier dans la Creuse et accueille David et Steven. On pense le voir d\u00e9j\u00e0 fondre pour David, plus ouvert, qui se l\u00e2che au karaok\u00e9 sur \u00ab J\u2019irai ou tu iras \u00bb de <a href=\"https:\/\/www.leparisien.fr\/culture-loisirs\/musique\/celine-dion\/\" target=\"_blank\" rel=\"noreferrer nofollow noopener\">C\u00e9line Dion<\/a>.<\/p>\n<p class=\"paragraph text_align_left lp-f-body-02\">Mais Steven, plus r\u00e9serv\u00e9 et pudique semble regagner du terrain en fin de soir\u00e9e en choisissant de reprendre \u00ab Creep \u00bb de Radiohead dont les paroles peuvent r\u00e9sonner avec son \u00e9tat d\u2019esprit : \u00ab je suis un paum\u00e9, je suis bizarre. Qu\u2019est-ce que je fous l\u00e0 \u00bb.<\/p>\n<p class=\"paragraph text_align_left lp-f-body-02\">Un aveu en chanson qui n\u2019est pas sans s\u00e9duire Jean-Baptiste. \u00ab Les timides me font craquer \u00bb, avoue-t-il. \u00c0 suivre.<\/p>\n","protected":false},"excerpt":{"rendered":"Les choses se pr\u00e9cisent dans \u00ab L\u2019Amour est dans le pr\u00e9 \u00bb. Les jours d\u00e9filent chez les agriculteurs,&hellip;\n","protected":false},"author":2,"featured_media":478589,"comment_status":"","ping_status":"","sticky":false,"template":"","format":"standard","meta":{"footnotes":""},"categories":[1356],"tags":[872,58,59,1011,27,252,2205,1364],"class_list":{"0":"post-478588","1":"post","2":"type-post","3":"status-publish","4":"format-standard","5":"has-post-thumbnail","7":"category-television","8":"tag-culture-et-loisirs","9":"tag-divertissement","10":"tag-entertainment","11":"tag-fr","12":"tag-france","13":"tag-television","14":"tag-television-medias","15":"tag-tv"},"share_on_mastodon":{"url":"https:\/\/pubeurope.com\/@fr\/115410194556435701","error":""},"_links":{"self":[{"href":"https:\/\/www.europesays.com\/fr\/wp-json\/wp\/v2\/posts\/478588","targetHints":{"allow":["GET"]}}],"collection":[{"href":"https:\/\/www.europesays.com\/fr\/wp-json\/wp\/v2\/posts"}],"about":[{"href":"https:\/\/www.europesays.com\/fr\/wp-json\/wp\/v2\/types\/post"}],"author":[{"embeddable":true,"href":"https:\/\/www.europesays.com\/fr\/wp-json\/wp\/v2\/users\/2"}],"replies":[{"embeddable":true,"href":"https:\/\/www.europesays.com\/fr\/wp-json\/wp\/v2\/comments?post=478588"}],"version-history":[{"count":0,"href":"https:\/\/www.europesays.com\/fr\/wp-json\/wp\/v2\/posts\/478588\/revisions"}],"wp:featuredmedia":[{"embeddable":true,"href":"https:\/\/www.europesays.com\/fr\/wp-json\/wp\/v2\/media\/478589"}],"wp:attachment":[{"href":"https:\/\/www.europesays.com\/fr\/wp-json\/wp\/v2\/media?parent=478588"}],"wp:term":[{"taxonomy":"category","embeddable":true,"href":"https:\/\/www.europesays.com\/fr\/wp-json\/wp\/v2\/categories?post=478588"},{"taxonomy":"post_tag","embeddable":true,"href":"https:\/\/www.europesays.com\/fr\/wp-json\/wp\/v2\/tags?post=478588"}],"curies":[{"name":"wp","href":"https:\/\/api.w.org\/{rel}","templated":true}]}}