{"id":478598,"date":"2025-10-21T04:13:11","date_gmt":"2025-10-21T04:13:11","guid":{"rendered":"https:\/\/www.europesays.com\/fr\/478598\/"},"modified":"2025-10-21T04:13:11","modified_gmt":"2025-10-21T04:13:11","slug":"star-academy-saison-13-dix-sept-candidats-mais-seulement-seize-au-generique","status":"publish","type":"post","link":"https:\/\/www.europesays.com\/fr\/478598\/","title":{"rendered":"\u00ab Star Academy \u00bb, saison 13 : dix-sept candidats mais&#8230; seulement seize au g\u00e9n\u00e9rique !"},"content":{"rendered":"<p class=\"paragraph text_align_left lp-f-body-02\">On les a d\u00e9couverts samedi lors <a href=\"https:\/\/www.leparisien.fr\/culture-loisirs\/tv\/star-academy-nos-chouchous-les-surprises-ce-quil-faut-retenir-de-la-soiree-de-lancement-de-la-saison-13-19-10-2025-ULVGGQCRFFFVLHNJ2CBTJLAPUU.php\" target=\"_blank\" rel=\"noreferrer nofollow noopener\">du premier prime time<\/a> de lancement de la saison 13 de la <a href=\"https:\/\/www.leparisien.fr\/culture-loisirs\/tv\/star-academy\/\" target=\"_blank\" rel=\"noreferrer nofollow noopener\">\u00ab Star Academy \u00bb<\/a>. On les retrouve apr\u00e8s le week-end pour la premi\u00e8re quotidienne du t\u00e9l\u00e9crochet, diffus\u00e9e ce lundi \u00e0 17h30 sur TF1. Anouk, Bastiann, Victor, Ambre, Ema&#8230; Ils sont tous l\u00e0. Tous ? Non, au g\u00e9n\u00e9rique de ce premier \u00e9pisode tr\u00e8s attendu des fans de l\u2019\u00e9mission musicale, il manque une jeune femme \u00e0 l\u2019appel : L\u00e9ane.<\/p>\n<p class=\"paragraph text_align_left lp-f-body-02\"><a href=\"https:\/\/www.leparisien.fr\/culture-loisirs\/tv\/star-academy-victor-ambre-lily-decouvrez-les-17-candidats-de-la-nouvelle-promotion-2025-19-10-2025-CBM7WHSNWZDVLJRHD7Q4VX3XMU.php\" target=\"_blank\" rel=\"noreferrer nofollow noopener\">Dix-sept candidats <\/a>mais seulement seize au g\u00e9n\u00e9rique ? Un couac qui n\u2019est pas pass\u00e9 inaper\u00e7u chez tout le monde. Est-elle d\u00e9j\u00e0 \u00e9limin\u00e9e ? Les responsables du show t\u00e9l\u00e9vis\u00e9 ont-t-ils un message \u00e0 faire passer au public ? Non, nous jure une source proche de la production. \u00ab C\u2019est une erreur qui sera r\u00e9par\u00e9e demain (mardi) \u00bb, nous affirme-t-on dans un premier temps. L\u00e9ane a finalement \u00e9t\u00e9 ajout\u00e9e au g\u00e9n\u00e9rique d\u00e8s la rediffusion de la quotidienne ce lundi soir sur TFX.<\/p>\n<blockquote class=\"twitter-tweet\">\n<p lang=\"fr\" dir=\"ltr\">Un probl\u00e8me technique lors du montage de la quotidienne a entra\u00een\u00e9 la suppression des derni\u00e8res secondes du g\u00e9n\u00e9rique impactant l\u2019apparition de L\u00e9ane \u00e0 l\u2019\u00e9cran. Le probl\u00e8me a \u00e9t\u00e9 r\u00e9solu. Toutes nos excuses \u00e0 L\u00e9ane, sa famille et ses proches pour cet incident.<\/p>\n<p>\u2014 Star Academy (@StarAcademyTF1) <a href=\"https:\/\/twitter.com\/StarAcademyTF1\/status\/1980325577136673110?ref_src=twsrc%5Etfw\" rel=\"nofollow noopener\" target=\"_blank\">October 20, 2025<\/a><\/p><\/blockquote>\n<p class=\"paragraph text_align_left lp-f-body-02\">Le public a pu assister samedi aux premiers pas de la L\u00e9ane qui a repris avec son camarade Th\u00e9o P. le morceau \u00ab Perfect Duet \u00bb, tube d\u2019Ed Sheeran (le parrain de cette promotion 2025) chant\u00e9 en duo avec Beyonce. Beyonce ? C\u2019est justement l\u2019idole de la jeune femme, originaire de Montpellier (H\u00e9rault). La chanteuse originaire du Cameroun est aussi une passionn\u00e9e de danse.<\/p>\n<p>Retour gagnant<\/p>\n<p class=\"paragraph text_align_left lp-f-body-02\">Samedi, le premier prime time a marqu\u00e9 le retour gagnant du concours dans lequel se sont illustr\u00e9s ces derniers mois ou ann\u00e9es de nouvelles stars comme Pierre Garnier, Marine ou <a href=\"https:\/\/www.leparisien.fr\/culture-loisirs\/musique\/helena-de-star-academy-en-tournee-des-zenith-un-premier-concert-impressionnant-et-des-larmes-pour-finir-16-10-2025-CF7OTEQBFJGR5KJNWOSRKSEOUA.php\" target=\"_blank\" rel=\"noreferrer nofollow noopener\">Helena<\/a>. Quelque 3,26 millions de curieux se sont branch\u00e9s sur la Une, soit 18,1 % de l\u2019ensemble du public devant la t\u00e9l\u00e9vision, en premi\u00e8re partie de soir\u00e9e. <a href=\"https:\/\/www.leparisien.fr\/culture-loisirs\/tv\/audiences-tv-star-academy-signe-un-retour-gagnant-et-devance-cyril-feraud-19-10-2025-6E7NK75GHRB2DGCH2OZMPW5PWI.php\" target=\"_blank\" rel=\"noreferrer nofollow noopener\">Un score en hausse<\/a> par rapport au lancement de la pr\u00e9c\u00e9dente saison, (2,9 millions de fans en moyenne)\u2026 et nettement sup\u00e9rieur \u00e0 celui de \u00ab <a href=\"https:\/\/www.leparisien.fr\/culture-loisirs\/tv\/mask-singer-hippo-zebre-chameau-ces-costumes-francais-qui-voyagent-a-linternational-10-10-2025-CEJP5SJT3VCZVNAB65CHLQZF74.php\" rel=\"nofollow noopener\" target=\"_blank\">Mask Singer<\/a> \u00bb, exceptionnellement propos\u00e9e un samedi la semaine derni\u00e8re.<\/p>\n<p class=\"paragraph text_align_left lp-f-body-02\">Lors de cette premi\u00e8re soir\u00e9e, c\u2019est <a href=\"https:\/\/www.leparisien.fr\/culture-loisirs\/tv\/star-academy-qui-est-victor-le-premier-eleve-immunise-de-la-nouvelle-saison-19-10-2025-MOHUL4HS25GAHFXGP3LYHWMAMI.php\" target=\"_blank\" rel=\"noreferrer nofollow noopener\">Victor qui a marqu\u00e9 les esprits<\/a> avec une reprise inspir\u00e9e de \u00ab My Way \u00bb qui lui a valu une immunit\u00e9 avant le deuxi\u00e8me prime-time.<\/p>\n<p><script async src=\"https:\/\/platform.twitter.com\/widgets.js\" charset=\"utf-8\"><\/script><\/p>\n","protected":false},"excerpt":{"rendered":"On les a d\u00e9couverts samedi lors du premier prime time de lancement de la saison 13 de la&hellip;\n","protected":false},"author":2,"featured_media":478599,"comment_status":"","ping_status":"","sticky":false,"template":"","format":"standard","meta":{"footnotes":""},"categories":[8],"tags":[872,58,59,1011,27,2205],"class_list":{"0":"post-478598","1":"post","2":"type-post","3":"status-publish","4":"format-standard","5":"has-post-thumbnail","7":"category-divertissement","8":"tag-culture-et-loisirs","9":"tag-divertissement","10":"tag-entertainment","11":"tag-fr","12":"tag-france","13":"tag-television-medias"},"share_on_mastodon":{"url":"https:\/\/pubeurope.com\/@fr\/115410213865884594","error":""},"_links":{"self":[{"href":"https:\/\/www.europesays.com\/fr\/wp-json\/wp\/v2\/posts\/478598","targetHints":{"allow":["GET"]}}],"collection":[{"href":"https:\/\/www.europesays.com\/fr\/wp-json\/wp\/v2\/posts"}],"about":[{"href":"https:\/\/www.europesays.com\/fr\/wp-json\/wp\/v2\/types\/post"}],"author":[{"embeddable":true,"href":"https:\/\/www.europesays.com\/fr\/wp-json\/wp\/v2\/users\/2"}],"replies":[{"embeddable":true,"href":"https:\/\/www.europesays.com\/fr\/wp-json\/wp\/v2\/comments?post=478598"}],"version-history":[{"count":0,"href":"https:\/\/www.europesays.com\/fr\/wp-json\/wp\/v2\/posts\/478598\/revisions"}],"wp:featuredmedia":[{"embeddable":true,"href":"https:\/\/www.europesays.com\/fr\/wp-json\/wp\/v2\/media\/478599"}],"wp:attachment":[{"href":"https:\/\/www.europesays.com\/fr\/wp-json\/wp\/v2\/media?parent=478598"}],"wp:term":[{"taxonomy":"category","embeddable":true,"href":"https:\/\/www.europesays.com\/fr\/wp-json\/wp\/v2\/categories?post=478598"},{"taxonomy":"post_tag","embeddable":true,"href":"https:\/\/www.europesays.com\/fr\/wp-json\/wp\/v2\/tags?post=478598"}],"curies":[{"name":"wp","href":"https:\/\/api.w.org\/{rel}","templated":true}]}}