{"id":47860,"date":"2025-04-24T00:15:10","date_gmt":"2025-04-24T00:15:10","guid":{"rendered":"https:\/\/www.europesays.com\/fr\/47860\/"},"modified":"2025-04-24T00:15:10","modified_gmt":"2025-04-24T00:15:10","slug":"supprimer-labattement-une-idee-qui-bat-de-laile-liberation","status":"publish","type":"post","link":"https:\/\/www.europesays.com\/fr\/47860\/","title":{"rendered":"supprimer l\u2019abattement, une id\u00e9e qui bat de l\u2019aile \u2013 Lib\u00e9ration"},"content":{"rendered":"<p class=\"sc-ksZaOG ehjQrN text-element\">Laurent Wauquiez un, ballon d\u2019essai z\u00e9ro. En canardant pendant sept minutes sur <a href=\"https:\/\/www.francetvinfo.fr\/economie\/budget\/nous-ne-voterons-pas-de-budget-qui-comporte-la-fin-de-l-abattement-fiscal-de-10-pour-les-retraites-previent-laurent-wauquiez_7205583.html\" target=\"_blank\" rel=\"noreferrer nofollow noopener\" title=\"https:\/\/www.francetvinfo.fr\/economie\/budget\/nous-ne-voterons-pas-de-budget-qui-comporte-la-fin-de-l-abattement-fiscal-de-10-pour-les-retraites-previent-laurent-wauquiez_7205583.html\">France Info<\/a> mercredi 23 avril l\u2019id\u00e9e de <a href=\"https:\/\/www.liberation.fr\/economie\/budget-2026-la-ministre-amelie-de-montchalin-necarte-pas-la-suppression-de-labattement-fiscal-des-retraites-20250420_NMADYJAAVZFVLPYGWEB44M6NLA\/\" target=\"_blank\" rel=\"noreferrer nofollow noopener\" title=\"https:\/\/www.liberation.fr\/economie\/budget-2026-la-ministre-amelie-de-montchalin-necarte-pas-la-suppression-de-labattement-fiscal-des-retraites-20250420_NMADYJAAVZFVLPYGWEB44M6NLA\/\">toucher aux 10 % d\u2019abattement fiscal pour frais professionnels des retrait\u00e9s<\/a>, le patron des d\u00e9put\u00e9s de droite, accessoirement candidat \u00e0 la pr\u00e9sidence de LR en mai, enterre cette piste explor\u00e9e par plusieurs ministres. \u00abOn s\u2019y opposera. Nous ne voterons pas de budget qui comporte cette mesure p\u00e9nalisant les retrait\u00e9s\u00bb, pr\u00e9vient-il. Soucieux d\u2019\u00e9conomiser de <a href=\"https:\/\/www.liberation.fr\/politique\/40-a-50-milliards-deconomies-a-trouver-pour-2026-nouvelle-cure-de-rigueur-en-preparation-pour-le-gouvernement-20250413_PDRSRKJE7BENZAG&lt;\/p&gt;&lt;\/div&gt;&lt;\/article&gt;&lt;\/div&gt;&lt;div data-fusion-lazy-id=\" f0f8vgvlad832fw=\"\" rel=\"nofollow noopener\" target=\"_blank\"><\/p>\n","protected":false},"excerpt":{"rendered":"Laurent Wauquiez un, ballon d\u2019essai z\u00e9ro. En canardant pendant sept minutes sur France Info mercredi 23 avril l\u2019id\u00e9e&hellip;\n","protected":false},"author":2,"featured_media":47861,"comment_status":"","ping_status":"","sticky":false,"template":"","format":"standard","meta":{"footnotes":""},"categories":[6],"tags":[13850,35,13851,33,34,1011,27,13852,11036],"class_list":{"0":"post-47860","1":"post","2":"type-post","3":"status-publish","4":"format-standard","5":"has-post-thumbnail","7":"category-economie","8":"tag-amelie-de-montchalin","9":"tag-business","10":"tag-deficit-public","11":"tag-economie","12":"tag-economy","13":"tag-fr","14":"tag-france","15":"tag-protection-sociale","16":"tag-reforme-des-retraites"},"share_on_mastodon":{"url":"https:\/\/pubeurope.com\/@fr\/114390061833646528","error":""},"_links":{"self":[{"href":"https:\/\/www.europesays.com\/fr\/wp-json\/wp\/v2\/posts\/47860","targetHints":{"allow":["GET"]}}],"collection":[{"href":"https:\/\/www.europesays.com\/fr\/wp-json\/wp\/v2\/posts"}],"about":[{"href":"https:\/\/www.europesays.com\/fr\/wp-json\/wp\/v2\/types\/post"}],"author":[{"embeddable":true,"href":"https:\/\/www.europesays.com\/fr\/wp-json\/wp\/v2\/users\/2"}],"replies":[{"embeddable":true,"href":"https:\/\/www.europesays.com\/fr\/wp-json\/wp\/v2\/comments?post=47860"}],"version-history":[{"count":0,"href":"https:\/\/www.europesays.com\/fr\/wp-json\/wp\/v2\/posts\/47860\/revisions"}],"wp:featuredmedia":[{"embeddable":true,"href":"https:\/\/www.europesays.com\/fr\/wp-json\/wp\/v2\/media\/47861"}],"wp:attachment":[{"href":"https:\/\/www.europesays.com\/fr\/wp-json\/wp\/v2\/media?parent=47860"}],"wp:term":[{"taxonomy":"category","embeddable":true,"href":"https:\/\/www.europesays.com\/fr\/wp-json\/wp\/v2\/categories?post=47860"},{"taxonomy":"post_tag","embeddable":true,"href":"https:\/\/www.europesays.com\/fr\/wp-json\/wp\/v2\/tags?post=47860"}],"curies":[{"name":"wp","href":"https:\/\/api.w.org\/{rel}","templated":true}]}}