{"id":478600,"date":"2025-10-21T04:14:27","date_gmt":"2025-10-21T04:14:27","guid":{"rendered":"https:\/\/www.europesays.com\/fr\/478600\/"},"modified":"2025-10-21T04:14:27","modified_gmt":"2025-10-21T04:14:27","slug":"dji-mini-4k-switch-2-pokemon-tv-hisense-macbook-pro-m4-les-meilleurs-bons-plans-tech-du-lundi-20-octobre-2025","status":"publish","type":"post","link":"https:\/\/www.europesays.com\/fr\/478600\/","title":{"rendered":"DJI Mini 4K, Switch 2 + Pok\u00e9mon, TV Hisense, MacBook Pro M4\u2026 les meilleurs bons plans tech du lundi 20 octobre 2025"},"content":{"rendered":"<p><strong>Ce lundi 20 octobre 2025<\/strong>, les promotions pleuvent sur les meilleurs produits tech ! D\u00e9couvrez celles qui ont retenu notre attention dans cet article. <\/p>\n<p><a target=\"_blank\" href=\"https:\/\/images.frandroid.com\/wp-content\/uploads\/2025\/10\/recap-1-1.jpg\" class=\"article-content__figure\" rel=\"nofollow noopener\"><img fetchpriority=\"high\" decoding=\"async\" loading=\"eager\" width=\"1200\" height=\"675\" src=\"https:\/\/www.europesays.com\/fr\/wp-content\/uploads\/2025\/10\/recap-1-1.jpg\" alt=\"\" class=\"wp-image-2838135 wp-image wp-image\"  \/><\/a><\/p>\n<p>Que vous cherchiez une <strong>console Nintendo Switch 2 en pack<\/strong>, un <strong>drone 4K l\u00e9ger sign\u00e9 DJI<\/strong>, une <strong>TV mini-LED ultra-fluide pour le gaming<\/strong>, ou encore <strong>un MacBook de chez Apple en promotion<\/strong>, les bons plans du jour permettent de r\u00e9aliser de belles \u00e9conomies. D\u00e9couvrez d\u00e8s maintenant notre s\u00e9lection des offres \u00e0 ne surtout pas rater, pour s\u2019\u00e9quiper intelligemment tout en ma\u00eetrisant son budget.<\/p>\n<p><a href=\"https:\/\/images.frandroid.com\/wp-content\/uploads\/2025\/07\/dji-mini-4k-fly-more-combo.jpg\" target=\"_blank\" class=\"article-content__figure\" rel=\"nofollow noopener\"><img loading=\"lazy\" decoding=\"async\" width=\"1200\" height=\"675\" src=\"https:\/\/www.europesays.com\/fr\/wp-content\/uploads\/2025\/10\/dji-mini-4k-fly-more-combo-1200x675.jpg\" alt=\"\" class=\"wp-image-2746483 wp-image\"  \/><\/a><\/p>\n<p>\ud83d\udc49 Voir l\u2019offre <a href=\"https:\/\/shop.frandroid.com\/j1meti3z\" target=\"_blank\" rel=\"nofollow sponsored affiliate noopener\">DJI Mini 4K Fly More Combo \u00e0 369 \u20ac au lieu de 439 \u20ac sur Amazon<\/a><\/p>\n<p>Le <strong>DJI Mini 4K Fly More Combo<\/strong> est en promo \u00e0 seulement <strong>369 \u20ac<\/strong>, contre un tarif habituel de 439 \u20ac. Ce drone l\u00e9ger de moins de 249 g est <strong>id\u00e9al pour les d\u00e9butants comme les passionn\u00e9s<\/strong> : cam\u00e9ra <strong>4K UHD stabilis\u00e9e sur 3 axes<\/strong>, <strong>autonomie jusqu\u2019\u00e0 62 minutes<\/strong> avec deux batteries, une radiocommande intuitive, et une <strong>sacoche de transport<\/strong> pour les escapades vid\u00e9o. Ultra-compact, il autorise un usage sans certification, et filme avec une qualit\u00e9 bluffante pour son gabarit. <a href=\"https:\/\/shop.frandroid.com\/j1meti3z\" target=\"_blank\" rel=\"nofollow sponsored affiliate noopener\">Un bundle complet qui devient tr\u00e8s abordable durant cette promo sur Amazon<\/a>.<\/p>\n<p><a href=\"https:\/\/images.frandroid.com\/wp-content\/uploads\/2025\/10\/nintendo-switch-2-pokemon-za.jpg\" target=\"_blank\" class=\"article-content__figure\" rel=\"nofollow noopener\"><img loading=\"lazy\" decoding=\"async\" width=\"1200\" height=\"777\" src=\"https:\/\/www.europesays.com\/fr\/wp-content\/uploads\/2025\/10\/nintendo-switch-2-pokemon-za-1200x777.jpg\" alt=\"\" class=\"wp-image-2837491 wp-image\"  \/><\/a>Pok\u00e9mon ZA sur la Nintendo Switch 2 \/\/ Source : Frandroid.<\/p>\n<p>\ud83d\udc49 Voir l\u2019offre <a href=\"https:\/\/shop.frandroid.com\/odlajxpk\" target=\"_blank\" rel=\"nofollow sponsored affiliate noopener\">Switch 2 + L\u00e9gendes Pok\u00e9mon Z-A \u00e0 454,90 \u20ac chez Carrefour<\/a><br \/>\ud83d\udc49 Voir l\u2019offre <a href=\"https:\/\/shop.frandroid.com\/g5yf2wjp\" target=\"_blank\" rel=\"nofollow sponsored affiliate noopener\">Switch 2 + Mario Kart \u00e0 454 \u20ac chez E.Leclerc<\/a><br \/>\ud83d\udc49 Voir l\u2019offre <a href=\"https:\/\/shop.frandroid.com\/6dg7zfwt\" target=\"_blank\" rel=\"nofollow sponsored affiliate noopener\">Switch 2 + Mario Kart \u00e0 454 \u20ac chez Carrefour<\/a><\/p>\n<p>Le pack <strong>Nintendo Switch 2 + L\u00e9gendes Pok\u00e9mon Z-A<\/strong> est affich\u00e9 \u00e0 <strong>454,90 \u20ac chez Carrefour<\/strong>, au lieu de 509,99 \u20ac sur le store officiel, soit une belle remise pour une console tout juste lanc\u00e9e. Elle b\u00e9n\u00e9ficie d\u2019<strong>un \u00e9cran 7,9 pouces Full HD 120 Hz<\/strong>, de <strong>nouveaux Joy\u2011con magn\u00e9tiques<\/strong> et <strong>d\u2019un excellent gain de performances<\/strong>. Autre combo int\u00e9ressant : la Nintendo Switch 2 + Mario Kart World est \u00e0 <a href=\"https:\/\/shop.frandroid.com\/6dg7zfwt\" target=\"_blank\" rel=\"nofollow sponsored affiliate noopener\">454 \u20ac chez Carrefour<\/a> et <a href=\"https:\/\/shop.frandroid.com\/g5yf2wjp\" target=\"_blank\" rel=\"nofollow sponsored affiliate noopener\">chez E.Leclerc<\/a>.<\/p>\n<p><a href=\"https:\/\/images.frandroid.com\/wp-content\/uploads\/2025\/04\/hisense-u7q-pro-lifestyle-scaled.jpg\" target=\"_blank\" class=\"article-content__figure\" rel=\"nofollow noopener\"><img loading=\"lazy\" decoding=\"async\" width=\"1200\" height=\"675\" src=\"https:\/\/www.europesays.com\/fr\/wp-content\/uploads\/2025\/10\/hisense-u7q-pro-lifestyle-1200x675.jpg\" alt=\"\" class=\"wp-image-2589391 wp-image\"  \/><\/a>Hisense U7Q Pro \/\/ Source : Hisense<\/p>\n<p>\ud83d\udc49 Voir l\u2019offre <a href=\"https:\/\/shop.frandroid.com\/gl5f0tvd\" target=\"_blank\" rel=\"noreferrer noopener nofollow\">Hisense 55U7Q Pro \u00e0 599 \u20ac chez Boulanger<\/a><br \/>\ud83d\udc49 Voir l\u2019offre <a href=\"https:\/\/shop.frandroid.com\/c3spjz1q\" target=\"_blank\" rel=\"noreferrer noopener nofollow\">Hisense 55U7Q Pro \u00e0 599,99 \u20ac chez Darty<\/a><\/p>\n<p>Le <strong>Hisense 55U7Q Pro<\/strong> de 55 pouces passe sous les 600 \u20ac ! Initialement \u00e0 999 \u20ac, il est actuellement \u00e0 <strong>599 \u20ac chez Boulanger<\/strong> (via ODR de 50 \u20ac), et <strong>\u00e0 599,99 \u20ac chez Darty<\/strong>. Une aubaine pour ce <strong>t\u00e9l\u00e9viseur Mini LED ultra lumineux<\/strong> (jusqu\u2019\u00e0 2 000 nits), avec dalle <strong>4K HDR jusqu\u2019\u00e0 165 Hz<\/strong> pour les joueurs, HDMI 2.1, et <strong>Dolby Atmos sonore int\u00e9gr\u00e9<\/strong>. <a href=\"https:\/\/shop.frandroid.com\/gl5f0tvd\" target=\"_blank\" rel=\"nofollow sponsored affiliate noopener\">Il fera le bonheur des gamers ou cin\u00e9philes en qu\u00eate de fluidit\u00e9 et d\u2019immersion<\/a>.<\/p>\n<p><a href=\"https:\/\/images.frandroid.com\/wp-content\/uploads\/2025\/05\/alienware-aw3425dw-affichage-1-1.jpeg\" target=\"_blank\" class=\"article-content__figure\" rel=\"nofollow noopener\"><img loading=\"lazy\" decoding=\"async\" width=\"1200\" height=\"800\" src=\"https:\/\/www.europesays.com\/fr\/wp-content\/uploads\/2025\/10\/alienware-aw3425dw-affichage-1-1-1200x800.jpeg\" alt=\"\" class=\"wp-image-2626613 wp-image\"  \/><\/a><\/p>\n<p>\ud83d\udc49 Voir l\u2019offre <a href=\"https:\/\/shop.frandroid.com\/7v83x8oa\" target=\"_blank\" rel=\"nofollow sponsored affiliate noopener\">Alienware 34 QD-OLED AW3425DW \u00e0 749,11 \u20ac chez Dell<\/a><\/p>\n<p>Le <strong>moniteur Alienware 34 QD-OLED AW3425DW<\/strong> perd 100 \u20ac et tombe \u00e0 <strong>749,11 \u20ac sur le site de Dell<\/strong>. Ce mod\u00e8le <strong>ultra-wide 34 pouces incurv\u00e9<\/strong> profite d\u2019une <strong>dalle QD-OLED 240 Hz<\/strong> tr\u00e8s r\u00e9active (0,03 ms), d\u2019une <strong>r\u00e9solution WQHD<\/strong>, d\u2019une compatibilit\u00e9 HDR certifi\u00e9e VESA DisplayHDR 600 et d\u2019une connectique riche avec <strong>HDMI 2.1, DisplayPort et USB-C<\/strong>. <a href=\"https:\/\/shop.frandroid.com\/7v83x8oa\" target=\"_blank\" rel=\"nofollow sponsored affiliate noopener\">Un \u00e9cran haut de gamme parfait pour le gaming immersif<\/a>.<\/p>\n<p><a href=\"https:\/\/images.frandroid.com\/wp-content\/uploads\/2025\/10\/test-apple-airpods-pro-3-13.jpg\" target=\"_blank\" class=\"article-content__figure\" rel=\"nofollow noopener\"><img loading=\"lazy\" decoding=\"async\" width=\"1200\" height=\"800\" src=\"https:\/\/www.europesays.com\/fr\/wp-content\/uploads\/2025\/10\/test-apple-airpods-pro-3-13-1200x800.jpg\" alt=\"\" class=\"wp-image-2821395 wp-image\"  \/><\/a><\/p>\n<p id=\"block-934c5b4d-35bb-43d4-bc91-2154e645e179\">\ud83d\udc49 Voir l\u2019offre <a href=\"https:\/\/shop.frandroid.com\/o8n1on3j\" target=\"_blank\" rel=\"noreferrer noopener nofollow\">AirPods Pro 3 \u00e0 236 \u20ac chez Amazon<\/a><\/p>\n<p>Les <strong>AirPods Pro 3<\/strong> sont d\u00e9j\u00e0 en r\u00e9duction alors qu\u2019ils viennent de sortir<a href=\"https:\/\/shop.frandroid.com\/o8n1on3j\" target=\"_blank\" rel=\"nofollow sponsored affiliate noopener\">. Chez Amazon ils sont \u00e0 236 \u20ac<\/a>, contre 249 \u20ac en prix de lancement. Ces \u00e9couteurs true wireless offrent une excellente ANC, du Hi-Res Audio et une ergonomie am\u00e9lior\u00e9e.<\/p>\n<p><a href=\"https:\/\/images.frandroid.com\/wp-content\/uploads\/2025\/10\/image-69.jpg\" target=\"_blank\" class=\"article-content__figure\" rel=\"nofollow noopener\"><img loading=\"lazy\" decoding=\"async\" width=\"1200\" height=\"800\" src=\"https:\/\/www.europesays.com\/fr\/wp-content\/uploads\/2025\/10\/image-69-1200x800.jpg\" alt=\"\" class=\"wp-image-2837399 wp-image\"  \/><\/a><\/p>\n<p>\ud83d\udc49 Voir l\u2019offre <a href=\"https:\/\/shop.frandroid.com\/2ccqhbx2\" target=\"_blank\" rel=\"nofollow sponsored affiliate noopener\">Joy-Con Nintendo Switch 2 \u00e0 69,99 \u20ac chez Auchan<\/a><\/p>\n<p>Les <strong>nouveaux Joy-Con officiels de la Nintendo Switch 2<\/strong> sont en promo chez <a href=\"https:\/\/shop.frandroid.com\/2ccqhbx2\" target=\"_blank\" rel=\"nofollow sponsored affiliate noopener\">Auchan \u00e0 69,99 \u20ac au lieu de 89,99 \u20ac<\/a>. Ils embarquent un <strong>design \u00e9largi pens\u00e9 pour le confort<\/strong>, de <strong>nouveaux sticks optimis\u00e9s<\/strong> et une autonomie de <strong>jusqu\u2019\u00e0 20h<\/strong>. On peut aussi ajouter un <a href=\"https:\/\/shop.frandroid.com\/t0n0ql5o\" target=\"_blank\" rel=\"nofollow sponsored affiliate noopener\">support transformant ces Joy-Con en manette classique<\/a>.<\/p>\n<p><a href=\"https:\/\/images.frandroid.com\/wp-content\/uploads\/2025\/10\/asus-tuf-gaming-a16.jpg\" target=\"_blank\" class=\"article-content__figure\" rel=\"nofollow noopener\"><img loading=\"lazy\" decoding=\"async\" width=\"1200\" height=\"644\" src=\"https:\/\/www.europesays.com\/fr\/wp-content\/uploads\/2025\/10\/asus-tuf-gaming-a16-1200x644.jpg\" alt=\"\" class=\"wp-image-2837805 wp-image\"  \/><\/a>L\u2019Asus TUF Gaming A16. \/\/ Source : Asus<\/p>\n<p>\ud83d\udc49 Voir l\u2019offre <a href=\"https:\/\/shop.frandroid.com\/xe2vd0v9\" target=\"_blank\" rel=\"nofollow sponsored affiliate noopener\">Asus TUF Gaming A16 avec RTX 5060 \u00e0 1 099,99 \u20ac sur Cdiscount<\/a><\/p>\n<p>Le <strong>laptop gaming Asus TUF Gaming A16<\/strong> chute \u00e0 <a href=\"https:\/\/shop.frandroid.com\/xe2vd0v9\" target=\"_blank\" rel=\"nofollow sponsored affiliate noopener\">1 099,99 \u20ac chez Cdiscount<\/a> au lieu de 1 349,99 \u20ac. Il arbore un \u00e9cran <strong>16 pouces IPS 165 Hz<\/strong>, un processeur Ryzen 7, une <strong>carte graphique RTX 5060<\/strong>, 16 Go de RAM et un SSD de 1 To. Solide, efficace, puissant \u2014 parfait pour les gamers exigeants, mais attention : <strong>il est livr\u00e9 sans syst\u00e8me d\u2019exploitation<\/strong>.<\/p>\n<p><a href=\"https:\/\/images.frandroid.com\/wp-content\/uploads\/2025\/10\/image-69-2.jpg\" target=\"_blank\" class=\"article-content__figure\" rel=\"nofollow noopener\"><img loading=\"lazy\" decoding=\"async\" width=\"1200\" height=\"802\" src=\"https:\/\/www.europesays.com\/fr\/wp-content\/uploads\/2025\/10\/image-69-2-1200x802.jpg\" alt=\"\" class=\"wp-image-2837843 wp-image\"  \/><\/a><\/p>\n<p>\ud83d\udc49 Voir l\u2019offre <a href=\"https:\/\/shop.frandroid.com\/6bv7yhvv\" target=\"_blank\" rel=\"nofollow sponsored affiliate noopener\">MacBook Pro M4 \u00e0 1 659 \u20ac chez la Fnac<\/a><br \/>\ud83d\udc49 Voir l\u2019offre <a href=\"https:\/\/shop.frandroid.com\/to3g2lmh\" target=\"_blank\" rel=\"nofollow sponsored affiliate noopener\">MacBook Pro M4 \u00e0 1 659 \u20ac chez E.Leclerc<\/a><\/p>\n<p>La sortie du MacBook Pro M5 fait logiquement baisser le prix du puissant <strong>MacBook Pro M4 14 pouces (2024)<\/strong>. On le retrouve \u00e0 seulement <a href=\"https:\/\/shop.frandroid.com\/6bv7yhvv\" target=\"_blank\" rel=\"nofollow sponsored affiliate noopener\">1 659 \u20ac chez la Fnac<\/a> ou <a href=\"https:\/\/shop.frandroid.com\/to3g2lmh\" target=\"_blank\" rel=\"nofollow sponsored affiliate noopener\">chez E.Leclerc<\/a>, avec <strong>16 Go de RAM, 512 Go de SSD et la puissante puce M4<\/strong>. Un vrai bon plan pour un mod\u00e8le tr\u00e8s proche du nouveau, avec <strong>\u00e9cran mini-LED XDR 120 Hz<\/strong> et une autonomie toujours exemplaire.<\/p>\n<p>\ud83d\udc49 Pour \u00eatre s\u00fbr de ne manquer aucun bons plans, consultez notre <a href=\"https:\/\/www.frandroid.com\/bons-plans\" rel=\"nofollow noopener\" target=\"_blank\">page Bons Plans<\/a>, rejoignez <strong>Frandroid Promos<\/strong> sur <a href=\"https:\/\/whatsapp.com\/channel\/0029VabYxm5LI8YhSlD8xc05\" target=\"_blank\" rel=\"nofollow noopener\">WhatsApp<\/a> ou suivez <a href=\"https:\/\/x.com\/frandroidpromos\" target=\"_blank\" rel=\"nofollow\">@frandroidpromos<\/a> sur <strong>X<\/strong> (Twitter).<\/p>\n","protected":false},"excerpt":{"rendered":"Ce lundi 20 octobre 2025, les promotions pleuvent sur les meilleurs produits tech ! D\u00e9couvrez celles qui ont&hellip;\n","protected":false},"author":2,"featured_media":478601,"comment_status":"","ping_status":"","sticky":false,"template":"","format":"standard","meta":{"footnotes":""},"categories":[7],"tags":[1011,27,50124,43,40,41,39,42,44],"class_list":{"0":"post-478600","1":"post","2":"type-post","3":"status-publish","4":"format-standard","5":"has-post-thumbnail","7":"category-sciences-et-technologies","8":"tag-fr","9":"tag-france","10":"tag-recap-bons-plans","11":"tag-science","12":"tag-science-and-technology","13":"tag-sciences","14":"tag-sciences-et-technologies","15":"tag-technologies","16":"tag-technology"},"share_on_mastodon":{"url":"https:\/\/pubeurope.com\/@fr\/115410218214429692","error":""},"_links":{"self":[{"href":"https:\/\/www.europesays.com\/fr\/wp-json\/wp\/v2\/posts\/478600","targetHints":{"allow":["GET"]}}],"collection":[{"href":"https:\/\/www.europesays.com\/fr\/wp-json\/wp\/v2\/posts"}],"about":[{"href":"https:\/\/www.europesays.com\/fr\/wp-json\/wp\/v2\/types\/post"}],"author":[{"embeddable":true,"href":"https:\/\/www.europesays.com\/fr\/wp-json\/wp\/v2\/users\/2"}],"replies":[{"embeddable":true,"href":"https:\/\/www.europesays.com\/fr\/wp-json\/wp\/v2\/comments?post=478600"}],"version-history":[{"count":0,"href":"https:\/\/www.europesays.com\/fr\/wp-json\/wp\/v2\/posts\/478600\/revisions"}],"wp:featuredmedia":[{"embeddable":true,"href":"https:\/\/www.europesays.com\/fr\/wp-json\/wp\/v2\/media\/478601"}],"wp:attachment":[{"href":"https:\/\/www.europesays.com\/fr\/wp-json\/wp\/v2\/media?parent=478600"}],"wp:term":[{"taxonomy":"category","embeddable":true,"href":"https:\/\/www.europesays.com\/fr\/wp-json\/wp\/v2\/categories?post=478600"},{"taxonomy":"post_tag","embeddable":true,"href":"https:\/\/www.europesays.com\/fr\/wp-json\/wp\/v2\/tags?post=478600"}],"curies":[{"name":"wp","href":"https:\/\/api.w.org\/{rel}","templated":true}]}}