{"id":478610,"date":"2025-10-21T04:19:11","date_gmt":"2025-10-21T04:19:11","guid":{"rendered":"https:\/\/www.europesays.com\/fr\/478610\/"},"modified":"2025-10-21T04:19:11","modified_gmt":"2025-10-21T04:19:11","slug":"saint-etienne-des-travaux-xxl-annonces-dans-cette-ecole-degradee-ce-qui-est-prevu","status":"publish","type":"post","link":"https:\/\/www.europesays.com\/fr\/478610\/","title":{"rendered":"Saint-\u00c9tienne. Des travaux XXL annonc\u00e9s dans cette \u00e9cole d\u00e9grad\u00e9e, ce qui est pr\u00e9vu"},"content":{"rendered":"<p>            Par<br \/>\n        <strong><br \/>\n            <a href=\"https:\/\/actu.fr\/auteur\/julien-sournies\" title=\"Consulter tous les articles de Julien Sournies\" rel=\"nofollow noopener\" target=\"_blank\">Julien Sournies<\/a><br \/>\n        <\/strong><\/p>\n<p>        Publi\u00e9 le<\/p>\n<p>            21 oct. 2025 \u00e0 6h16        <\/p>\n<p>\u00ab\u2009Des infiltrations, des pannes de chaudi\u00e8re, des locaux d\u00e9grad\u00e9s et un air int\u00e9rieur qui a \u00e9t\u00e9 class\u00e9 \u00e0 un moment comme l\u2019un des plus pollu\u00e9s des \u00e9coles st\u00e9phanoises\u2009\u00bb. Lors du conseil municipal du lundi 13 octobre, Julie Tokhi, \u00e9lue d\u2019opposition de la municipalit\u00e9 de <a href=\"https:\/\/actu.fr\/saint-etienne\/\" rel=\"nofollow noopener\" target=\"_blank\">Saint-\u00c9tienne<\/a> (<a href=\"https:\/\/actu.fr\/auvergne-rhone-alpes\/loire_42\" rel=\"nofollow noopener\" target=\"_blank\">Loire<\/a>), n\u2019a pas manqu\u00e9 de rappeler la v\u00e9tust\u00e9 du b\u00e2timent abritant <strong>l\u2019\u00e9cole publique de Centre Deux<\/strong>.<br \/>Dans le cadre du plan \u00e9cole de la Ville, le groupe scolaire de la rue Claudius-Buard, cible de nombreux griefs de la part des parents d\u2019\u00e9l\u00e8ves ces derni\u00e8res ann\u00e9es, va prochainement faire l\u2019objet d\u2019importants travaux de r\u00e9novation. Ce qui est pr\u00e9vu.<\/p>\n<p>    <a href=\"https:\/\/www.google.com\/maps\/embed?pb=!1m18!1m12!1m3!1d415.2297321052413!2d4.395750473401954!3d45.42128091857482!2m3!1f0!2f0!3f0!3m2!1i1024!2i768!4f13.1!3m3!1m2!1s0x47f5a93592674c05%3A0x3405fc653431f65c!2sEcoles%20Communales%20El%C3%A9mentaires!5e1!3m2!1sfr!2sfr!4v1760966482284!5m2!1sfr!2sfr\" title=\"Ouvrie le lien\" rel=\"nofollow noopener\" target=\"_blank\">Cliquez ici pour visualiser le contenu<\/a><\/p>\n<p>Un chantier \u00e0 neuf millions d\u2019euros<\/p>\n<p class=\" wall-content\">Au global, pas moins de neuf millions d\u2019euros vont \u00eatre inject\u00e9s par la Ville dans la r\u00e9alisation de ces tant attendus travaux. Ces derniers d\u00e9buteront au milieu de l\u2019ann\u00e9e 2026 et se d\u00e9rouleront en site occup\u00e9, afin que \u00ab\u2009\u00e7a aille le plus vite possible\u2009\u00bb, pr\u00e9cise Dominique Manin, adjointe de Ga\u00ebl Perdriau \u00e0 l\u2019\u00e9ducation et \u00e0 la jeunesse.<\/p>\n<p class=\" wall-content\">Ainsi, les travaux, qui pourraient s\u2019achever \u00e0 l\u2019horizon 2027, pr\u00e9voient une r\u00e9habilitation totale des lieux, \u00e0 commencer par l\u2019int\u00e9rieur\u2009: la circulation sera modifi\u00e9e avec la cr\u00e9ation d\u2019un <strong>ascenseur<\/strong> au b\u00e9n\u00e9fice des \u00e9l\u00e8ves et du personnel \u00e0 mobilit\u00e9 r\u00e9duite, et d\u2019un escalier central. Les salles de classe seront, elles, totalement r\u00e9nov\u00e9es.<\/p>\n<p>    <img   decoding=\"async\" loading=\"lazy\" src=\"https:\/\/www.europesays.com\/fr\/wp-content\/uploads\/2025\/10\/sainte-ecole-960x640.jpg\" alt=\"sfbhd\" width=\"960\" height=\"640\"\/><br \/>\n    \u00a0Une nouvelle entr\u00e9e principale, condamnant ainsi l\u2019ancienne, sera aussi introduite pour plus de lisibilit\u00e9.(\u00a9Atelier d\u2019architecture Rivat)<\/p>\n<p class=\" wall-content\">De son c\u00f4t\u00e9, l\u2019espace de restauration, qui sera en chantier uniquement en p\u00e9riode de vacances scolaires, sera par ailleurs <strong>agrandi<\/strong>.<\/p>\n<p class=\" wall-content\">\u00c0 l\u2019ext\u00e9rieur, les deux cours de r\u00e9cr\u00e9ation feront \u00e9galement peau neuve avec l\u2019ajout de v\u00e9g\u00e9talisation. Une nouvelle entr\u00e9e principale, condamnant ainsi l\u2019ancienne, sera aussi introduite pour plus de \u00ab\u00a0s\u00e9curit\u00e9\u00a0\u00bb. Enfin, des <strong>travaux de r\u00e9novation \u00e9nerg\u00e9tique<\/strong> vont \u00eatre r\u00e9alis\u00e9s en parall\u00e8le.<\/p>\n<p>Votre r\u00e9gion, votre actu !<\/p>\n<p>Recevez chaque jour les infos qui comptent pour vous.<\/p>\n<p>\t<a href=\"https:\/\/actu.fr\/newsletter\" class=\"ac-btn ac-btn--corner ac-btn--medium ac-btn--blue800\" rel=\"nofollow noopener\" target=\"_blank\">S&rsquo;incrire<\/a><br \/>\nLes \u00e9l\u00e8ves relog\u00e9s dans une \u00e9cole provisoire<\/p>\n<p class=\" wall-content\">En attendant la fin des travaux, les quelque 300 \u00e9l\u00e8ves scolaris\u00e9s au sein de l\u2019\u00e9cole vont \u00eatre relog\u00e9s. En effet, plusieurs<strong> b\u00e2timents modulaires<\/strong> compos\u00e9s, entre autres, de quinze salles de classe vont \u00eatre install\u00e9s pour continuer d\u2019assurer l\u2019accueil des enfants.<\/p>\n<p class=\" wall-content\">Pour rappel, au cours du mandat actuel, pr\u00e8s de 40 millions d\u2019euros ont \u00e9t\u00e9 investis dans le cadre du plan \u00e9cole de la Ville, dont quelque 20 millions ont contribu\u00e9 ou vont contribuer \u00e0 la r\u00e9habilitation compl\u00e8te de cinq \u00e9tablissements\u2009scolaires : Centre-Deux, La Vivaraize (5,8 millions d\u2019euros), Jacquard (6 millions d\u2019euros), l\u2019\u00e9cole Thiollier et l\u2019\u00e9cole \u00e9l\u00e9mentaire La Veue.<\/p>\n<p class=\" wall-content\">Personnalisez votre actualit\u00e9 en ajoutant vos villes et m\u00e9dias en favori avec <a href=\"https:\/\/moncompte.actu.fr\" title=\"D\u00e9couvez Mon Actu\" rel=\"nofollow noopener\" data-trk=\"{&quot;cta&quot;:{&quot;action&quot;:&quot;https:\\\/\\\/moncompte.actu.fr&quot;,&quot;category&quot;:&quot;mon compte&quot;,&quot;from&quot;:&quot;article footer&quot;,&quot;name&quot;:&quot;Mon actu&quot;,&quot;type&quot;:&quot;cta&quot;}}\" target=\"_blank\">Mon Actu<\/a>.<\/p>\n","protected":false},"excerpt":{"rendered":"Par Julien Sournies Publi\u00e9 le 21 oct. 2025 \u00e0 6h16 \u00ab\u2009Des infiltrations, des pannes de chaudi\u00e8re, des locaux&hellip;\n","protected":false},"author":2,"featured_media":478611,"comment_status":"","ping_status":"","sticky":false,"template":"","format":"standard","meta":{"footnotes":""},"categories":[9653],"tags":[1111,11,2430,33,1057,1777,674,1011,27,12,25,4001,2086],"class_list":{"0":"post-478610","1":"post","2":"type-post","3":"status-publish","4":"format-standard","5":"has-post-thumbnail","7":"category-saint-etienne","8":"tag-actu","9":"tag-actualites","10":"tag-auvergne-rhone-alpes","11":"tag-economie","12":"tag-education","13":"tag-eu","14":"tag-europe","15":"tag-fr","16":"tag-france","17":"tag-news","18":"tag-republique-francaise","19":"tag-saint-etienne","20":"tag-travaux"},"share_on_mastodon":{"url":"https:\/\/pubeurope.com\/@fr\/115410237800851508","error":""},"_links":{"self":[{"href":"https:\/\/www.europesays.com\/fr\/wp-json\/wp\/v2\/posts\/478610","targetHints":{"allow":["GET"]}}],"collection":[{"href":"https:\/\/www.europesays.com\/fr\/wp-json\/wp\/v2\/posts"}],"about":[{"href":"https:\/\/www.europesays.com\/fr\/wp-json\/wp\/v2\/types\/post"}],"author":[{"embeddable":true,"href":"https:\/\/www.europesays.com\/fr\/wp-json\/wp\/v2\/users\/2"}],"replies":[{"embeddable":true,"href":"https:\/\/www.europesays.com\/fr\/wp-json\/wp\/v2\/comments?post=478610"}],"version-history":[{"count":0,"href":"https:\/\/www.europesays.com\/fr\/wp-json\/wp\/v2\/posts\/478610\/revisions"}],"wp:featuredmedia":[{"embeddable":true,"href":"https:\/\/www.europesays.com\/fr\/wp-json\/wp\/v2\/media\/478611"}],"wp:attachment":[{"href":"https:\/\/www.europesays.com\/fr\/wp-json\/wp\/v2\/media?parent=478610"}],"wp:term":[{"taxonomy":"category","embeddable":true,"href":"https:\/\/www.europesays.com\/fr\/wp-json\/wp\/v2\/categories?post=478610"},{"taxonomy":"post_tag","embeddable":true,"href":"https:\/\/www.europesays.com\/fr\/wp-json\/wp\/v2\/tags?post=478610"}],"curies":[{"name":"wp","href":"https:\/\/api.w.org\/{rel}","templated":true}]}}