{"id":478612,"date":"2025-10-21T04:20:13","date_gmt":"2025-10-21T04:20:13","guid":{"rendered":"https:\/\/www.europesays.com\/fr\/478612\/"},"modified":"2025-10-21T04:20:13","modified_gmt":"2025-10-21T04:20:13","slug":"musique-saint-etienne-ce-groupe-britannique-qui-a-choisi-son-nom-en-hommage-a-lasse","status":"publish","type":"post","link":"https:\/\/www.europesays.com\/fr\/478612\/","title":{"rendered":"Musique. Saint Etienne, ce groupe britannique qui a choisi son nom en hommage \u00e0 l\u2019ASSE"},"content":{"rendered":"<blockquote class=\"question\"><p>Pour quelle raison avez-vous choisi de nommer votre trio musical (Sarah Cracknell-Bob Stanley-Pete Wiggs) par le nom de la ville pr\u00e9fecture de la Loire\u00a0?<\/p><\/blockquote>\n<p>\u00ab\u00a0Parce que dans les ann\u00e9es 1970, l\u2019AS Saint-\u00c9tienne \u00e9tait consid\u00e9r\u00e9e comme un club tr\u00e8s cool en France. Et lorsque les Verts ont atteint la finale de la Coupe d\u2019Europe \u00e0 Glasgow (1976), ils ont d\u00e9velopp\u00e9 une v\u00e9ritable communaut\u00e9 de supporters en Grande-Bretagne. Leurs tenues \u00e9taient vraiment cools, les joueurs incroyables et leur jeu vraiment audacieux. Ils faisaient preuve de bravade, comme des pirates avec un coutelas. Tout le monde avait un faible pour eux et c\u2019\u00e9tait triste quand ils ont perdu contre le Bayern Munich.\u00a0\u00bb<\/p>\n<p>\u00ab\u00a0Pete et moi avions eu l\u2019id\u00e9e de ce nom quand on \u00e9tait \u00e0 l\u2019\u00e9cole, vers 15 ans, alors qu\u2019on n\u2019avait pas encore de groupe. Donc, le nom est venu en premier\u00a0! Mais Pete et Sarah n\u2019aiment pas le football autant que moi.\u00a0\u00bb<\/p>\n<blockquote class=\"question\"><p>Vous avez quand m\u00eame une \u00e9quipe pr\u00e9f\u00e9r\u00e9e en Angleterre\u00a0?<\/p><\/blockquote>\n<p>\u00ab\u00a0J\u2019aime bien le football des divisions inf\u00e9rieures. Quand j\u2019\u00e9tais jeune, j\u2019allais voir des matchs amateurs et c\u2019est ce que j\u2019ai toujours suivi. Mais j\u2019aime bien aussi Liverpool et Arsenal. Je suis n\u00e9 \u00e0 Croydon, dans le sud de Londres, donc Crystal Palace est mon \u00e9quipe locale. Sarah est fan des Queens Park Rangers.\u00a0\u00bb<\/p>\n<p>  \u00ab\u00a0Les Verts des ann\u00e9es 1970 incarnaient une sorte de romantisme\u00a0\u00bb<\/p>\n<blockquote class=\"question\"><p>Pour vous, l\u2019AS Saint-\u00c9tienne est-elle indissociable de la culture populaire\u00a0?<\/p><\/blockquote>\n<p>\u00ab\u00a0Oui. <a href=\"https:\/\/www.leprogres.fr\/asse\/2017\/02\/16\/une-histoire-de-l-asse-face-aux-grands-d-europe\" target=\"_blank\" rel=\"noopener\">Je me souviens bien du match contre Liverpool (1977)<\/a>. J\u2019ai un ami de Liverpool \u00e0 qui on a offert un maillot de l\u2019ASSE quand il \u00e9tait petit. Et il me l\u2019a ensuite offert pour mon fils\u00a0! Saint-\u00c9tienne avait une place sp\u00e9ciale dans nos c\u0153urs et c\u2019est un nom qui sonne bien. Et ce n\u2019est pas pour des raisons religieuses\u00a0! Mais aucun de nous n\u2019est d\u00e9j\u00e0 all\u00e9 \u00e0 Saint-\u00c9tienne.\u00a0\u00bb<\/p>\n<blockquote class=\"question\"><p>Pensez-vous qu\u2019il y a un lien entre la pop culture que vous repr\u00e9sentez et l\u2019AS Saint-\u00c9tienne des ann\u00e9es 1970\u00a0?<\/p><\/blockquote>\n<p>\u00ab\u00a0Je pense que oui. Les Verts des ann\u00e9es 1970 incarnaient une sorte de romantisme. Ils \u00e9taient comme des outsiders. Le club n\u2019\u00e9tait pas le plus riche et avait une base de fans plut\u00f4t ouvri\u00e8re. Il repr\u00e9sentait beaucoup de choses que nous aimons.\u00a0\u00bb<\/p>\n<blockquote class=\"question\"><p>Le public anglais vous demande-t-il souvent pourquoi vous avez choisi le nom d\u2019une ville fran\u00e7aise\u00a0?<\/p><\/blockquote>\n<p>\u00ab\u00a0Absolument. En 1990, le football britannique traversait une p\u00e9riode tr\u00e8s difficile apr\u00e8s les drames de Hillsborough (1989), du Heysel (1985) et le d\u00e9sastre de Valley Parade \u00e0 Bradford (1985). Je pense que la Coupe du monde en Italie correspond \u00e0 la premi\u00e8re fois o\u00f9 Anglais se sont vraiment remis au football depuis longtemps. C\u2019est \u00e0 ce moment-l\u00e0 qu\u2019on a commenc\u00e9 et qu\u2019est sorti notre premier album (Foxbase Alpha). Apr\u00e8s \u00e7a, porter le nom d\u2019un club de foot ou d\u2019un joueur est devenu tr\u00e8s populaire.\u00a0\u00bb<\/p>\n<p>\u00ab\u00a0Il y avait des groupes qui se sont appel\u00e9s Eus\u00e9bio, <a href=\"https:\/\/www.leprogres.fr\/p\/pele\" target=\"_blank\" rel=\"noopener\">Pel\u00e9<\/a> ou Boca Juniors (il y a aussi le groupe de rock fran\u00e7ais Astonvilla cr\u00e9\u00e9 en 1994, N.D.L.R.). Mais je crois qu\u2019on \u00e9tait les premiers \u00e0 porter le nom d\u2019une \u00e9quipe de foot.\u00a0On s\u2019est toujours consid\u00e9r\u00e9s comme un groupe europ\u00e9en plut\u00f4t qu\u2019un groupe anglais. Surtout en ce moment parce qu\u2019il y a beaucoup de nationalisme d\u00e9sagr\u00e9able. C\u2019est donc une bonne chose d\u2019avoir un nom qui vient d\u2019un pays \u00e9tranger.\u00a0\u00bb<\/p>\n<p>  \u00ab\u00a0Enregistrer cet album, c&rsquo;\u00e9tait comme faire une f\u00eate quand on quitte un travail\u00a0\u00bb<\/p>\n<blockquote class=\"question\"><p>En septembre, vous avez annonc\u00e9 la s\u00e9paration du groupe avec la sortie de votre dernier album, International. Pourquoi mettre fin \u00e0 cette aventure\u00a0?<\/p><\/blockquote>\n<p>\u00ab\u00a0Je pense qu\u2019on arrive tous \u00e0 l\u2019\u00e2ge de la retraite, donc c\u2019est logique. Il semble opportun d\u2019arr\u00eater tant que nous sommes encore assez populaires.\u00a0\u00bb<\/p>\n<blockquote class=\"question\"><p>Dub, funk, rock, indie dance, sonorit\u00e9s \u00e9lectroniques\u2026 Vous souhaitiez que cet album final r\u00e9unisse tous les styles que vous avez explor\u00e9s ces 35 derni\u00e8res ann\u00e9es\u00a0?<\/p><\/blockquote>\n<p>\u00ab\u00a0Ce n\u2019\u00e9tait pas vraiment intentionnel. Mais quand on a d\u00e9cid\u00e9 que ce serait le dernier album, \u00e7a nous a \u00e9videmment fait r\u00e9fl\u00e9chir \u00e0 ce qu\u2019on avait fait jusqu\u2019\u00e0 pr\u00e9sent. Et je pense que \u00e7a a influenc\u00e9 la mani\u00e8re dont l\u2019album sonne.\u00a0\u00bb<\/p>\n<blockquote class=\"question\"><p>Il y a beaucoup de featurings dans cet ultime album. Vous aviez envie de le partager avec plein d\u2019amis\u00a0?<\/p><\/blockquote>\n<p>\u00ab C&rsquo;\u00e9tait comme faire une f\u00eate quand on quitte un travail. Donc, oui, on voulait inviter des gens avec qui on avait d\u00e9j\u00e0 travaill\u00e9, comme les Chemical Brothers et d\u2019autres qui \u00e9taient les h\u00e9ros de notre adolescence, tels Vince Clark et Nick Heyward.\u00a0\u00bb<\/p>\n<p>  \u00ab\u00a0Ce serait bien de jouer \u00e0 Saint-\u00c9tienne, nous avons besoin d\u2019un promoteur\u00a0\u00bb<\/p>\n<blockquote class=\"question\"><p>En 35 ans avec le groupe Saint Etienne, quel est votre meilleur souvenir\u00a0?<\/p><\/blockquote>\n<p>\u00ab\u00a0Je crois que c\u2019\u00e9tait la premi\u00e8re fois qu\u2019on \u00e9tait \u00e0 \u201cTop of the Pops\u201d (une \u00e9mission musicale britannique culte diffus\u00e9e sur la BBC, N.D.L.R.). On la regardait tous depuis l\u2019enfance et c&rsquo;\u00e9tait le summum de ce qu\u2019on pouvait faire. Donc, la premi\u00e8re fois qu\u2019on a fait \u00e7a, c&rsquo;\u00e9tait incroyable. Je crois qu\u2019on l\u2019a fait six fois au total.\u00a0\u00bb<\/p>\n<blockquote class=\"question\"><p>Apr\u00e8s la r\u00e9alisation d\u2019International, allez-vous faire une tourn\u00e9e\u00a0?<\/p><\/blockquote>\n<p>\u00ab\u00a0J\u2019esp\u00e8re. Je pense que ce sera l\u2019ann\u00e9e prochaine. On a vraiment envie de jouer en Europe, parce qu\u2019on n\u2019y a pas jou\u00e9 depuis longtemps.\u00a0\u00bb<\/p>\n<blockquote class=\"question\"><p>Pour la derni\u00e8re, il faut imp\u00e9rativement jouer \u00e0 Saint-\u00c9tienne. Et on vous emm\u00e8nera voir un match au stade Geoffroy-Guichard \u2026<\/p><\/blockquote>\n<p>\u00ab\u00a0Ce serait g\u00e9nial\u00a0! On ne nous a jamais demand\u00e9 de jouer \u00e0 Saint-\u00c9tienne. Ce serait bien, nous avons besoin d\u2019un promoteur. Vous pensez que les gens viendraient\u00a0?\u00a0\u00bb<\/p>\n<p class=\"insetTitle\">Le groupe avait repris un c\u00e9l\u00e8bre titre d\u2019\u00c9tienne Daho<\/p>\n<p>En 1995, le groupe Saint Etienne sortait le titre  He\u2019s on The Phone, une reprise du titre Week-end \u00e0 Rome d\u2019\u00c9tienne Daho.<\/p>\n<p>\u00ab\u00a0Il \u00e9tait venu nous voir quand on a jou\u00e9 \u00e0 Paris vers 1993, se souvient Bob Stanley. Il nous avait dit qu\u2019il voulait travailler avec nous. On a donc fait un EP ensemble (Reserection). C\u2019\u00e9tait une dr\u00f4le de chose \u00e0 faire, car nos noms \u00e9taient similaires. Il nous appr\u00e9ciait beaucoup et c\u2019\u00e9tait formidable de travailler avec cet homme tellement adorable qui vivait \u00e0 Londres \u00e0 cette \u00e9poque.\u00a0\u00bb<\/p>\n<p>Le cofondateur du groupe britannique de la sc\u00e8ne underground avoue avoir une relation particuli\u00e8re avec l\u2019Hexagone\u00a0: \u00ab\u00a0J\u2019adore le cin\u00e9ma fran\u00e7ais et la Nouvelle Vague en particulier. Et j\u2019adore la musique fran\u00e7aise des ann\u00e9es\u00a01960 et\u00a01970 telles les chansons de <a href=\"https:\/\/www.leprogres.fr\/videos\/serge-gainsbourg-a-saint-etienne-en-1990-q880z5q\" target=\"_blank\" rel=\"noopener\">Serge Gainsbourg<\/a>, Jacques Dutronc, Michel Polnareff et Fran\u00e7oise Hardy. J\u2019aime les auteurs de bandes originales comme Georges Delerue\u00a0: sa musique qui accompagne les films de Fran\u00e7ois Truffaut est formidable. Et je suis aussi un grand fan de cuisine fran\u00e7aise.\u00a0\u00bb<\/p>\n","protected":false},"excerpt":{"rendered":"Pour quelle raison avez-vous choisi de nommer votre trio musical (Sarah Cracknell-Bob Stanley-Pete Wiggs) par le nom de&hellip;\n","protected":false},"author":2,"featured_media":478613,"comment_status":"","ping_status":"","sticky":false,"template":"","format":"standard","meta":{"footnotes":""},"categories":[9653],"tags":[1111,11,4000,2430,1687,7539,1777,674,107,1011,27,3367,873,12,25,4001,7538,4604,10806,3140],"class_list":{"0":"post-478612","1":"post","2":"type-post","3":"status-publish","4":"format-standard","5":"has-post-thumbnail","7":"category-saint-etienne","8":"tag-actu","9":"tag-actualites","10":"tag-asse-as-saint-etienne-football","11":"tag-auvergne-rhone-alpes","12":"tag-culture-loisirs","13":"tag-edition-loire-sud","14":"tag-eu","15":"tag-europe","16":"tag-fil-info","17":"tag-fr","18":"tag-france","19":"tag-loire","20":"tag-musique","21":"tag-news","22":"tag-republique-francaise","23":"tag-saint-etienne","24":"tag-saint-etienne-ville","25":"tag-selection-abonne","26":"tag-selection-de-la-redaction-42","27":"tag-spectacle"},"share_on_mastodon":{"url":"https:\/\/pubeurope.com\/@fr\/115410240987268898","error":""},"_links":{"self":[{"href":"https:\/\/www.europesays.com\/fr\/wp-json\/wp\/v2\/posts\/478612","targetHints":{"allow":["GET"]}}],"collection":[{"href":"https:\/\/www.europesays.com\/fr\/wp-json\/wp\/v2\/posts"}],"about":[{"href":"https:\/\/www.europesays.com\/fr\/wp-json\/wp\/v2\/types\/post"}],"author":[{"embeddable":true,"href":"https:\/\/www.europesays.com\/fr\/wp-json\/wp\/v2\/users\/2"}],"replies":[{"embeddable":true,"href":"https:\/\/www.europesays.com\/fr\/wp-json\/wp\/v2\/comments?post=478612"}],"version-history":[{"count":0,"href":"https:\/\/www.europesays.com\/fr\/wp-json\/wp\/v2\/posts\/478612\/revisions"}],"wp:featuredmedia":[{"embeddable":true,"href":"https:\/\/www.europesays.com\/fr\/wp-json\/wp\/v2\/media\/478613"}],"wp:attachment":[{"href":"https:\/\/www.europesays.com\/fr\/wp-json\/wp\/v2\/media?parent=478612"}],"wp:term":[{"taxonomy":"category","embeddable":true,"href":"https:\/\/www.europesays.com\/fr\/wp-json\/wp\/v2\/categories?post=478612"},{"taxonomy":"post_tag","embeddable":true,"href":"https:\/\/www.europesays.com\/fr\/wp-json\/wp\/v2\/tags?post=478612"}],"curies":[{"name":"wp","href":"https:\/\/api.w.org\/{rel}","templated":true}]}}