{"id":478614,"date":"2025-10-21T04:25:37","date_gmt":"2025-10-21T04:25:37","guid":{"rendered":"https:\/\/www.europesays.com\/fr\/478614\/"},"modified":"2025-10-21T04:25:37","modified_gmt":"2025-10-21T04:25:37","slug":"a-la-pause-amiens-refroidit-nancy-et-marcel-picot","status":"publish","type":"post","link":"https:\/\/www.europesays.com\/fr\/478614\/","title":{"rendered":"\u00c0 la pause, Amiens refroidit Nancy et Marcel-Picot"},"content":{"rendered":"<p>Zapping Foot National Laure Boulleau : \u00ab J\u2019imagine une s\u00e9quence o\u00f9 Mbapp\u00e9 parle d\u2019un match des Bleues \u2026 \u00bb <\/p>\n<p>Coup de froid \u00e0 Marcel-Picot. Apr\u00e8s quatre rencontres \u00e0 huis clos depuis son retour en Ligue 2, l&rsquo;AS Nancy Lorraine est effectivement men\u00e9e au score par Amiens apr\u00e8s 45 minutes de jeu. Dans cette rencontre de la <a href=\"https:\/\/www.foot-national.com\/data\/resultat-ligue2.html\" rel=\"nofollow noopener\" target=\"_blank\">dixi\u00e8me journ\u00e9e<\/a>, deux penalties ont \u00e9t\u00e9 siffl\u00e9s &#8230; mais aucun n&rsquo;a \u00e9t\u00e9 marqu\u00e9.<\/p>\n<p>Sale soir\u00e9e pour les tireurs<\/p>\n<p>Le premier a \u00e9t\u00e9 accord\u00e9 aux Picards, plus entreprenants en d\u00e9but de partie, pour un bras nanc\u00e9ien dans la surface d&rsquo;Enzo Basilio. Pris \u00e0 contre-pied par la tentative de Teddy Averlant, le portier lorrain a eu le bonheur de voir le cuir frapper son poteau (18e). Partie remise pour Amiens. Quelques minutes apr\u00e8s, Yvan Ikia Dimi a conclu en force et en premi\u00e8re intention depuis l&rsquo;entr\u00e9e de la surface un mouvement collectif de son \u00e9quipe (24e, 0-1).<\/p>\n<p>Aux commandes, la formation d&rsquo;Omar Daf s&rsquo;est rapproch\u00e9e du break. Mais Basilio, par deux fois, a sorti le grand jeu pour \u00e9viter que l&rsquo;ASNL ne sombre pour le grand retour de son public dans les tribunes (30e, 31e). Rarement dangereux, le promu a lui aussi h\u00e9rit\u00e9 d&rsquo;un penalty pour une faute sur Zakaria Fdaouch. Mais Patrick Ouotro, tr\u00e8s actif mais malheureux, a vu Paul Bernardoni s&rsquo;\u00e9tendre pour repousser sa frappe (35e). \u00c0 la pause, avantage aux Ami\u00e9nois !<\/p>\n<blockquote class=\"twitter-tweet\">\n<p dir=\"ltr\" lang=\"fr\">\u274c Bernardoni s\u2019interpose et repousse ce penalty ! D\u00e9cid\u00e9ment, les penalties ne sourient \u00e0 personne ce soir\u2026<a href=\"https:\/\/twitter.com\/hashtag\/ASNLASC?src=hash&amp;ref_src=twsrc%5Etfw\" rel=\"nofollow noopener\" target=\"_blank\">#ASNLASC<\/a> (0-1) <a href=\"https:\/\/t.co\/wr2WP46jQD\" rel=\"nofollow\">pic.twitter.com\/wr2WP46jQD<\/a><\/p>\n<p>\u2014 Ligue 2 BKT (@Ligue2BKT) <a href=\"https:\/\/twitter.com\/Ligue2BKT\/status\/1980354711640502564?ref_src=twsrc%5Etfw\" rel=\"nofollow noopener\" target=\"_blank\">October 20, 2025<\/a><\/p>\n<\/blockquote>\n<p>Partagez cette info avec vos amis et vos proches en cliquant ici<br \/>Pour r\u00e9sumer<\/p>\n<p>Coup de froid \u00e0 Marcel-Picot. Apr\u00e8s quatre rencontres \u00e0 huis clos depuis son retour en Ligue 2, l&rsquo;AS Nancy Lorraine est effectivement men\u00e9e au score par Amiens apr\u00e8s 45 minutes de jeu. Dans cette rencontre de la dixi\u00e8me journ\u00e9e, deux penalties ont \u00e9t\u00e9 siffl\u00e9s &#8230; mais aucun n&rsquo;a \u00e9t\u00e9 marqu\u00e9.<\/p>\n<p> <img decoding=\"async\" width=\"76\" height=\"76\" loading=\"lazy\" src=\"https:\/\/www.europesays.com\/fr\/wp-content\/uploads\/2025\/04\/logo-florian-sermaise.jpg\" alt=\"Florian Sermaise\"\/><script async src=\"https:\/\/platform.twitter.com\/widgets.js\" charset=\"utf-8\"><\/script><\/p>\n","protected":false},"excerpt":{"rendered":"Zapping Foot National Laure Boulleau : \u00ab J\u2019imagine une s\u00e9quence o\u00f9 Mbapp\u00e9 parle d\u2019un match des Bleues \u2026&hellip;\n","protected":false},"author":2,"featured_media":478615,"comment_status":"","ping_status":"","sticky":false,"template":"","format":"standard","meta":{"footnotes":""},"categories":[9635],"tags":[1111,11,1777,674,1011,27,775,59995,1702,12,25],"class_list":{"0":"post-478614","1":"post","2":"type-post","3":"status-publish","4":"format-standard","5":"has-post-thumbnail","7":"category-nancy","8":"tag-actu","9":"tag-actualites","10":"tag-eu","11":"tag-europe","12":"tag-fr","13":"tag-france","14":"tag-grand-est","15":"tag-ligue-2-actus","16":"tag-nancy","17":"tag-news","18":"tag-republique-francaise"},"share_on_mastodon":{"url":"https:\/\/pubeurope.com\/@fr\/115410261392377381","error":""},"_links":{"self":[{"href":"https:\/\/www.europesays.com\/fr\/wp-json\/wp\/v2\/posts\/478614","targetHints":{"allow":["GET"]}}],"collection":[{"href":"https:\/\/www.europesays.com\/fr\/wp-json\/wp\/v2\/posts"}],"about":[{"href":"https:\/\/www.europesays.com\/fr\/wp-json\/wp\/v2\/types\/post"}],"author":[{"embeddable":true,"href":"https:\/\/www.europesays.com\/fr\/wp-json\/wp\/v2\/users\/2"}],"replies":[{"embeddable":true,"href":"https:\/\/www.europesays.com\/fr\/wp-json\/wp\/v2\/comments?post=478614"}],"version-history":[{"count":0,"href":"https:\/\/www.europesays.com\/fr\/wp-json\/wp\/v2\/posts\/478614\/revisions"}],"wp:featuredmedia":[{"embeddable":true,"href":"https:\/\/www.europesays.com\/fr\/wp-json\/wp\/v2\/media\/478615"}],"wp:attachment":[{"href":"https:\/\/www.europesays.com\/fr\/wp-json\/wp\/v2\/media?parent=478614"}],"wp:term":[{"taxonomy":"category","embeddable":true,"href":"https:\/\/www.europesays.com\/fr\/wp-json\/wp\/v2\/categories?post=478614"},{"taxonomy":"post_tag","embeddable":true,"href":"https:\/\/www.europesays.com\/fr\/wp-json\/wp\/v2\/tags?post=478614"}],"curies":[{"name":"wp","href":"https:\/\/api.w.org\/{rel}","templated":true}]}}