{"id":478618,"date":"2025-10-21T04:27:23","date_gmt":"2025-10-21T04:27:23","guid":{"rendered":"https:\/\/www.europesays.com\/fr\/478618\/"},"modified":"2025-10-21T04:27:23","modified_gmt":"2025-10-21T04:27:23","slug":"ligue-feminine-de-handball-toulon-en-difficulte-financiere-son-president-demissionne-sport-2","status":"publish","type":"post","link":"https:\/\/www.europesays.com\/fr\/478618\/","title":{"rendered":"Ligue f\u00e9minine de handball. Toulon en difficult\u00e9 financi\u00e8re, son pr\u00e9sident d\u00e9missionne . Sport"},"content":{"rendered":"<p>Le club de <a href=\"https:\/\/www.ouest-france.fr\/sport\/handball\/euro-feminin\/direct-finlande-france-suivez-le-match-de-qualifications-a-leuro-feminin-de-handball-en-live-7272ba31-7943-41c4-8cc9-980dda4bf5b2\" target=\"_self\" rel=\"noopener\">handball f\u00e9minin<\/a> de Toulon (1re division) a annonc\u00e9 lundi conna\u00eetre des difficult\u00e9s financi\u00e8res importantes, \u00ab\u00a0susceptibles de remettre en question sa p\u00e9rennit\u00e9 \u00e0 court et moyen termes\u00a0\u00bb, ainsi que la d\u00e9mission de son pr\u00e9sident.<\/p>\n<p><strong>\u00ab\u00a0La Soci\u00e9t\u00e9 Anonyme Sportive Professionnelle Toulon M\u00e9tropole Var Handball a cl\u00f4tur\u00e9 ses comptes au 30\u00a0juin 2025 sur un d\u00e9ficit important, d\u00e9ficit susceptible de remettre en question sa p\u00e9rennit\u00e9 \u00e0 court et moyen termes<\/strong>\u00a0\u00bb, \u00e9crit le club varois dans un communiqu\u00e9.<\/p>\n<p>\u00ab\u00a0Une gouvernance de transition\u00a0\u00bb annonc\u00e9e<\/p>\n<p>\u00ab<strong>\u00a0Le Pr\u00e9sident Thierry Durand, en fonction depuis le 1er\u00a0juillet 2023, nous a inform\u00e9 de sa d\u00e9mission le mardi 14\u00a0octobre dernier, d\u00e9mission que nous avons accept\u00e9e. Une gouvernance de transition va \u00eatre mise en place dans les prochaines heures<\/strong>\u00a0\u00bb, est-il \u00e9galement pr\u00e9cis\u00e9 dans le communiqu\u00e9.<\/p>\n<p>\u00ab<strong>\u00a0Nous sommes, comme vous et vos joueuses d\u00e9termin\u00e9es \u00e0 combattre et nous nous engageons sur un plan d\u2019actions. Nos partenaires publics et priv\u00e9s nous ont imm\u00e9diatement assur\u00e9 \u00eatre \u00e0 nos c\u00f4t\u00e9s<\/strong>\u00a0\u00bb, \u00e9crit encore le club champion de France en 2010 et vainqueur de la Coupe de France en 2011 et 2012.<\/p>\n<p>Le handball f\u00e9minin fran\u00e7ais et europ\u00e9en en difficult\u00e9<\/p>\n<p>Cette annonce intervient dans <a href=\"https:\/\/brest.maville.com\/sport\/detail_-handball.-il-faut-arreter-les-conneries-quand-le-president-de-brest-tape-du-poing-sur-la-table-_6-6947403_actu.Htm\" target=\"_self\" rel=\"noopener\">un contexte compliqu\u00e9 pour le handball f\u00e9minin fran\u00e7ais et europ\u00e9en<\/a>. Le club de M\u00e9rignac a ainsi \u00e9t\u00e9 r\u00e9trograd\u00e9 cette saison de premi\u00e8re en troisi\u00e8me division pour raisons financi\u00e8res, dans la foul\u00e9e du <a href=\"https:\/\/nantes.maville.com\/sport\/detail_-loire-atlantique-handball.-pas-de-miracle-d-ici-la-fin-du-mois-pascal-gentil-regit-a-la-disparition-du-nantes-hf-_8-6883375_actu.Htm\" target=\"_self\" rel=\"noopener\">d\u00e9p\u00f4t de bilan de Nantes<\/a>, vainqueur de la Ligue europ\u00e9enne (C2) en 2021.<\/p>\n<p><strong>Lire aussi<\/strong>\u00a0: <a href=\"https:\/\/brest.maville.com\/sport\/detail_-bbh.-un-effectif-plus-dense-pour-valser-sans-trous-d-air-_6-7014724_actu.Htm\" target=\"_self\" rel=\"noopener\">BBH. Un effectif plus dense pour valser sans trous d\u2019air<\/a><\/p>\n<p>\u00c0 l\u2019\u00e9tranger, le club norv\u00e9gien des Vipers de Kristiansand, champion d\u2019Europe de 2021 \u00e0 2023, ou les Allemandes de Ludwigsbourg (finalistes de la C1 en 2024 sous le nom de Bietigheim) ont \u00e9galement disparu, victimes de probl\u00e8mes \u00e9conomiques.<\/p>\n<p>Les Toulonnaises sont actuellement cinqui\u00e8mes du championnat de France apr\u00e8s six journ\u00e9es.<\/p>\n<p>\u00a0<\/p>\n","protected":false},"excerpt":{"rendered":"Le club de handball f\u00e9minin de Toulon (1re division) a annonc\u00e9 lundi conna\u00eetre des difficult\u00e9s financi\u00e8res importantes, \u00ab\u00a0susceptibles&hellip;\n","protected":false},"author":2,"featured_media":478499,"comment_status":"","ping_status":"","sticky":false,"template":"","format":"standard","meta":{"footnotes":""},"categories":[9619],"tags":[1111,11,3809,1465,1777,674,63,1011,27,1792,1922,12,882,25,6689,479,517,2310,1470,9693],"class_list":{"0":"post-478618","1":"post","2":"type-post","3":"status-publish","4":"format-standard","5":"has-post-thumbnail","7":"category-toulon","8":"tag-actu","9":"tag-actualites","10":"tag-ball","11":"tag-basket","12":"tag-eu","13":"tag-europe","14":"tag-football","15":"tag-fr","16":"tag-france","17":"tag-handball","18":"tag-info","19":"tag-news","20":"tag-provence-alpes-cote-dazur","21":"tag-republique-francaise","22":"tag-roche","23":"tag-rugby","24":"tag-sport","25":"tag-toulon","26":"tag-volley","27":"tag-yon"},"share_on_mastodon":{"url":"https:\/\/pubeurope.com\/@fr\/115410268558298645","error":""},"_links":{"self":[{"href":"https:\/\/www.europesays.com\/fr\/wp-json\/wp\/v2\/posts\/478618","targetHints":{"allow":["GET"]}}],"collection":[{"href":"https:\/\/www.europesays.com\/fr\/wp-json\/wp\/v2\/posts"}],"about":[{"href":"https:\/\/www.europesays.com\/fr\/wp-json\/wp\/v2\/types\/post"}],"author":[{"embeddable":true,"href":"https:\/\/www.europesays.com\/fr\/wp-json\/wp\/v2\/users\/2"}],"replies":[{"embeddable":true,"href":"https:\/\/www.europesays.com\/fr\/wp-json\/wp\/v2\/comments?post=478618"}],"version-history":[{"count":0,"href":"https:\/\/www.europesays.com\/fr\/wp-json\/wp\/v2\/posts\/478618\/revisions"}],"wp:featuredmedia":[{"embeddable":true,"href":"https:\/\/www.europesays.com\/fr\/wp-json\/wp\/v2\/media\/478499"}],"wp:attachment":[{"href":"https:\/\/www.europesays.com\/fr\/wp-json\/wp\/v2\/media?parent=478618"}],"wp:term":[{"taxonomy":"category","embeddable":true,"href":"https:\/\/www.europesays.com\/fr\/wp-json\/wp\/v2\/categories?post=478618"},{"taxonomy":"post_tag","embeddable":true,"href":"https:\/\/www.europesays.com\/fr\/wp-json\/wp\/v2\/tags?post=478618"}],"curies":[{"name":"wp","href":"https:\/\/api.w.org\/{rel}","templated":true}]}}