{"id":478621,"date":"2025-10-21T04:29:12","date_gmt":"2025-10-21T04:29:12","guid":{"rendered":"https:\/\/www.europesays.com\/fr\/478621\/"},"modified":"2025-10-21T04:29:12","modified_gmt":"2025-10-21T04:29:12","slug":"coeur-de-ville-en-lumieres-une-10e-edition-prete-a-briller-de-mille-feux","status":"publish","type":"post","link":"https:\/\/www.europesays.com\/fr\/478621\/","title":{"rendered":"Coeur de Ville en Lumi\u00e8res, une 10e \u00e9dition pr\u00eate \u00e0 briller de mille feux"},"content":{"rendered":"<p>            Par<br \/>\n        <strong><br \/>\n            <a href=\"https:\/\/actu.fr\/auteur\/c-nithard\" title=\"Consulter tous les articles de C\u00e9dric Nithard\" rel=\"nofollow noopener\" target=\"_blank\">C\u00e9dric Nithard<\/a><br \/>\n        <\/strong><\/p>\n<p>        Publi\u00e9 le<\/p>\n<p>            21 oct. 2025 \u00e0 6h10        <\/p>\n<p>C\u2019est le rendez-vous qui quelque part <a href=\"https:\/\/actu.fr\/occitanie\/montpellier_34172\/montpellier-coeur-de-ville-en-lumieres-lance-les-fetes-de-fin-d-annee_61844295.html\" rel=\"nofollow noopener\" target=\"_blank\">lance <strong>les f\u00eates de fin d\u2019ann\u00e9e<\/strong> \u00e0 <strong>Montpellier<\/strong><\/a>. <strong>Coeur de Ville en Lumi\u00e8res<\/strong> est de retour du jeudi 13 au samedi 15 novembre pour <strong>une 10e \u00e9dition<\/strong> annonc\u00e9e plus belle que jamais avec le concours des professionnels du mapping et <strong>des \u00e9coles cr\u00e9atives<\/strong>.<\/p>\n<p>Pour l\u2019attractivit\u00e9 du commerce<\/p>\n<p class=\" wall-content\">Lanc\u00e9e par la CCI H\u00e9rault en 2014 avec l\u2019accompagnement de m\u00e9c\u00e8nes, Coeur de Ville en Lumi\u00e8res a rapidement \u00e9t\u00e9 port\u00e9e par la Ville de Montpellier, qui y consacre cette ann\u00e9e un budget de 600 000\u20ac, afin de l\u2019amplifier. \u00ab\u00a0Je me souviens de ce pari un peu fou. Personne n\u2019y croyait vraiment. On disait dans la presse que Deljarry se prend pour Lyon. <a href=\"https:\/\/actu.fr\/occitanie\/montpellier_34172\/montpellier-et-si-vous-deveniez-partenaire-ou-mecene-de-coeur-de-ville-en-lumieres_61464716.html\" rel=\"nofollow noopener\" target=\"_blank\">Et pourtant cela a march\u00e9 gr\u00e2ce aux partenaires et m\u00e9c\u00e8nes<\/a>\u00a0\u00bb rappelle justement Andr\u00e9 Deljarry en commentant le succ\u00e8s populaire de la manifestation pass\u00e9e de 200 000 visiteurs \u00e0 430 000 l\u2019ann\u00e9e derni\u00e8re atteignant son record de fr\u00e9quentation.<\/p>\n<p>    <a href=\"https:\/\/www.google.com\/maps\/embed?pb=!1m18!1m12!1m3!1d11555.110268916242!2d3.869736643798935!3d43.61117275251706!2m3!1f0!2f0!3f0!3m2!1i1024!2i768!4f13.1!3m3!1m2!1s0x12b6af00d6c32089%3A0x23316544211f00e3!2zTOKAmcOJY3Vzc29uLCBNb250cGVsbGllcg!5e0!3m2!1sfr!2sfr!4v1760975930765!5m2!1sfr!2sfr\" title=\"Ouvrie le lien\" rel=\"nofollow noopener\" target=\"_blank\">Cliquez ici pour visualiser le contenu<\/a><\/p>\n<p class=\" wall-content\">Avec d\u00e8s le d\u00e9part l\u2019ambition d\u2019ajouter une date pour renforcer l\u2019attractivit\u00e9 commerciale du centre ville de Montpellier, le pr\u00e9sident de la CCI H\u00e9rault se f\u00e9licite d\u2019une affluence \u00ab\u00a0loin d\u2019\u00eatre seulement festive car c\u2019est aussi un levier \u00e9conomique puissant pour le tissu commercial\u00a0\u00bb, en s\u2019appuyant sur quelques donn\u00e9es de 2024 avec un tiers des visiteurs venant pour la premi\u00e8res fois, un tiers des visiteurs ne venant pas de la m\u00e9tropole, 55% des visiteurs ont consomm\u00e9 dans le centre ville, les professionnels ont affich\u00e9 des chiffres d\u2019affaires en hausse de 30% et les h\u00f4tels ont affich\u00e9 un remplissage exceptionnel pour la p\u00e9riode. \u00ab\u00a0Coeur de Ville en Lumi\u00e8res permet \u00e0 nos professionnels de capitaliser sur l\u2019\u00e9v\u00e9nement. Nous sommes sur une air d\u2019attraction de plus de 2,5M d\u2019habitant et nous r\u00e9ussissons \u00e0 capter pr\u00e8s d\u2019un demi millions de personnes \u00e0 Montpellier. C\u2019est dire si culture et \u00e9conomie peuvent avancer main dans la main et que l\u2019attractivit\u00e9 de son territoire passe aussi par la vitalit\u00e9 de son commerce de proximit\u00e9\u00a0\u00bb souligne Andr\u00e9 Deljarry.<\/p>\n<p>Professionnels et \u00e9tudiants<\/p>\n<p class=\" wall-content\">Pour cette 10e \u00e9dition, Coeur de Ville en Lumi\u00e8res se d\u00e9ploiera sur treize sites et proposera 22 sc\u00e9nographies in\u00e9dites, sans oublier la traditionnelle gaming zone au coeur du th\u00e9\u00e2tre de l\u2019Agora. Apr\u00e8s la candidature \u00e0 la capitale europ\u00e9enne de la culture et les Jeux Olympiques, il n\u2019a pas fallu aller chercher bien loin le th\u00e8me de cette ann\u00e9e puisqu\u2019il s\u2019agit tout simplement de Montpellier \u00e0 travers diff\u00e9rents axes que sont le sport, la culture, le patrimoine, les mobilit\u00e9s, l\u2019innovation\u2026<\/p>\n<p>Vid\u00e9os : en ce moment sur Actu<\/p>\n<p class=\" wall-content\">Comme \u00e0 l\u2019habitude, des professionnels (Creativ Light \u00e0 l\u2019Aqueduc des Arceaux, Cosmo AV. au mus\u00e9e Fabre, IDSc\u00e8nes \u00e0 l\u2019\u00e9glise Saint-Roch et l\u2019H\u00f4tel Saint-C\u00f4me et ARTCOM Diffusion \u00e0 l\u2019op\u00e9ra Com\u00e9die) habitu\u00e9s \u00e0 l\u2019exercice vont pr\u00e9senter leurs r\u00e9alisations au m\u00eame titre que celles des \u00e9tudiants des \u00e9coles cr\u00e9atives de la ville (e-artsup \u00e0 l\u2019H\u00f4tel d\u2019Aur\u00e8s, Brassart et ArtFX \u00e0 l\u2019Arc de triomphe, Objectif 3D et Acfa \u00e0 la cath\u00e9drale Saint-Pierre, Ynov Campus et ESMA dans la cour de l\u2019Agora \/ Studio M \u00e0 la place Notre-Dame-de-Tables, Brassart au Kiosque Bosc \/ Brassart, e-artsup, ARTFX, Ynov Campus et Objectif 3D dans le th\u00e9\u00e2tre de l\u2019Agora pour la Gaming Zone).\u00a0<\/p>\n<p>    <img   decoding=\"async\" loading=\"lazy\" src=\"https:\/\/www.europesays.com\/fr\/wp-content\/uploads\/2025\/10\/delafosse-etudiants-coeur-de-ville-en-lumieres-960x640.jpg\" alt=\"Micha\u00ebl Delafosse entour\u00e9 des \u00e9tudiants qui participent \u00e0 Coeur de Ville en Lumi\u00e8res.\" width=\"960\" height=\"640\"\/><br \/>\n    Micha\u00ebl Delafosse entour\u00e9 des \u00e9tudiants qui participent \u00e0 Coeur de Ville en Lumi\u00e8res. (\u00a9CN \/ M\u00e9tropolitain)<\/p>\n<p>Votre r\u00e9gion, votre actu !<\/p>\n<p>Recevez chaque jour les infos qui comptent pour vous.<\/p>\n<p>\t<a href=\"https:\/\/actu.fr\/newsletter\" class=\"ac-btn ac-btn--corner ac-btn--medium ac-btn--blue800\" rel=\"nofollow noopener\" target=\"_blank\">S&rsquo;incrire<\/a><\/p>\n<p class=\" wall-content\">Une implication qui fait la fiert\u00e9 de Micha\u00ebl Delafosse. \u00ab\u00a0Je suis heureux en tant que maire de voir autant de jeunes \u00eatre les symboles de la dynamique des industries culturelles et cr\u00e9atives sur le territoire\u00a0\u00bb met en avant le maire qui compl\u00e8te : \u00ab\u00a0Cela montre la vitalit\u00e9 de Montpellier, de l\u2019\u00e9cosyst\u00e8me des ICC et cela donne une chance et une belle exp\u00e9rience aux \u00e9tudiants avec une belle ligne \u00e0 mettre sur le CV. J\u2019y vois le symbole d\u2019un alliance renouvel\u00e9e entre la ville et ses \u00e9tudiants\u00a0\u00bb.<\/p>\n<p>Tout le centre-ville<\/p>\n<p class=\" wall-content\">Dans le d\u00e9tail, dix sites proposeront des mappings et deux lieux des installations. S\u2019il ne faudra rien chercher du c\u00f4t\u00e9 des jardins du Peyrou ou, <a href=\"https:\/\/actu.fr\/occitanie\/montpellier_34172\/montpellier-coeur-de-ville-en-lumieres-seduit-toujours-autant_61867011.html\" rel=\"nofollow noopener\" target=\"_blank\">comme c\u2019\u00e9tait le cas l\u2019ann\u00e9e derni\u00e8re, du jardin des plantes<\/a>, <a href=\"https:\/\/actu.fr\/occitanie\/montpellier_34172\/en-images-montpellier-la-place-max-rouquette-inauguree-dans-le-quartier-des-arceaux_63191613.html\" rel=\"nofollow noopener\" target=\"_blank\">le r\u00e9am\u00e9nagement de la place Max Rouquette \u00e9tant termin\u00e9<\/a>, l\u2019aqueduc des Arceaux fait son retour deux ans apr\u00e8s avoir \u00e9t\u00e9 utilis\u00e9 pour la premi\u00e8re fois. Le chantier de l\u2019esplanade lui aussi achev\u00e9, il \u00e9tait normal que pour <a href=\"https:\/\/actu.fr\/occitanie\/montpellier_34172\/montpellier-pour-son-bicentenaire-le-musee-fabre-change-de-dimension_62796984.html\" rel=\"nofollow noopener\" target=\"_blank\">son bicentenaire le mus\u00e9e Fabre<\/a> se pr\u00eate \u00e0 nouveau au jeu. Et, non loin, une nouveaut\u00e9 avec une installation d\u2019ombres et de lumi\u00e8res au <a href=\"https:\/\/actu.fr\/occitanie\/montpellier_34172\/montpellier-en-avant-la-musique-au-kiosque-bosc-renove_62799630.html\" rel=\"nofollow noopener\" target=\"_blank\">kiosque Bosc qui s\u2019est lui aussi refait une beaut\u00e9 r\u00e9cemment<\/a>. Op\u00e9ra Com\u00e9die, \u00e9glise Saint-Roch, Arc de Triomphe, cath\u00e9drale Saint-Pierre\u2026 seront une nouvelle fois au rendez-vous. \u00c0 noter une particularit\u00e9 \u00e0 l\u2019H\u00f4tel Saint-C\u00f4me avec un musicien en live \u00e0 chaque rotation.<\/p>\n<p class=\" wall-content\">Il faut \u00e9galement ajouter l\u2019apport de plusieurs comit\u00e9s de quartier comme c\u2019est d\u00e9j\u00e0 le cas des \u00ab\u00a0Amoureux de la place Candolle\u00a0\u00bb qui proposeront une mise en lumi\u00e8re po\u00e9tique et ludique du plan de l\u2019om (uniquement le vendredi 14 novembre). D\u2019autres lieux sont en cours de finalisation. \u00ab\u00a0Il y en aura partout. Nous irriguons tout le coeur de ville\u00a0\u00bb promet ainsi Alban Zanchiello, d\u00e9l\u00e9gu\u00e9 au commerce. Quant \u00e0 aller au-del\u00e0, avec l\u2019extension du centre ville, pourquoi pas. \u00ab\u00a0On fait 13 sites cette ann\u00e9e, c\u2019est bien mais l\u2019id\u00e9e c\u2019est d\u2019amplifier\u00a0\u00bb indique Micha\u00ebl Delafosse. Et si elle n\u2019y figure pas pour cette 10e \u00e9dition, la place des martyrs de la R\u00e9sistance pourrait par exemple revenir dans le parcours d\u00e8s l\u2019ann\u00e9e prochaine. Son nouveau visage sera en effet d\u00e9voil\u00e9 ce mercredi 26 novembre. Date qui actera la fin des travaux dans le centre-ville et le lancement des illuminations de la ville pour les f\u00eates de fin d\u2019ann\u00e9e.\u00a0<\/p>\n<p>&gt; 10e \u00e9dition Coeur de Ville en Lumi\u00e8res, du jeudi 13 au samedi 15 novembre de 18h30 \u00e0 22h30 dans le centre ville de Montpellier. D\u00e9ambulation gratuite.<\/p>\n<p class=\" wall-content\">Personnalisez votre actualit\u00e9 en ajoutant vos villes et m\u00e9dias en favori avec <a href=\"https:\/\/moncompte.actu.fr\" title=\"D\u00e9couvez Mon Actu\" rel=\"nofollow noopener\" data-trk=\"{&quot;cta&quot;:{&quot;action&quot;:&quot;https:\\\/\\\/moncompte.actu.fr&quot;,&quot;category&quot;:&quot;mon compte&quot;,&quot;from&quot;:&quot;article footer&quot;,&quot;name&quot;:&quot;Mon actu&quot;,&quot;type&quot;:&quot;cta&quot;}}\" target=\"_blank\">Mon Actu<\/a>.<\/p>\n","protected":false},"excerpt":{"rendered":"Par C\u00e9dric Nithard Publi\u00e9 le 21 oct. 2025 \u00e0 6h10 C\u2019est le rendez-vous qui quelque part lance les&hellip;\n","protected":false},"author":2,"featured_media":478622,"comment_status":"","ping_status":"","sticky":false,"template":"","format":"standard","meta":{"footnotes":""},"categories":[9599],"tags":[1111,11,1777,674,1011,27,1652,2208,12,2680,25],"class_list":{"0":"post-478621","1":"post","2":"type-post","3":"status-publish","4":"format-standard","5":"has-post-thumbnail","7":"category-montpellier","8":"tag-actu","9":"tag-actualites","10":"tag-eu","11":"tag-europe","12":"tag-fr","13":"tag-france","14":"tag-loisirs-culture","15":"tag-montpellier","16":"tag-news","17":"tag-occitanie","18":"tag-republique-francaise"},"share_on_mastodon":{"url":"https:\/\/pubeurope.com\/@fr\/115410276875727555","error":""},"_links":{"self":[{"href":"https:\/\/www.europesays.com\/fr\/wp-json\/wp\/v2\/posts\/478621","targetHints":{"allow":["GET"]}}],"collection":[{"href":"https:\/\/www.europesays.com\/fr\/wp-json\/wp\/v2\/posts"}],"about":[{"href":"https:\/\/www.europesays.com\/fr\/wp-json\/wp\/v2\/types\/post"}],"author":[{"embeddable":true,"href":"https:\/\/www.europesays.com\/fr\/wp-json\/wp\/v2\/users\/2"}],"replies":[{"embeddable":true,"href":"https:\/\/www.europesays.com\/fr\/wp-json\/wp\/v2\/comments?post=478621"}],"version-history":[{"count":0,"href":"https:\/\/www.europesays.com\/fr\/wp-json\/wp\/v2\/posts\/478621\/revisions"}],"wp:featuredmedia":[{"embeddable":true,"href":"https:\/\/www.europesays.com\/fr\/wp-json\/wp\/v2\/media\/478622"}],"wp:attachment":[{"href":"https:\/\/www.europesays.com\/fr\/wp-json\/wp\/v2\/media?parent=478621"}],"wp:term":[{"taxonomy":"category","embeddable":true,"href":"https:\/\/www.europesays.com\/fr\/wp-json\/wp\/v2\/categories?post=478621"},{"taxonomy":"post_tag","embeddable":true,"href":"https:\/\/www.europesays.com\/fr\/wp-json\/wp\/v2\/tags?post=478621"}],"curies":[{"name":"wp","href":"https:\/\/api.w.org\/{rel}","templated":true}]}}