{"id":478628,"date":"2025-10-21T04:35:20","date_gmt":"2025-10-21T04:35:20","guid":{"rendered":"https:\/\/www.europesays.com\/fr\/478628\/"},"modified":"2025-10-21T04:35:20","modified_gmt":"2025-10-21T04:35:20","slug":"ces-5-evenements-qui-ont-terni-la-reputation-de-rennes","status":"publish","type":"post","link":"https:\/\/www.europesays.com\/fr\/478628\/","title":{"rendered":"Ces 5 \u00e9v\u00e9nements qui ont terni la r\u00e9putation de Rennes"},"content":{"rendered":"<p>Printemps 2016 &#8211; la loi Travail embrase la Ville<\/p>\n<p>En France, en 2016, la gauche contr\u00f4le tous les pouvoirs. A Rennes, la maire, Nathalie App\u00e9r\u00e9, doit g\u00e9rer les cons\u00e9quences locales de la politique men\u00e9e par une Hollandie qu\u2019elle soutient comme d\u00e9put\u00e9e \u00e0 l\u2019Assembl\u00e9e. Avec Nantes, sa ville devient l\u2019\u00e9picentre de la contestation contre le projet d\u2019a\u00e9roport de Notre-Dame-des-Landes. Celle-ci est \u00e9maill\u00e9e de violences comme le 6 f\u00e9vrier 2016, en marge d\u2019un \u00ab carnaval anti-NDDL \u00bb. Quelques semaines plus tard, d\u00e9bute <a href=\"https:\/\/www.letelegramme.fr\/ille-et-vilaine\/rennes-35000\/rennes-500-manifestants-contre-la-loi-travail-38876.php\" target=\"_blank\" rel=\"nofollow noopener\">le mouvement contre la loi Travail<\/a>. Habitu\u00e9e des conflits sociaux, Rennes est le th\u00e9\u00e2tre, durant trois mois, d\u2019une s\u00e9rie de violences. R\u00e9currence, dur\u00e9e et intensit\u00e9 du ph\u00e9nom\u00e8ne, lui donnent un tour exceptionnel et nouveau. L\u2019acm\u00e9 intervient le 13 mai. Dans la soir\u00e9e, la ville est mise \u00e0 sac sous l\u2019oeil de la presse nationale et \u00e9trang\u00e8re, venue couvrir une manif\u2019jug\u00e9e \u00e0 risques pr\u00e9vue le lendemain. Dans l\u2019apr\u00e8s-midi du 14, Fran\u00e7ois Hollande, en voyage d\u2019Etat au Nig\u00e9ria, est interrog\u00e9 sur la situation \u00e0 Rennes. \u00ab Les Rennais ont exprim\u00e9 leur ferme volont\u00e9 de faire front pour montrer que Rennes, ce n\u2019est pas \u00e7a, explique Nathalie App\u00e9r\u00e9 dans Le Mensuel de juin. Je trouve la surench\u00e8re politicienne qui consiste \u00e0 parler de \u201ccapitale de la violence\u201d ou de \u201cville en perdition\u201d, coupable et ind\u00e9cente. Elle enferme Rennes dans une image qui n\u2019est pas la sienne. \u00bb<\/p>\n<p><img decoding=\"async\" src=\"https:\/\/www.europesays.com\/fr\/wp-content\/uploads\/2025\/10\/68f659d5399a12c40b040f1c.1.jpeg\" width=\"480\" height=\"300\" class=\"web_golden_m\" loading=\"lazy\" alt=\"En 2016, des manifestations contre la loi Travail avaient d\u00e9g\u00e9n\u00e9r\u00e9 \u00e0 Rennes.\"\/>En 2016, des manifestations contre la loi Travail avaient d\u00e9g\u00e9n\u00e9r\u00e9 \u00e0 Rennes. (Lionel Le Saux)<a class=\"tlg-kiosque tlg-kiosque-rennes gtm-kiosque-rennes\" href=\"https:\/\/www.lemensuel.com\/rennes\" target=\"_blank\" rel=\"nofollow noopener\"><img decoding=\"async\" src=\"https:\/\/www.europesays.com\/fr\/wp-content\/uploads\/2025\/10\/MDR_une_complete.png\" alt=\"Couverture Mensuel Rennes\"\/><\/p>\n<p>Le Mensuel de Rennes<\/p>\n<p>Magazine curieux et (im)pertinent !<\/p>\n<p>D\u00e9couvrez<\/a>Ao\u00fbt 2020 &#8211; Rennes refuse le grand d\u00e9part du Tour de France<\/p>\n<p>Le 9 ao\u00fbt 2020, on apprend que Rennes refuse d\u2019accueillir le grand d\u00e9part du Tour de France 2021 (qui est finalement parti de Brest, comme le montre cette image). La maire aurait c\u00e9d\u00e9 aux \u00e9colos de sa majorit\u00e9, qui jugeaient le projet \u00ab sexiste \u00bb, \u00ab polluant \u00bb et trop cher. Dans la torpeur d\u2019un \u00e9t\u00e9 baign\u00e9e par la Covid, ce refus d\u00e9clenche une \u00ab shit storm \u00bb m\u00e9diatico-politique. Aliment\u00e9e par l\u2019absence de communication de la maire, elle s\u2019abat sur la majorit\u00e9 \u00e9colo-socialiste et nourrit le clich\u00e9 \u00ab Rennais = \u00e9colos = bobos coup\u00e9s des classes populaires \u00bb.<\/p>\n<p><img decoding=\"async\" src=\"https:\/\/www.europesays.com\/fr\/wp-content\/uploads\/2025\/10\/68f659d4dd845e66dc0fe9e0.1.jpeg\" width=\"480\" height=\"300\" class=\"web_golden_m\" loading=\"lazy\" alt=\"En 2021, le grand d\u00e9part du Tour de France a \u00e9t\u00e9 donn\u00e9 depuis Brest.\"\/>En 2021, le grand d\u00e9part du Tour de France a \u00e9t\u00e9 donn\u00e9 depuis Brest. (NICOLAS CREACH\/Le Telegramme)Avril 2023 &#8211; Conflit contre la r\u00e9forme des retraites<\/p>\n<p>Rennes renoue avec un conflit social majeur. Les manifs contre la r\u00e9forme des retraites drainent beaucoup de monde. Et les \u00e9pisodes de violences en marge de celles-ci se multiplient. Ils sont marqu\u00e9s par plusieurs pillages. Juste apr\u00e8s la validation du texte, des heurts \u00e9clatent aussi dans la soir\u00e9e du 14 avril. La porte du commissariat de la rue de Penhouet est incendi\u00e9e. Idem pour <a href=\"https:\/\/www.letelegramme.fr\/ille-et-vilaine\/rennes-35000\/tentatives-d-incendie-d-un-commissariat-et-du-couvent-des-jacobins-soiree-de-colere-a-rennes-4089944.php\" target=\"_blank\" rel=\"nofollow noopener\">celle de l\u2019ancien couvent des Jacobins<\/a>. BFM, qui diffuse les images en direct, titre sur l\u2019incendie d\u2019une \u00ab \u00e9glise \u00bb, sur le bandeau au bas de l\u2019\u00e9cran. \u00ab L\u2019info \u00bb est reprise dans un tweet du ministre de l\u2019Int\u00e9rieur G\u00e9rald Darmanin, qu\u2019il supprime quinze minutes plus tard. Les Jacobins ne sont plus un lieu de culte depuis longtemps\u2026<\/p>\n<p><img decoding=\"async\" src=\"https:\/\/www.europesays.com\/fr\/wp-content\/uploads\/2025\/10\/68f659d4399a12c40b040f1b.1.jpeg\" width=\"480\" height=\"300\" class=\"web_golden_m\" loading=\"lazy\" alt=\"En 2023, la fa\u00e7ade du Couvent des Jacobins a \u00e9t\u00e9 incendi\u00e9e en marge d\u2019une manifestation contre la r\u00e9forme des retraites.\"\/>En 2023, la fa\u00e7ade du Couvent des Jacobins a \u00e9t\u00e9 incendi\u00e9e en marge d\u2019une manifestation contre la r\u00e9forme des retraites. (David Brunet)Octobre 2024 &#8211; un enfant victime du narcotrafic<\/p>\n<p>Son papa hurlait \u00e0 ses c\u00f4t\u00e9s. Dans la nuit du 26 au 27 octobre, un enfant de 5 ans est touch\u00e9 \u00e0 la t\u00eate par deux balles \u00e0 l\u2019issue d\u2019une course-poursuite sur fond de narcotrafic. Depuis plusieurs semaines, des fusillades s\u2019encha\u00eenent dans le quartier de Maurepas pour le contr\u00f4le des points de deal. La grave blessure inflig\u00e9e au bambin cr\u00e9e une vague d\u2019\u00e9motion consid\u00e9rable. Le 1er novembre, le nouveau ministre de l\u2019Int\u00e9rieur, Bruno Retailleau, se fend d\u2019une visite tr\u00e8s m\u00e9diatique dans le quartier rennais.<\/p>\n<p><img decoding=\"async\" src=\"https:\/\/www.europesays.com\/fr\/wp-content\/uploads\/2025\/10\/68f659d473af51587a032967.1.jpeg\" width=\"480\" height=\"300\" class=\"web_golden_m\" loading=\"lazy\" alt=\"En octobre\u00a02024, Bruno Retailleau se rend dans le quartier de Maurepas \u00e0 la suite d\u2019une fusillade qui a gri\u00e8vement bless\u00e9 un enfant de 5 ans.\"\/>En octobre\u00a02024, Bruno Retailleau se rend dans le quartier de Maurepas \u00e0 la suite d\u2019une fusillade qui a gri\u00e8vement bless\u00e9 un enfant de 5 ans. (Jean-Fran\u00e7ois Chesnay)Avril 2025 &#8211; des \u00e9lus dans la ligne de mire des trafiquants<\/p>\n<p>\u00ab Quand je me suis engag\u00e9 en politique, je ne pensais pas un jour devoir me jeter au sol pour \u00e9viter une balle. \u00bb Face aux cam\u00e9ras, Charles Compagnon, leader de l\u2019opposition municipale, explique comment il a \u00e9chapp\u00e9 aux tirs de trafiquants, alors qu\u2019il buvait un caf\u00e9 dans le Subway de Villejean, le 17 avril en fin d\u2019apr\u00e8s-midi. Depuis le d\u00e9but de l\u2019ann\u00e9e, le quartier est la proie d\u2019une guerre pour le contr\u00f4le du narcotrafic. La pr\u00e9sence fortuite de deux \u00e9lus durant la fusillade, doubl\u00e9e de la diffusion, sur les r\u00e9seaux sociaux, d\u2019une partie de celle-ci, donnent un caract\u00e8re exceptionnel \u00e0 cet \u00e9ni\u00e8me \u00e9pisode de violences, repris par tous les m\u00e9dias.<\/p>\n","protected":false},"excerpt":{"rendered":"Printemps 2016 &#8211; la loi Travail embrase la Ville En France, en 2016, la gauche contr\u00f4le tous les&hellip;\n","protected":false},"author":2,"featured_media":478629,"comment_status":"","ping_status":"","sticky":false,"template":"","format":"standard","meta":{"footnotes":""},"categories":[2821],"tags":[1111,11,829,1777,674,3383,1011,27,848,12,584,25],"class_list":{"0":"post-478628","1":"post","2":"type-post","3":"status-publish","4":"format-standard","5":"has-post-thumbnail","7":"category-rennes","8":"tag-actu","9":"tag-actualites","10":"tag-bretagne","11":"tag-eu","12":"tag-europe","13":"tag-faits-divers-a-rennes","14":"tag-fr","15":"tag-france","16":"tag-ille-et-vilaine","17":"tag-news","18":"tag-rennes","19":"tag-republique-francaise"},"share_on_mastodon":{"url":"https:\/\/pubeurope.com\/@fr\/115410300638849925","error":""},"_links":{"self":[{"href":"https:\/\/www.europesays.com\/fr\/wp-json\/wp\/v2\/posts\/478628","targetHints":{"allow":["GET"]}}],"collection":[{"href":"https:\/\/www.europesays.com\/fr\/wp-json\/wp\/v2\/posts"}],"about":[{"href":"https:\/\/www.europesays.com\/fr\/wp-json\/wp\/v2\/types\/post"}],"author":[{"embeddable":true,"href":"https:\/\/www.europesays.com\/fr\/wp-json\/wp\/v2\/users\/2"}],"replies":[{"embeddable":true,"href":"https:\/\/www.europesays.com\/fr\/wp-json\/wp\/v2\/comments?post=478628"}],"version-history":[{"count":0,"href":"https:\/\/www.europesays.com\/fr\/wp-json\/wp\/v2\/posts\/478628\/revisions"}],"wp:featuredmedia":[{"embeddable":true,"href":"https:\/\/www.europesays.com\/fr\/wp-json\/wp\/v2\/media\/478629"}],"wp:attachment":[{"href":"https:\/\/www.europesays.com\/fr\/wp-json\/wp\/v2\/media?parent=478628"}],"wp:term":[{"taxonomy":"category","embeddable":true,"href":"https:\/\/www.europesays.com\/fr\/wp-json\/wp\/v2\/categories?post=478628"},{"taxonomy":"post_tag","embeddable":true,"href":"https:\/\/www.europesays.com\/fr\/wp-json\/wp\/v2\/tags?post=478628"}],"curies":[{"name":"wp","href":"https:\/\/api.w.org\/{rel}","templated":true}]}}