{"id":478640,"date":"2025-10-21T04:41:43","date_gmt":"2025-10-21T04:41:43","guid":{"rendered":"https:\/\/www.europesays.com\/fr\/478640\/"},"modified":"2025-10-21T04:41:43","modified_gmt":"2025-10-21T04:41:43","slug":"ivre-et-en-panne-sur-le-peripherique-de-nantes-il-sen-prend-aux-policiers","status":"publish","type":"post","link":"https:\/\/www.europesays.com\/fr\/478640\/","title":{"rendered":"Ivre et en panne sur le p\u00e9riph\u00e9rique de Nantes, il s\u2019en prend aux policiers"},"content":{"rendered":"<p>Une voiture en panne et un conducteur particuli\u00e8rement agressif.<\/p>\n<p>Il est 5\u00a0h\u00a030, samedi 18\u00a0octobre, quand des agents de la direction interd\u00e9partementale des routes (Dir) de l\u2019Ouest pr\u00e9viennent la police. L\u2019homme \u00e0 bord du v\u00e9hicule immobilis\u00e9 et passablement \u00e9nerv\u00e9, ne va pas \u00eatre beaucoup plus diplomate avec les policiers qui viennent s\u2019enqu\u00e9rir de la situation.<\/p>\n<p>Des coups, des crachats et des injures raciales contre les policiers<\/p>\n<p>Le conducteur, fortement alcoolis\u00e9, refuse en effet de se faire contr\u00f4ler. \u00a0Il s\u2019est rebell\u00e9, \u00e0 donner des coups et a crach\u00e9 sur les policiers tout en prof\u00e9rant des insultes \u00e0 caract\u00e8re racial\u00a0, explique une source proche du dossier. Il refuse \u00e9galement de se soumettre \u00e0 toute v\u00e9rification, comme son taux d\u2019alcool dans le sang.<\/p>\n<p>Il a \u00e9t\u00e9 plac\u00e9 en garde \u00e0 vue. Les policiers doivent d\u2019abord v\u00e9rifier son identit\u00e9 car le conducteur n\u2019a pas souhait\u00e9 donner la sienne.<\/p>\n<p>\u00a0<\/p>\n","protected":false},"excerpt":{"rendered":"Une voiture en panne et un conducteur particuli\u00e8rement agressif. Il est 5\u00a0h\u00a030, samedi 18\u00a0octobre, quand des agents de&hellip;\n","protected":false},"author":2,"featured_media":478641,"comment_status":"","ping_status":"","sticky":false,"template":"","format":"standard","meta":{"footnotes":""},"categories":[2818],"tags":[1111,11,1777,674,1011,27,12331,766,12,10899,2636,4013,6890,6020,25,3272],"class_list":{"0":"post-478640","1":"post","2":"type-post","3":"status-publish","4":"format-standard","5":"has-post-thumbnail","7":"category-nantes","8":"tag-actu","9":"tag-actualites","10":"tag-eu","11":"tag-europe","12":"tag-fr","13":"tag-france","14":"tag-ivre","15":"tag-nantes","16":"tag-news","17":"tag-panne","18":"tag-pays-de-la-loire","19":"tag-peripherique","20":"tag-policiers","21":"tag-prend","22":"tag-republique-francaise","23":"tag-saint-nazaire"},"share_on_mastodon":{"url":"https:\/\/pubeurope.com\/@fr\/115410323651306786","error":""},"_links":{"self":[{"href":"https:\/\/www.europesays.com\/fr\/wp-json\/wp\/v2\/posts\/478640","targetHints":{"allow":["GET"]}}],"collection":[{"href":"https:\/\/www.europesays.com\/fr\/wp-json\/wp\/v2\/posts"}],"about":[{"href":"https:\/\/www.europesays.com\/fr\/wp-json\/wp\/v2\/types\/post"}],"author":[{"embeddable":true,"href":"https:\/\/www.europesays.com\/fr\/wp-json\/wp\/v2\/users\/2"}],"replies":[{"embeddable":true,"href":"https:\/\/www.europesays.com\/fr\/wp-json\/wp\/v2\/comments?post=478640"}],"version-history":[{"count":0,"href":"https:\/\/www.europesays.com\/fr\/wp-json\/wp\/v2\/posts\/478640\/revisions"}],"wp:featuredmedia":[{"embeddable":true,"href":"https:\/\/www.europesays.com\/fr\/wp-json\/wp\/v2\/media\/478641"}],"wp:attachment":[{"href":"https:\/\/www.europesays.com\/fr\/wp-json\/wp\/v2\/media?parent=478640"}],"wp:term":[{"taxonomy":"category","embeddable":true,"href":"https:\/\/www.europesays.com\/fr\/wp-json\/wp\/v2\/categories?post=478640"},{"taxonomy":"post_tag","embeddable":true,"href":"https:\/\/www.europesays.com\/fr\/wp-json\/wp\/v2\/tags?post=478640"}],"curies":[{"name":"wp","href":"https:\/\/api.w.org\/{rel}","templated":true}]}}