{"id":478642,"date":"2025-10-21T04:42:32","date_gmt":"2025-10-21T04:42:32","guid":{"rendered":"https:\/\/www.europesays.com\/fr\/478642\/"},"modified":"2025-10-21T04:42:32","modified_gmt":"2025-10-21T04:42:32","slug":"a-nantes-gros-renfort-policier-au-tribunal-pour-une-detenue-particulierement-surveillee","status":"publish","type":"post","link":"https:\/\/www.europesays.com\/fr\/478642\/","title":{"rendered":"\u00c0 Nantes, gros renfort policier au tribunal pour une d\u00e9tenue \u00ab\u00a0particuli\u00e8rement surveill\u00e9e\u00a0\u00bb"},"content":{"rendered":"<p>Des pistolets et des fusils-mitrailleurs pr\u00eats \u00e0 \u00eatre d\u00e9gain\u00e9s. Ce lundi 20\u00a0octobre, un important renfort policier a \u00e9t\u00e9 exceptionnellement d\u00e9ploy\u00e9 au <a href=\"https:\/\/www.ouest-france.fr\/societe\/justice\/\" target=\"_self\" rel=\"noopener\">tribunal judiciaire<\/a>, dans la salle des pas perdus comme dans celle des comparutions imm\u00e9diates, \u00e0 Nantes. En cause, le profil et la personnalit\u00e9 d\u2019une pr\u00e9venue inscrite au r\u00f4le du jour.<\/p>\n<p><a href=\"https:\/\/rennes.maville.com\/actu\/actudet_-banditisme.-prison-ferme-pour-des-figures-du-gang-de-la-dream-team_54135-2952442_actu.Htm\" target=\"_self\" rel=\"noopener\">Aur\u00e9lie Merlini, \u00e2g\u00e9e de 40\u00a0ans<\/a>, <strong>\u00ab\u00a0h\u00e9riti\u00e8re d\u2019une figure du grand banditisme\u00a0\u00bb,<\/strong> avait \u00e9crit en 2014  <a href=\"https:\/\/www.leparisien.fr\/week-end\/le-crime-en-heritage-06-03-2014-3648901.php\" target=\"_self\" rel=\"noopener\">Le Parisien<\/a>  <a href=\"https:\/\/www.leparisien.fr\/week-end\/le-crime-en-heritage-06-03-2014-3648901.php\" target=\"_self\" rel=\"noopener\">,<\/a> victime d\u2019une tentative d\u2019assassinat en 2012 lui ayant occasionn\u00e9 des s\u00e9quelles physiques, est extraite de sa cellule pour d\u00e9tention d\u2019un t\u00e9l\u00e9phone, de deux cartes Sim, d\u2019un chargeur et pour communications \u00e0 l\u2019ext\u00e9rieur. D\u00e9tenue depuis f\u00e9vrier\u00a02024, elle a \u00e9t\u00e9 transf\u00e9r\u00e9e de la prison marseillaise des Baumettes \u00e0 la maison d\u2019arr\u00eat de Nantes il y a cinq mois.<\/p>\n<p>Comme la loi l\u2019y autorise, la pr\u00e9venue a demand\u00e9 un d\u00e9lai pour que son avocate du barreau de Marseille puisse venir la d\u00e9fendre\u00a0: les faits seront examin\u00e9s le 1er\u00a0d\u00e9cembre. Elle l\u2019assure\u00a0: les coups de fil pass\u00e9s n\u2019ont pas de lien avec un quelconque trafic depuis la prison. <strong>\u00ab\u00a0Je sais que je n\u2019ai pas le droit, mais je n\u2019ai appel\u00e9 que trois num\u00e9ros\u00a0: ma fille, ma meilleure amie et mon mec\u00a0\u00bb, <\/strong>assure-t-elle. Selon la d\u00e9fense, <strong>\u00ab\u00a0aucune d\u00e9marche n\u2019a \u00e9t\u00e9 faite dans ce dossier pour savoir qui \u00e9tait au bout du fil\u00a0\u00bb.<\/strong><\/p>\n<p>\u00ab\u00a0Je ne me suis jamais d\u00e9fil\u00e9e\u00a0\u00bb<\/p>\n<p>En attendant, la question de son placement en d\u00e9tention provisoire se pose pour les juges. Et ce, m\u00eame si Aur\u00e9lie Merlini fait actuellement l\u2019objet d\u2019un r\u00e9f\u00e9r\u00e9-d\u00e9tention (prolongement en d\u00e9tention provisoire) dans le cadre d\u2019une instruction pour<strong> \u00ab\u00a0trafic de stup\u00e9fiants, association de malfaiteurs, recel de v\u00e9hicules vol\u00e9s\u2026\u00a0\u00bb<\/strong><\/p>\n<p>Comme d\u00e9cid\u00e9 par un juge des libert\u00e9s et de la d\u00e9tention, <strong>\u00ab\u00a0j\u2019esp\u00e8re \u00eatre plac\u00e9e sous contr\u00f4le judiciaire. Je ne me suis jamais d\u00e9fil\u00e9e devant la justice\u00a0\u00bb,<\/strong> affirme cette femme, dont le casier judiciaire compte sept mentions, principalement pour des atteintes aux biens.<\/p>\n<p>L\u2019enjeu pour elle\u00a0: une prochaine <strong>\u00ab\u00a0permission de sortir escort\u00e9e\u00a0\u00bb, <\/strong>accord\u00e9e afin de lui permettre d\u2019\u00eatre aupr\u00e8s de sa fille souffrante, qui doit subir <strong>\u00ab\u00a0une op\u00e9ration chirurgicale d\u00e9licate\u00a0\u00bb.<\/strong> Le tribunal a suivi la demande de la d\u00e9fense.<\/p>\n<p>\u00a0<\/p>\n","protected":false},"excerpt":{"rendered":"Des pistolets et des fusils-mitrailleurs pr\u00eats \u00e0 \u00eatre d\u00e9gain\u00e9s. Ce lundi 20\u00a0octobre, un important renfort policier a \u00e9t\u00e9&hellip;\n","protected":false},"author":2,"featured_media":478643,"comment_status":"","ping_status":"","sticky":false,"template":"","format":"standard","meta":{"footnotes":""},"categories":[2818],"tags":[1111,11,1438,29846,1777,674,1011,27,5239,766,12,33461,2636,10910,16078,25,60208,3693],"class_list":{"0":"post-478642","1":"post","2":"type-post","3":"status-publish","4":"format-standard","5":"has-post-thumbnail","7":"category-nantes","8":"tag-actu","9":"tag-actualites","10":"tag-angers","11":"tag-detenue","12":"tag-eu","13":"tag-europe","14":"tag-fr","15":"tag-france","16":"tag-gros","17":"tag-nantes","18":"tag-news","19":"tag-particulierement","20":"tag-pays-de-la-loire","21":"tag-policier","22":"tag-renfort","23":"tag-republique-francaise","24":"tag-surveillee","25":"tag-tribunal"},"share_on_mastodon":{"url":"https:\/\/pubeurope.com\/@fr\/115410327552199254","error":""},"_links":{"self":[{"href":"https:\/\/www.europesays.com\/fr\/wp-json\/wp\/v2\/posts\/478642","targetHints":{"allow":["GET"]}}],"collection":[{"href":"https:\/\/www.europesays.com\/fr\/wp-json\/wp\/v2\/posts"}],"about":[{"href":"https:\/\/www.europesays.com\/fr\/wp-json\/wp\/v2\/types\/post"}],"author":[{"embeddable":true,"href":"https:\/\/www.europesays.com\/fr\/wp-json\/wp\/v2\/users\/2"}],"replies":[{"embeddable":true,"href":"https:\/\/www.europesays.com\/fr\/wp-json\/wp\/v2\/comments?post=478642"}],"version-history":[{"count":0,"href":"https:\/\/www.europesays.com\/fr\/wp-json\/wp\/v2\/posts\/478642\/revisions"}],"wp:featuredmedia":[{"embeddable":true,"href":"https:\/\/www.europesays.com\/fr\/wp-json\/wp\/v2\/media\/478643"}],"wp:attachment":[{"href":"https:\/\/www.europesays.com\/fr\/wp-json\/wp\/v2\/media?parent=478642"}],"wp:term":[{"taxonomy":"category","embeddable":true,"href":"https:\/\/www.europesays.com\/fr\/wp-json\/wp\/v2\/categories?post=478642"},{"taxonomy":"post_tag","embeddable":true,"href":"https:\/\/www.europesays.com\/fr\/wp-json\/wp\/v2\/tags?post=478642"}],"curies":[{"name":"wp","href":"https:\/\/api.w.org\/{rel}","templated":true}]}}