{"id":478646,"date":"2025-10-21T04:44:31","date_gmt":"2025-10-21T04:44:31","guid":{"rendered":"https:\/\/www.europesays.com\/fr\/478646\/"},"modified":"2025-10-21T04:44:31","modified_gmt":"2025-10-21T04:44:31","slug":"un-olivier-plante-en-hommage-aux-victimes-de-lantisemitisme-et-pour-celebrer-la-liberation-des-otages","status":"publish","type":"post","link":"https:\/\/www.europesays.com\/fr\/478646\/","title":{"rendered":"un olivier plant\u00e9 en hommage aux victimes de l\u2019antis\u00e9mitisme et pour c\u00e9l\u00e9brer la lib\u00e9ration des otages"},"content":{"rendered":"<p>\n    Le geste symbolique a \u00e9t\u00e9 r\u00e9alis\u00e9 dimanche, sur le parvis de la grande synagogue de Bordeaux.<\/p>\n<p class=\"fig-paragraph\">Ce dimanche, \u00e0 11h, un olivier a \u00e9t\u00e9 plant\u00e9 \u00ab\u00e0 la m\u00e9moire de toutes les victimes de l\u2019antis\u00e9mitisme en France, et pour c\u00e9l\u00e9brer le retour des\u00a0<a href=\"https:\/\/video.lefigaro.fr\/figaro\/international\/20-otages-liberes-trump-glorifie-les-images-historiques-en-israel-20251013\" target=\"_blank\" data-fig-type=\"Video\" rel=\"sponsored noopener nofollow\" data-gtm-custom-categorie=\"navigation\" data-gtm-custom-action=\"crossclick\" data-gtm-custom-label=\"Contextuel\" data-gtm-event=\"customEventSPE\" data-fig-domain=\"LEFIGARO\">otages lib\u00e9r\u00e9s<\/a> \u00bb, devant la grande synagogue de Bordeaux. La c\u00e9r\u00e9monie \u00e9tait organis\u00e9e par le conseil repr\u00e9sentatif des institutions juives de France (CRIF) Bordeaux-Aquitaine et le Consistoire isra\u00e9lite de Bordeaux, en association avec B\u2019nai B\u2019rith International et le collectif \u00abNous vivrons\u00bb.<\/p>\n<p class=\"fig-paragraph\">Un hommage particulier a \u00e9galement \u00e9t\u00e9 rendu \u00e0\u00a0<a href=\"https:\/\/www.lefigaro.fr\/marseille\/dans-les-bouches-du-rhone-une-plaque-en-hommage-a-ilan-halimi-degradee-la-veille-des-commemorations-du-7-octobre-20251007?msockid=258c4318a154643d05395665a0ed65f9\" target=\"_blank\" data-fig-type=\"NewsFlash\" rel=\"sponsored noopener nofollow\" data-gtm-custom-categorie=\"navigation\" data-gtm-custom-action=\"crossclick\" data-gtm-custom-label=\"Contextuel\" data-gtm-event=\"customEventSPE\" data-fig-domain=\"LEFIGARO\">Ilan Halimi<\/a>. En janvier 2006, ce jeune homme de 23 ans avait \u00e9t\u00e9 enlev\u00e9 \u00e0 Sceaux par le \u00ab gang des barbares\u00bb. S\u00e9questr\u00e9 pendant plus de trois semaines dans une cit\u00e9 de Bagneux, il avait \u00e9t\u00e9 tortur\u00e9 parce que juif. Retrouv\u00e9 agonisant le 13 f\u00e9vrier le long d\u2019une voie ferr\u00e9e, il \u00e9tait mort peu apr\u00e8s des suites de ses blessures. Son assassinat avait provoqu\u00e9 une onde de choc en France et suscit\u00e9 une large mobilisation contre l\u2019antis\u00e9mitisme.<\/p>\n<p>                                    <a class=\"fig-a11y-skip a11y-hidden\" href=\"#fig-a11y-skip-main-inarticle\"><br \/>\n        Passer la publicit\u00e9<br \/>\n    <\/a><\/p>\n<p>\u00abUn message de fraternit\u00e9\u00bb<\/p>\n<p class=\"fig-paragraph\">\u00abPuisse cet arbre grandir ici, enracin\u00e9 dans la terre de Bordeaux, comme un message de fraternit\u00e9, de r\u00e9sistance et d\u2019esp\u00e9rance\u00bb, a d\u00e9clar\u00e9 Albert Massiah, le pr\u00e9sident du Crif Bordeaux-Aquitaine, lors de son discours. \u00abPlanter cet olivier, c\u2019est d\u2019abord refuser l\u2019oubli. C\u2019est dire qu\u2019aucune id\u00e9ologie, aucune indiff\u00e9rence, ne doit pouvoir effacer les visages, les noms, les histoires de celles et ceux tomb\u00e9s sous les coups de l\u2019antis\u00e9mitisme ou de la barbarie. Mais c\u2019est aussi planter un espoir\u00a0: celui d\u2019un monde o\u00f9 nos enfants et petits-enfants grandiront libres, en paix, \u00e0 l\u2019abri de la peur et du fanatisme\u00bb, a-t-il ajout\u00e9.<\/p>\n<p class=\"fig-paragraph\">La c\u00e9r\u00e9monie, ouverte \u00e0 tous, s\u2019est d\u00e9roul\u00e9e en pr\u00e9sence des repr\u00e9sentants des institutions religieuses, civiles et associatives.<\/p>\n","protected":false},"excerpt":{"rendered":"Le geste symbolique a \u00e9t\u00e9 r\u00e9alis\u00e9 dimanche, sur le parvis de la grande synagogue de Bordeaux. Ce dimanche,&hellip;\n","protected":false},"author":2,"featured_media":478647,"comment_status":"","ping_status":"","sticky":false,"template":"","format":"standard","meta":{"footnotes":""},"categories":[2817],"tags":[1111,11,6155,1997,1777,674,1011,27,4879,12,2219,25],"class_list":{"0":"post-478646","1":"post","2":"type-post","3":"status-publish","4":"format-standard","5":"has-post-thumbnail","7":"category-bordeaux","8":"tag-actu","9":"tag-actualites","10":"tag-antisemitisme","11":"tag-bordeaux","12":"tag-eu","13":"tag-europe","14":"tag-fr","15":"tag-france","16":"tag-hommage","17":"tag-news","18":"tag-nouvelle-aquitaine","19":"tag-republique-francaise"},"share_on_mastodon":{"url":"https:\/\/pubeurope.com\/@fr\/115410335430870407","error":""},"_links":{"self":[{"href":"https:\/\/www.europesays.com\/fr\/wp-json\/wp\/v2\/posts\/478646","targetHints":{"allow":["GET"]}}],"collection":[{"href":"https:\/\/www.europesays.com\/fr\/wp-json\/wp\/v2\/posts"}],"about":[{"href":"https:\/\/www.europesays.com\/fr\/wp-json\/wp\/v2\/types\/post"}],"author":[{"embeddable":true,"href":"https:\/\/www.europesays.com\/fr\/wp-json\/wp\/v2\/users\/2"}],"replies":[{"embeddable":true,"href":"https:\/\/www.europesays.com\/fr\/wp-json\/wp\/v2\/comments?post=478646"}],"version-history":[{"count":0,"href":"https:\/\/www.europesays.com\/fr\/wp-json\/wp\/v2\/posts\/478646\/revisions"}],"wp:featuredmedia":[{"embeddable":true,"href":"https:\/\/www.europesays.com\/fr\/wp-json\/wp\/v2\/media\/478647"}],"wp:attachment":[{"href":"https:\/\/www.europesays.com\/fr\/wp-json\/wp\/v2\/media?parent=478646"}],"wp:term":[{"taxonomy":"category","embeddable":true,"href":"https:\/\/www.europesays.com\/fr\/wp-json\/wp\/v2\/categories?post=478646"},{"taxonomy":"post_tag","embeddable":true,"href":"https:\/\/www.europesays.com\/fr\/wp-json\/wp\/v2\/tags?post=478646"}],"curies":[{"name":"wp","href":"https:\/\/api.w.org\/{rel}","templated":true}]}}