{"id":478658,"date":"2025-10-21T04:52:17","date_gmt":"2025-10-21T04:52:17","guid":{"rendered":"https:\/\/www.europesays.com\/fr\/478658\/"},"modified":"2025-10-21T04:52:17","modified_gmt":"2025-10-21T04:52:17","slug":"lyon-un-arracheur-de-collier-interpelle-alors-quil-entrait-dans-un-squat","status":"publish","type":"post","link":"https:\/\/www.europesays.com\/fr\/478658\/","title":{"rendered":"Lyon. Un arracheur de collier interpell\u00e9 alors qu\u2019il entrait dans un squat"},"content":{"rendered":"<p>Un homme a \u00e9t\u00e9 interpell\u00e9 samedi dans le quartier de la Croix-Rousse \u00e0 Lyon (4e), quelques minutes apr\u00e8s avoir agress\u00e9 une femme de 73 ans. Elle marchait dans la rue Valentin Couturier quand un individu s\u2019est approch\u00e9 d\u2019elle par surprise et lui a violemment arrach\u00e9 son collier, avant de partir en courant.<\/p>\n<p>Plac\u00e9 en garde \u00e0 vue<\/p>\n<p>Des t\u00e9moins ont essay\u00e9 de le rattraper, sans y parvenir, mais gr\u00e2ce au signalement du voleur, celui-ci a \u00e9t\u00e9 rep\u00e9r\u00e9 par la police au moment o\u00f9 il entrait dans un squat de la place des Tapis.<\/p>\n<p>Ce contenu est bloqu\u00e9 car vous n&rsquo;avez pas accept\u00e9 les cookies et autres traceurs.<\/p>\n<p>En cliquant sur \u00ab J\u2019accepte \u00bb, les cookies et autres traceurs seront d\u00e9pos\u00e9s et vous pourrez visualiser les contenus  (<a href=\"\" class=\"consentModule_policy\" target=\"_blank\" title=\"Consulter la politique de protection des donn\u00e9es du fournisseur\">plus d&rsquo;informations<\/a>).<\/p>\n<p>En cliquant sur \u00ab J\u2019accepte tous les cookies \u00bb, vous autorisez des d\u00e9p\u00f4ts de cookies et autres traceurs pour le stockage de vos donn\u00e9es sur nos sites et applications \u00e0 des fins de personnalisation et de ciblage publicitaire.<\/p>\n<p class=\"consentModule_secondaryText\">Vous gardez la possibilit\u00e9 de retirer votre consentement \u00e0 tout moment en consultant notre <a href=\"https:\/\/www.leprogres.fr\/protection-des-donnees\" target=\"_blank\" title=\"Consulter notre politique de protection des donn\u00e9es\" rel=\"noopener\">politique de protection des donn\u00e9es<\/a>. <br \/>&#13;<br \/>\n            <a href=\"https:\/\/www.leprogres.fr\/faits-divers-justice\/2025\/10\/21\/javascript:Didomi.notice.show()\" class=\"consentModule_cmp\" target=\"_blank\" rel=\"noopener\">G\u00e9rer mes choix<\/a>&#13;\n        <\/p>\n<p>&#13;<br \/>\n                        J&rsquo;accepte&#13;<br \/>\n            J&rsquo;accepte tous les cookies&#13;\n        <\/p>\n<p>Plac\u00e9 en garde \u00e0 vue, le suspect, alg\u00e9rien et en situation irr\u00e9guli\u00e8re, a reconnu les faits et doit \u00eatre pr\u00e9sent\u00e9 mardi au parquet en vue d\u2019une comparution imm\u00e9diate.<\/p>\n","protected":false},"excerpt":{"rendered":"Un homme a \u00e9t\u00e9 interpell\u00e9 samedi dans le quartier de la Croix-Rousse \u00e0 Lyon (4e), quelques minutes apr\u00e8s&hellip;\n","protected":false},"author":2,"featured_media":478659,"comment_status":"","ping_status":"","sticky":false,"template":"","format":"standard","meta":{"footnotes":""},"categories":[1889],"tags":[1111,11,2430,271,272,2757,1777,674,274,1011,27,2428,10928,10927,12,25,2429],"class_list":{"0":"post-478658","1":"post","2":"type-post","3":"status-publish","4":"format-standard","5":"has-post-thumbnail","7":"category-lyon","8":"tag-actu","9":"tag-actualites","10":"tag-auvergne-rhone-alpes","11":"tag-crime","12":"tag-delit-et-contravention","13":"tag-edition-lyon-villeurbanne","14":"tag-eu","15":"tag-europe","16":"tag-faits-divers-justice","17":"tag-fr","18":"tag-france","19":"tag-lyon","20":"tag-lyon-4e","21":"tag-lyon-4e-arrondissement","22":"tag-news","23":"tag-republique-francaise","24":"tag-rhone"},"share_on_mastodon":{"url":"https:\/\/pubeurope.com\/@fr\/115410366853593341","error":""},"_links":{"self":[{"href":"https:\/\/www.europesays.com\/fr\/wp-json\/wp\/v2\/posts\/478658","targetHints":{"allow":["GET"]}}],"collection":[{"href":"https:\/\/www.europesays.com\/fr\/wp-json\/wp\/v2\/posts"}],"about":[{"href":"https:\/\/www.europesays.com\/fr\/wp-json\/wp\/v2\/types\/post"}],"author":[{"embeddable":true,"href":"https:\/\/www.europesays.com\/fr\/wp-json\/wp\/v2\/users\/2"}],"replies":[{"embeddable":true,"href":"https:\/\/www.europesays.com\/fr\/wp-json\/wp\/v2\/comments?post=478658"}],"version-history":[{"count":0,"href":"https:\/\/www.europesays.com\/fr\/wp-json\/wp\/v2\/posts\/478658\/revisions"}],"wp:featuredmedia":[{"embeddable":true,"href":"https:\/\/www.europesays.com\/fr\/wp-json\/wp\/v2\/media\/478659"}],"wp:attachment":[{"href":"https:\/\/www.europesays.com\/fr\/wp-json\/wp\/v2\/media?parent=478658"}],"wp:term":[{"taxonomy":"category","embeddable":true,"href":"https:\/\/www.europesays.com\/fr\/wp-json\/wp\/v2\/categories?post=478658"},{"taxonomy":"post_tag","embeddable":true,"href":"https:\/\/www.europesays.com\/fr\/wp-json\/wp\/v2\/tags?post=478658"}],"curies":[{"name":"wp","href":"https:\/\/api.w.org\/{rel}","templated":true}]}}