{"id":478660,"date":"2025-10-21T04:53:18","date_gmt":"2025-10-21T04:53:18","guid":{"rendered":"https:\/\/www.europesays.com\/fr\/478660\/"},"modified":"2025-10-21T04:53:18","modified_gmt":"2025-10-21T04:53:18","slug":"lyon-lourdement-handicape-philippe-est-bloque-chez-lui-depuis-un-mois-a-cause-dune-panne-dascenseur","status":"publish","type":"post","link":"https:\/\/www.europesays.com\/fr\/478660\/","title":{"rendered":"Lyon. Lourdement handicap\u00e9, Philippe est bloqu\u00e9 chez lui depuis un mois \u00e0 cause d\u2019une panne d\u2019ascenseur"},"content":{"rendered":"<p>Quand nous rencontrons Philippe Fourrat, ce samedi apr\u00e8s-midi \u00e0 son domicile, cela fait exactement 26 jours qu\u2019il est bloqu\u00e9 chez lui. Depuis le 23\u00a0septembre dernier, quand l\u2019ascenseur de son petit immeuble du 17 all\u00e9e L\u00e9opold Sedar-Senghor, \u00e0 Gerland, est tomb\u00e9 en panne.<\/p>\n<p>En situation de handicap s\u00e9v\u00e8re depuis la naissance, cet homme de 56 ans vit dans son appartement en fauteuil \u00e9lectrique, avec une infirmit\u00e9 motrice c\u00e9r\u00e9brale (IMC) qui le prive de la parole. Il communique \u00e0 l\u2019aide d\u2019un rayon laser lumineux avec lequel il compose des phrases en s\u00e9lectionnant des mots dans un grand tableau accroch\u00e9 au mur.<\/p>\n<p>\u00ab\u00a0Un isolement forc\u00e9 insupportable\u00a0\u00bb<\/p>\n<p>T\u00e9trapl\u00e9gique, il ne peut pas non plus marcher, ce qui ne l\u2019emp\u00eache pas d\u2019\u00eatre \u00ab\u00a0tr\u00e8s actif\u00a0\u00bb, comme l\u2019explique Val\u00e9rie Martel, une amie de longue date qui lui rend visite r\u00e9guli\u00e8rement. \u00ab\u00a0Philippe fait ses courses, se&#8230;<\/p>\n","protected":false},"excerpt":{"rendered":"Quand nous rencontrons Philippe Fourrat, ce samedi apr\u00e8s-midi \u00e0 son domicile, cela fait exactement 26 jours qu\u2019il est&hellip;\n","protected":false},"author":2,"featured_media":478661,"comment_status":"","ping_status":"","sticky":false,"template":"","format":"standard","meta":{"footnotes":""},"categories":[1889],"tags":[1111,11,2430,2757,1777,674,1011,27,1943,2428,2756,12,25,2429,3151,104],"class_list":{"0":"post-478660","1":"post","2":"type-post","3":"status-publish","4":"format-standard","5":"has-post-thumbnail","7":"category-lyon","8":"tag-actu","9":"tag-actualites","10":"tag-auvergne-rhone-alpes","11":"tag-edition-lyon-villeurbanne","12":"tag-eu","13":"tag-europe","14":"tag-fr","15":"tag-france","16":"tag-handicap","17":"tag-lyon","18":"tag-lyon-bassin","19":"tag-news","20":"tag-republique-francaise","21":"tag-rhone","22":"tag-selection-de-la-redaction-69","23":"tag-societe"},"share_on_mastodon":{"url":"https:\/\/pubeurope.com\/@fr\/115410370828454859","error":""},"_links":{"self":[{"href":"https:\/\/www.europesays.com\/fr\/wp-json\/wp\/v2\/posts\/478660","targetHints":{"allow":["GET"]}}],"collection":[{"href":"https:\/\/www.europesays.com\/fr\/wp-json\/wp\/v2\/posts"}],"about":[{"href":"https:\/\/www.europesays.com\/fr\/wp-json\/wp\/v2\/types\/post"}],"author":[{"embeddable":true,"href":"https:\/\/www.europesays.com\/fr\/wp-json\/wp\/v2\/users\/2"}],"replies":[{"embeddable":true,"href":"https:\/\/www.europesays.com\/fr\/wp-json\/wp\/v2\/comments?post=478660"}],"version-history":[{"count":0,"href":"https:\/\/www.europesays.com\/fr\/wp-json\/wp\/v2\/posts\/478660\/revisions"}],"wp:featuredmedia":[{"embeddable":true,"href":"https:\/\/www.europesays.com\/fr\/wp-json\/wp\/v2\/media\/478661"}],"wp:attachment":[{"href":"https:\/\/www.europesays.com\/fr\/wp-json\/wp\/v2\/media?parent=478660"}],"wp:term":[{"taxonomy":"category","embeddable":true,"href":"https:\/\/www.europesays.com\/fr\/wp-json\/wp\/v2\/categories?post=478660"},{"taxonomy":"post_tag","embeddable":true,"href":"https:\/\/www.europesays.com\/fr\/wp-json\/wp\/v2\/tags?post=478660"}],"curies":[{"name":"wp","href":"https:\/\/api.w.org\/{rel}","templated":true}]}}