{"id":478666,"date":"2025-10-21T04:56:14","date_gmt":"2025-10-21T04:56:14","guid":{"rendered":"https:\/\/www.europesays.com\/fr\/478666\/"},"modified":"2025-10-21T04:56:14","modified_gmt":"2025-10-21T04:56:14","slug":"entreprises-maxi-zoo-ouvre-sa-premiere-boutique-dans-le-centre-de-paris-une-societe-de-haute-savoie-rachetee-lactu-en-bref","status":"publish","type":"post","link":"https:\/\/www.europesays.com\/fr\/478666\/","title":{"rendered":"Entreprises. Maxi Zoo ouvre sa premi\u00e8re boutique dans le centre de Paris, une soci\u00e9t\u00e9 de Haute-Savoie rachet\u00e9e&#8230;\u00a0L&rsquo;actu en bref"},"content":{"rendered":"<p>  &#13;<br \/>\n      <a href=\"https:\/\/cdn-s-www.ledauphine.com\/images\/f47854e8-6154-41ec-aa34-f06cadbcf249\/NW_raw\/photo-archives-le-dl-1696955395.jpg\" title=\"Photo Archives Le DL\" class=\"chocolat-image GA-tracking\" data-ga_type=\"click\" data-ga_category=\"D\u00e9tail\" data-ga_action=\"zoomer\" data-ga_label=\"agrandir image\" target=\"_blank\" rel=\"noopener\">&#13;<br \/>\n          <img loading=\"lazy\" decoding=\"async\" src=\"https:\/\/www.europesays.com\/fr\/wp-content\/uploads\/2025\/10\/photo-archives-le-dl-1696955395.jpg\" data-mobile=\"NW_listC_M|1696955395\" data-base=\"NW_listC|1696955395\" alt=\"Photo Archives Le DL\"\/>&#13;<br \/>\n      <\/a>&#13;<\/p>\n<p>Photo Archives Le DL<\/p>\n<p>&#13;<\/p>\n<p>  Is\u00e8re\u00a0:\u00a0Maxi Zoo ouvre sa premi\u00e8re boutique en centre-ville, \u00e0 Paris<\/p>\n<p>Maxi Zoo, dont le si\u00e8ge est <a href=\"https:\/\/www.ledauphine.com\/economie\/2025\/02\/12\/avec-un-chiffre-d-affaires-en-hausse-maxi-zoo-poursuit-sa-croissance-et-souhaite-continuer-de-s-implanter-en-zones-rurales\" target=\"_blank\" rel=\"noopener\">situ\u00e9 \u00e0 Vaulx-Milieu (Is\u00e8re)<\/a>, va ouvrir le 29 octobre son\u00a0premier magasin de centre-ville en France, \u00e0 Paris (11e arrondissement, au 190, boulevard Voltaire) sur un format r\u00e9duit de 150 m\u00b2.\u00a0<\/p>\n<p>G\u00e9r\u00e9 par quatre personnes, il proposera\u00a0tout de m\u00eame quelque 2 000 r\u00e9f\u00e9rences : produits alimentaires, accessoires pour chiens, chats et rongeurs. <\/p>\n<p>\u00ab\u00a0Ce nouveau concept illustre notre capacit\u00e9 \u00e0 innover et \u00e0 nous adapter aux attentes de nos clients, tout en poursuivant notre ambition : \u00eatre accessible \u00e0 moins de 20 minutes de chaque possesseur d\u2019animaux\u00a0\u00bb, d\u00e9clare R\u00e9my Brun-Lafleur, directeur d\u00e9veloppement chez Maxi Zoo France.<\/p>\n<p>  Haute-Savoie\u00a0: Incendio\u00a0rachet\u00e9e par le Groupe SBTX<\/p>\n<p>La soci\u00e9t\u00e9 Incendio,\u00a0sp\u00e9cialiste de la protection incendie active et passive\u00a0bas\u00e9 \u00e0 Lyon (Rh\u00f4ne) et \u00e0 Thonon-les-Bains (Haute-Savoie), vient d&rsquo;\u00eatre rachet\u00e9e par le Groupe SBTX, de Genay (Rh\u00f4ne).<\/p>\n<p>Ce dernier est\u00a0sp\u00e9cialis\u00e9 dans les travaux et la maintenance immobili\u00e8re aupr\u00e8s des gestionnaires d\u2019actifs immobiliers.<\/p>\n<p>Responsables d&rsquo;Incendio,\u00a0Fabrice Delerce et Fr\u00e9d\u00e9ric Poloce b\u00e9n\u00e9ficieront de l\u2019appui du Groupe SBTX, \u00ab\u00a0leur offrant la possibilit\u00e9 de se concentrer pleinement sur le d\u00e9veloppement d\u2019Incendio et de valoriser les synergies issues de leur r\u00e9investissement au sein du groupe.\u00a0\u00bb<\/p>\n<p>  Is\u00e8re\u00a0:\u00a0Retif Group et Promo Cash lancent un\u00a0magasin conjoint\u00a0pour\u00a0les pros du commerce<\/p>\n<p>Retif Group,\u00a0sp\u00e9cialiste de l\u2019agencement et de l\u2019\u00e9quipement pour les magasins et les enseignes, et Promocash, grossiste alimentaire pour les professionnels de la restauration ont lanc\u00e9 le premier magasin conjoint de France\u00a0pour tous les professionnels du commerce.<\/p>\n<p>Il sera bas\u00e9 \u00e0 Voiron (Is\u00e8re) sur un m\u00eame site de 450 m\u00b2 et devrait permettre aux professionnels du pays voironnais de r\u00e9aliser leurs achats en un m\u00eame endroit, au sein d\u2019enseignes \u00e0 l\u2019offre compl\u00e9mentaire.<\/p>\n","protected":false},"excerpt":{"rendered":"&#13; &#13; &#13; &#13; Photo Archives Le DL &#13; Is\u00e8re\u00a0:\u00a0Maxi Zoo ouvre sa premi\u00e8re boutique en centre-ville, \u00e0&hellip;\n","protected":false},"author":2,"featured_media":478667,"comment_status":"","ping_status":"","sticky":false,"template":"","format":"standard","meta":{"footnotes":""},"categories":[1888],"tags":[1111,1928,11,1927,2738,4646,9810,2730,33,1777,674,1011,27,4638,693,5015,108,3367,12,1926,626,1925,25,2429,5508,216],"class_list":{"0":"post-478666","1":"post","2":"type-post","3":"status-publish","4":"format-standard","5":"has-post-thumbnail","7":"category-paris","8":"tag-actu","9":"tag-actu-paris","10":"tag-actualites","11":"tag-actualites-paris","12":"tag-ain","13":"tag-ardeche","14":"tag-direct-entreprises","15":"tag-drome","16":"tag-economie","17":"tag-eu","18":"tag-europe","19":"tag-fr","20":"tag-france","21":"tag-haute-savoie","22":"tag-industrie","23":"tag-innovation-et-start-up","24":"tag-isere","25":"tag-loire","26":"tag-news","27":"tag-news-paris","28":"tag-paris","29":"tag-paris-news","30":"tag-republique-francaise","31":"tag-rhone","32":"tag-savoie","33":"tag-vie-des-entreprises"},"share_on_mastodon":{"url":"https:\/\/pubeurope.com\/@fr\/115410382617093828","error":""},"_links":{"self":[{"href":"https:\/\/www.europesays.com\/fr\/wp-json\/wp\/v2\/posts\/478666","targetHints":{"allow":["GET"]}}],"collection":[{"href":"https:\/\/www.europesays.com\/fr\/wp-json\/wp\/v2\/posts"}],"about":[{"href":"https:\/\/www.europesays.com\/fr\/wp-json\/wp\/v2\/types\/post"}],"author":[{"embeddable":true,"href":"https:\/\/www.europesays.com\/fr\/wp-json\/wp\/v2\/users\/2"}],"replies":[{"embeddable":true,"href":"https:\/\/www.europesays.com\/fr\/wp-json\/wp\/v2\/comments?post=478666"}],"version-history":[{"count":0,"href":"https:\/\/www.europesays.com\/fr\/wp-json\/wp\/v2\/posts\/478666\/revisions"}],"wp:featuredmedia":[{"embeddable":true,"href":"https:\/\/www.europesays.com\/fr\/wp-json\/wp\/v2\/media\/478667"}],"wp:attachment":[{"href":"https:\/\/www.europesays.com\/fr\/wp-json\/wp\/v2\/media?parent=478666"}],"wp:term":[{"taxonomy":"category","embeddable":true,"href":"https:\/\/www.europesays.com\/fr\/wp-json\/wp\/v2\/categories?post=478666"},{"taxonomy":"post_tag","embeddable":true,"href":"https:\/\/www.europesays.com\/fr\/wp-json\/wp\/v2\/tags?post=478666"}],"curies":[{"name":"wp","href":"https:\/\/api.w.org\/{rel}","templated":true}]}}