{"id":478669,"date":"2025-10-21T04:58:15","date_gmt":"2025-10-21T04:58:15","guid":{"rendered":"https:\/\/www.europesays.com\/fr\/478669\/"},"modified":"2025-10-21T04:58:15","modified_gmt":"2025-10-21T04:58:15","slug":"jai-plonge-meme-sans-savoir-tres-bien-nager-yacine-a-saute-dans-la-seine-pour-sauver-un-homme-de-la-noyade","status":"publish","type":"post","link":"https:\/\/www.europesays.com\/fr\/478669\/","title":{"rendered":"\u00ab\u00a0J\u2019ai plong\u00e9, m\u00eame sans savoir tr\u00e8s bien nager\u00a0\u00bb\u00a0: Yacine a saut\u00e9 dans la Seine pour sauver un homme de la noyade"},"content":{"rendered":"<p class=\"paragraph text_align_left lp-f-body-02\">En se promenant en bord de Seine, \u00e0 deux pas du <a href=\"https:\/\/www.leparisien.fr\/paris-75\/mon-projet-peut-etre-le-plus-fou-40-ans-apres-son-empaquetage-lartiste-jr-va-transformer-le-pont-neuf-03-10-2025-RFAKTPZM3JHFPAJ2O6ZZ5ZN7HU.php\" target=\"_self\" rel=\"nofollow noopener\">Pont-Neuf<\/a> (<a href=\"https:\/\/www.leparisien.fr\/paris-75\/paris-75001\/\" target=\"_self\" rel=\"nofollow noopener\">Ier arrondissement<\/a> de <a href=\"https:\/\/www.leparisien.fr\/paris-75\/\" target=\"_self\" rel=\"nofollow noopener\">Paris<\/a>) avec son ami vendredi soir, Yacine n\u2019imagine \u00e0 aucun moment la tournure que sa soir\u00e9e va prendre. Pourtant, quelques minutes plus tard, il ira sauver la vie d\u2019un inconnu, n\u2019\u00e9coutant que son instinct.<\/p>\n<p class=\"paragraph text_align_left lp-f-body-02\">En cette fin de semaine, la nuit commence \u00e0 tomber. Yacine, 29 ans, et son ami Nassim, de quatre ans son a\u00een\u00e9, prennent des photos et profitent des couleurs du ciel et de celles des lampadaires qui se refl\u00e8tent sur la Seine. Au loin, <a href=\"https:\/\/www.leparisien.fr\/paris-75\/a-paris-sur-le-pont-des-arts-ces-riverains-profitent-de-la-nuit-pour-retirer-les-cadenas-des-touristes-13-04-2024-25EP3AGJQRBWXDLWK62FXMHGQQ.php\" target=\"_self\" rel=\"nofollow noopener\">le pont des Arts<\/a> s\u2019illumine <a href=\"https:\/\/www.leparisien.fr\/societe\/sante\/cancer-du-sein-des-traitements-de-plus-en-plus-cibles-et-de-moins-en-moins-lourds-14-10-2025-OSVRN532XZH5FCCEB7QLQ23TOQ.php\" target=\"_self\" rel=\"nofollow noopener\">en rose<\/a>.<\/p>\n","protected":false},"excerpt":{"rendered":"En se promenant en bord de Seine, \u00e0 deux pas du Pont-Neuf (Ier arrondissement de Paris) avec son&hellip;\n","protected":false},"author":2,"featured_media":478670,"comment_status":"","ping_status":"","sticky":false,"template":"","format":"standard","meta":{"footnotes":""},"categories":[1888],"tags":[11,1777,674,118,1011,27,1944,12,626,25],"class_list":{"0":"post-478669","1":"post","2":"type-post","3":"status-publish","4":"format-standard","5":"has-post-thumbnail","7":"category-paris","8":"tag-actualites","9":"tag-eu","10":"tag-europe","11":"tag-faits-divers","12":"tag-fr","13":"tag-france","14":"tag-ma-ville","15":"tag-news","16":"tag-paris","17":"tag-republique-francaise"},"share_on_mastodon":{"url":"https:\/\/pubeurope.com\/@fr\/115410390512734900","error":""},"_links":{"self":[{"href":"https:\/\/www.europesays.com\/fr\/wp-json\/wp\/v2\/posts\/478669","targetHints":{"allow":["GET"]}}],"collection":[{"href":"https:\/\/www.europesays.com\/fr\/wp-json\/wp\/v2\/posts"}],"about":[{"href":"https:\/\/www.europesays.com\/fr\/wp-json\/wp\/v2\/types\/post"}],"author":[{"embeddable":true,"href":"https:\/\/www.europesays.com\/fr\/wp-json\/wp\/v2\/users\/2"}],"replies":[{"embeddable":true,"href":"https:\/\/www.europesays.com\/fr\/wp-json\/wp\/v2\/comments?post=478669"}],"version-history":[{"count":0,"href":"https:\/\/www.europesays.com\/fr\/wp-json\/wp\/v2\/posts\/478669\/revisions"}],"wp:featuredmedia":[{"embeddable":true,"href":"https:\/\/www.europesays.com\/fr\/wp-json\/wp\/v2\/media\/478670"}],"wp:attachment":[{"href":"https:\/\/www.europesays.com\/fr\/wp-json\/wp\/v2\/media?parent=478669"}],"wp:term":[{"taxonomy":"category","embeddable":true,"href":"https:\/\/www.europesays.com\/fr\/wp-json\/wp\/v2\/categories?post=478669"},{"taxonomy":"post_tag","embeddable":true,"href":"https:\/\/www.europesays.com\/fr\/wp-json\/wp\/v2\/tags?post=478669"}],"curies":[{"name":"wp","href":"https:\/\/api.w.org\/{rel}","templated":true}]}}