{"id":47867,"date":"2025-04-24T00:19:11","date_gmt":"2025-04-24T00:19:11","guid":{"rendered":"https:\/\/www.europesays.com\/fr\/47867\/"},"modified":"2025-04-24T00:19:11","modified_gmt":"2025-04-24T00:19:11","slug":"un-fromager-offre-des-quenelles-aux-stephanois-victoire-gourmande-dans-le-derby","status":"publish","type":"post","link":"https:\/\/www.europesays.com\/fr\/47867\/","title":{"rendered":"UN FROMAGER OFFRE DES \u00ab\u00a0QUENELLES\u00a0\u00bb AUX ST\u00c9PHANOIS : VICTOIRE GOURMANDE DANS LE DERBY"},"content":{"rendered":"<p>                <a href=\"https:\/\/42info.fr\/gagnez-vos-places-pour-le-concert-de-la-star-academy-au-zenith-de-saint-etienne\/\" target=\"_blank\" aria-label=\"JEU STAR AC\" rel=\"noopener\"><img loading=\"lazy\" decoding=\"async\" src=\"https:\/\/www.europesays.com\/fr\/wp-content\/uploads\/2025\/04\/JEU-STAR-AC-scaled.jpg\" alt=\"\"   width=\"2560\" height=\"1440\"\/><\/a><br \/>\nPromesse tenue apr\u00e8s le triomphe des Verts<\/p>\n<p>Ce mardi 22 avril, les habitants de Roche-la-Moli\u00e8re ont eu droit \u00e0 une surprise de taille en se rendant chez leur fromager. Philippe D\u00e9l\u00e9age, commer\u00e7ant bien connu de cette commune de la Loire, a tenu sa promesse en offrant des quenelles gratuites \u00e0 tous ses clients pour c\u00e9l\u00e9brer la victoire de l\u2019ASSE dans le derby contre l\u2019Olympique Lyonnais.<\/p>\n<p>Un pari gourmand et symbolique<\/p>\n<p>Le pari \u00e9tait os\u00e9 mais le r\u00e9sultat \u00e9tait au rendez-vous : l\u2019AS Saint-\u00c9tienne a remport\u00e9 le derby face \u00e0 l\u2019OL sur le score de 2-1 dimanche soir \u00e0 Geoffroy-Guichard. Une victoire qui a d\u00e9clench\u00e9 l\u2019op\u00e9ration \u00ab\u00a0quenelles gratuites\u00a0\u00bb promise par le fromager en cas de succ\u00e8s des Verts.<\/p>\n<p>D\u2019apr\u00e8s les informations du Progr\u00e8s, Philippe D\u00e9l\u00e9age n\u2019a pas fait les choses \u00e0 moiti\u00e9. Ce mardi matin, toutes les quenelles \u00e9taient offertes dans sa boutique, pour le plus grand plaisir des supporters st\u00e9phanois venus c\u00e9l\u00e9brer cette victoire symbolique.<\/p>\n<p>Un clin d\u2019\u0153il malicieux \u00e0 la gastronomie lyonnaise<\/p>\n<p>Le choix des quenelles n\u2019est \u00e9videmment pas anodin. En distribuant gratuitement cette sp\u00e9cialit\u00e9 culinaire embl\u00e9matique de Lyon, le commer\u00e7ant lig\u00e9rien ajoute une touche d\u2019humour \u00e0 sa c\u00e9l\u00e9bration, transformant une victoire sportive en petite revanche gastronomique. Cette initiative originale t\u00e9moigne une fois de plus de la passion que suscite le derby entre Saint-\u00c9tienne et Lyon, une rivalit\u00e9 qui d\u00e9passe largement le cadre sportif.<\/p>\n","protected":false},"excerpt":{"rendered":"Promesse tenue apr\u00e8s le triomphe des Verts Ce mardi 22 avril, les habitants de Roche-la-Moli\u00e8re ont eu droit&hellip;\n","protected":false},"author":2,"featured_media":47868,"comment_status":"","ping_status":"","sticky":false,"template":"","format":"standard","meta":{"footnotes":""},"categories":[9653],"tags":[1111,11,461,2430,1777,674,1011,27,13853,3367,12,241,13854,25,12490,4001],"class_list":{"0":"post-47867","1":"post","2":"type-post","3":"status-publish","4":"format-standard","5":"has-post-thumbnail","7":"category-saint-etienne","8":"tag-actu","9":"tag-actualites","10":"tag-asse","11":"tag-auvergne-rhone-alpes","12":"tag-eu","13":"tag-europe","14":"tag-fr","15":"tag-france","16":"tag-geoffroy-guichard","17":"tag-loire","18":"tag-news","19":"tag-ol","20":"tag-philippe-deleage","21":"tag-republique-francaise","22":"tag-roche-la-moliere","23":"tag-saint-etienne"},"share_on_mastodon":{"url":"https:\/\/pubeurope.com\/@fr\/114390077547990924","error":""},"_links":{"self":[{"href":"https:\/\/www.europesays.com\/fr\/wp-json\/wp\/v2\/posts\/47867","targetHints":{"allow":["GET"]}}],"collection":[{"href":"https:\/\/www.europesays.com\/fr\/wp-json\/wp\/v2\/posts"}],"about":[{"href":"https:\/\/www.europesays.com\/fr\/wp-json\/wp\/v2\/types\/post"}],"author":[{"embeddable":true,"href":"https:\/\/www.europesays.com\/fr\/wp-json\/wp\/v2\/users\/2"}],"replies":[{"embeddable":true,"href":"https:\/\/www.europesays.com\/fr\/wp-json\/wp\/v2\/comments?post=47867"}],"version-history":[{"count":0,"href":"https:\/\/www.europesays.com\/fr\/wp-json\/wp\/v2\/posts\/47867\/revisions"}],"wp:featuredmedia":[{"embeddable":true,"href":"https:\/\/www.europesays.com\/fr\/wp-json\/wp\/v2\/media\/47868"}],"wp:attachment":[{"href":"https:\/\/www.europesays.com\/fr\/wp-json\/wp\/v2\/media?parent=47867"}],"wp:term":[{"taxonomy":"category","embeddable":true,"href":"https:\/\/www.europesays.com\/fr\/wp-json\/wp\/v2\/categories?post=47867"},{"taxonomy":"post_tag","embeddable":true,"href":"https:\/\/www.europesays.com\/fr\/wp-json\/wp\/v2\/tags?post=47867"}],"curies":[{"name":"wp","href":"https:\/\/api.w.org\/{rel}","templated":true}]}}