{"id":478671,"date":"2025-10-21T04:59:11","date_gmt":"2025-10-21T04:59:11","guid":{"rendered":"https:\/\/www.europesays.com\/fr\/478671\/"},"modified":"2025-10-21T04:59:11","modified_gmt":"2025-10-21T04:59:11","slug":"la-medaille-restera-a-vie-heroique-aux-mondiaux-a-paris-thom-gicquel-signe-son-retour-en-bretagne","status":"publish","type":"post","link":"https:\/\/www.europesays.com\/fr\/478671\/","title":{"rendered":"\u00abLa m\u00e9daille restera \u00e0 vie\u00bb, h\u00e9ro\u00efque aux Mondiaux \u00e0 Paris, Thom Gicquel signe son retour en Bretagne"},"content":{"rendered":"<p>\n    M\u00e9daill\u00e9 de bronze aux Mondiaux \u00e0 Paris en double mixte, le Breton Thom Gicquel s\u2019est confi\u00e9 avant son retour sur ses terres d\u2019adoptions lors des Internationaux de France \u00e0 Rennes.<\/p>\n<p class=\"fig-paragraph\">La Bretagne re\u00e7oit son nouveau champion. \u00c0 l\u2019occasion des Internationaux de France de\u00a0<a href=\"http:\/\/www.lefigaro.fr\/sports\/autres-sports\/mondiaux-de-badminton-alex-lanier-le-volant-en-poupe-20250824\" target=\"_blank\" data-fig-type=\"Article\" rel=\"sponsored noopener\" data-gtm-custom-categorie=\"navigation\" data-gtm-custom-action=\"crossclick\" data-gtm-custom-label=\"Contextuel\" data-gtm-event=\"customEventSPE\" data-fig-domain=\"LEFIGARO\">badminton<\/a>\u00a0\u00e0 Rennes, qui d\u00e9butent ce mardi \u00e0 la Glaz Arena, le m\u00e9daill\u00e9 de bronze des derniers championnats du monde\u00a0<a href=\"http:\/\/www.lefigaro.fr\/sports\/autres-sports\/mondiaux-de-badminton-c-est-forcement-un-grand-jour-savourent-thom-gicquel-et-delphine-delrue-20250829\" target=\"_blank\" data-fig-type=\"NewsFlash\" rel=\"sponsored noopener\" data-gtm-custom-categorie=\"navigation\" data-gtm-custom-action=\"crossclick\" data-gtm-custom-label=\"Contextuel\" data-gtm-event=\"customEventSPE\" data-fig-domain=\"LEFIGARO\">Thom Gicquel<\/a>\u00a0(26 ans) fait son retour sur ses terres d\u2019adoption. Vainqueur de l\u2019un des tournois les plus prestigieux du circuit international (Super 1000 d\u2019Indon\u00e9sie), en double mixte avec\u00a0<a href=\"http:\/\/www.lefigaro.fr\/sports\/autres-sports\/mondiaux-de-badminton-thom-gicquel-et-delphine-delrue-ont-casse-des-barrieres-20230820\" target=\"_blank\" data-fig-type=\"NewsFlash\" rel=\"sponsored noopener\" data-gtm-custom-categorie=\"navigation\" data-gtm-custom-action=\"crossclick\" data-gtm-custom-label=\"Contextuel\" data-gtm-event=\"customEventSPE\" data-fig-domain=\"LEFIGARO\">Delphine Delrue<\/a>, le Rennais vient d\u2019\u00e9crire l\u2019histoire de la discipline en devenant le deuxi\u00e8me badiste tricolore (apr\u00e8s Hongyan Pi en 2009) \u00e0 obtenir une breloque aux Mondiaux. Apr\u00e8s son exploit \u00e0 Paris, Thom Gicquel s\u2019est fix\u00e9 un nouveau d\u00e9fi en rejoignant le club breton du Flume Ille Badminton (FIB), tout juste promu en Top 12 (premi\u00e8re division fran\u00e7aise), afin notamment d\u2019\u00e9voluer devant ses proches. Interclubs, Internationaux de Rennes, son nouveau statut&#8230; Thom Gicquel a r\u00e9pondu aux questions du Figaro avant le d\u00e9but du tournoi.<\/p>\n<p class=\"fig-paragraph\"><strong>Le Figaro. &#8211; Plus d\u2019un mois apr\u00e8s votre m\u00e9daille de bronze \u00e0 Paris, avez-vous r\u00e9alis\u00e9 l\u2019ampleur de votre performance\u00a0?<\/strong><\/p>\n<p>                                    <a class=\"fig-a11y-skip a11y-hidden\" href=\"#fig-a11y-skip-main-inarticle\"><br \/>\n        Passer la publicit\u00e9<br \/>\n    <\/a><\/p>\n<p class=\"fig-paragraph\"><strong>Thom Gicquel. &#8211;<\/strong> Oui, l<a href=\"http:\/\/www.lefigaro.fr\/sports\/autres-sports\/mondiaux-de-badminton-delphine-delrue-et-thom-gicquel-offrent-a-la-france-la-deuxieme-medaille-de-son-histoire-20250829\" target=\"_blank\" data-fig-type=\"NewsFlash\" rel=\"sponsored noopener\" data-gtm-custom-categorie=\"navigation\" data-gtm-custom-action=\"crossclick\" data-gtm-custom-label=\"Contextuel\" data-gtm-event=\"customEventSPE\" data-fig-domain=\"LEFIGARO\">a m\u00e9daille obtenue lors de ces championnats du monde\u00a0<\/a>restera grav\u00e9e \u00e0 vie, on ne pourra pas me l\u2019enlever. Cette comp\u00e9tition m\u2019a permis de prendre de la confiance pour la suite et m\u2019enl\u00e8ve de la pression. Maintenant, c\u2019\u00e9tait un moment g\u00e9nial avec le public \u00e0 Paris, mais depuis je suis pass\u00e9 \u00e0 autre chose.<\/p>\n<p class=\"fig-paragraph\"><strong>Vous avez rejoint le club breton du FIB cette saison. Cela vous tenait \u00e0 c\u0153ur en tant que Rennais d\u2019adoption de revenir \u00e9voluer devant vos proches\u00a0?<\/strong><\/p>\n<p class=\"fig-paragraph\">C\u2019\u00e9tait logique de venir jouer ici. Mes parents ainsi que ma copine habitent tout proche de la salle de Saint-Gr\u00e9goire o\u00f9 \u00e9volue le FIB, mes amis logent \u00e0 Betton et je connais tous les gens du club. Cela me permet de renouer avec la Bretagne les week-ends d\u2019interclubs, m\u00eame si j\u2019habite toujours \u00e0 Paris car je m\u2019entra\u00eene \u00e0\u00a0<a href=\"http:\/\/www.lefigaro.fr\/sports\/jeux-olympiques\/j-y-suis-entre-je-n-etais-rien-je-suis-sorti-j-etais-champion-olympique-institution-du-sport-francais-l-insep-fete-ses-80-ans-20250918\" target=\"_blank\" data-fig-type=\"Article\" rel=\"sponsored noopener\" data-gtm-custom-categorie=\"navigation\" data-gtm-custom-action=\"crossclick\" data-gtm-custom-label=\"Contextuel\" data-gtm-event=\"customEventSPE\" data-fig-domain=\"LEFIGARO\">l\u2019INSEP<\/a>, depuis bient\u00f4t dix ans maintenant, en compagnie de Delphine Delrue.<\/p>\n<blockquote class=\"fig-quote&#10;    \">\n<p class=\"fig-quote__text\">La saison (avec le FIB) va \u00eatre dure<\/p>\n<p>            Thom Gicquel, nouvelle recrue du FIB\n    <\/p><\/blockquote>\n<p class=\"fig-paragraph\"><strong>C\u2019est \u00e9galement un beau d\u00e9fi sportif pour vous&#8230;<\/strong><\/p>\n<p class=\"fig-paragraph\">Effectivement. L\u2019\u00e9quipe vient de monter pour la premi\u00e8re fois de son histoire en Top 12. Certes, le club est tr\u00e8s ambitieux, mais on vise le maintien. Au sein de notre poule, Chambly (finaliste l\u2019ann\u00e9e derni\u00e8re) et Fos (demi-finaliste) sont intouchables, apr\u00e8s je pense que nous sommes meilleurs que Caen&#8230; la saison va \u00eatre dure (2 d\u00e9faites en autant de rencontres pour l\u2019instant).<\/p>\n<p>                                    <a class=\"fig-a11y-skip a11y-hidden\" href=\"#fig-a11y-skip-main-inarticle_mtf\"><br \/>\n        Passer la publicit\u00e9<br \/>\n    <\/a><\/p>\n<p class=\"fig-paragraph\"><strong>Vous aurez \u00e9galement la chance de pouvoir \u00e9voluer \u00e0 domicile lors des prochains internationaux de France \u00e0 Rennes.<\/strong><\/p>\n<p class=\"fig-paragraph\">Delphine et moi avons coch\u00e9 ce tournoi comme \u00e9tant l\u2019un de nos gros objectifs de la saison. Il va falloir profiter au maximum de ce public qui va venir nous voir et leur faire plaisir. D\u2019autant plus que je n\u2019aurais pas beaucoup de comp\u00e9titions \u00e0 Rennes de cet acabit (Super 750) dans ma carri\u00e8re (le tournoi se d\u00e9roule \u00e0 Paris d\u2019habitude). \u00c7a va \u00eatre un tr\u00e8s bon moment.<\/p>\n<blockquote class=\"fig-quote&#10;    \">\n<p class=\"fig-quote__text\">C\u2019est incroyable de faire tout ce chemin ensemble et d\u2019inspirer une nouvelle g\u00e9n\u00e9ration<\/p>\n<p>            Thom Gicquel, au sujet du badminton fran\u00e7ais\n    <\/p><\/blockquote>\n<p class=\"fig-paragraph\"><strong>Votre duo avec Delphine Delrue, les fr\u00e8res Popov, Alex Lanier&#8230; Le badminton fran\u00e7ais ne s\u2019est jamais port\u00e9 aussi bien.<\/strong><\/p>\n<p class=\"fig-paragraph\">On bat des records tous les cinq. C\u2019est super de pouvoir faire \u00e7a ensemble, d\u2019autant plus qu\u2019on s\u2019entend tr\u00e8s bien. Cette semaine au Danemark, nous n\u2019avons pas pu d\u00e9rouler notre jeu avec Delphine (d\u00e9faite au premier tour)&#8230; Quand on voit<a href=\"http:\/\/www.lefigaro.fr\/sports\/autres-sports\/mondiaux-de-badminton-alex-lanier-le-volant-en-poupe-20250824\" target=\"_blank\" data-fig-type=\"Article\" rel=\"sponsored noopener\" data-gtm-custom-categorie=\"navigation\" data-gtm-custom-action=\"crossclick\" data-gtm-custom-label=\"Contextuel\" data-gtm-event=\"customEventSPE\" data-fig-domain=\"LEFIGARO\">\u00a0Alex Lanier\u00a0<\/a>(demi-finaliste) et\u00a0<a href=\"http:\/\/www.lefigaro.fr\/sports\/autres-sports\/badminton-christo-popov-s-arrete-en-demies-du-china-masters-un-tour-de-plus-qu-alex-lanier-20250921\" target=\"_blank\" data-fig-type=\"NewsFlash\" rel=\"sponsored noopener\" data-gtm-custom-categorie=\"navigation\" data-gtm-custom-action=\"crossclick\" data-gtm-custom-label=\"Contextuel\" data-gtm-event=\"customEventSPE\" data-fig-domain=\"LEFIGARO\">Christo Popov<\/a>\u00a0(quart de finale) aller loin dans le tournoi, nous avons envie de faire la m\u00eame chose. Si on \u00e9tait les seuls \u00e0 performer, \u00e7a serait moins amusant, donc je pense que c\u2019est positif d\u2019\u00eatre nombreux car cela nous pousse \u00e0 \u00eatre plus forts.<\/p>\n<p class=\"fig-paragraph\"><a href=\"http:\/\/www.lefigaro.fr\/sports\/autres-sports\/mondiaux-de-badminton-toma-junior-popov-un-troisieme-mousquetaire-francais-en-8es-de-finale-20250827\" target=\"_blank\" data-fig-type=\"NewsFlash\" rel=\"sponsored noopener\" data-gtm-custom-categorie=\"navigation\" data-gtm-custom-action=\"crossclick\" data-gtm-custom-label=\"Contextuel\" data-gtm-event=\"customEventSPE\" data-fig-domain=\"LEFIGARO\">Toma Junior Popov\u00a0<\/a>(15e mondial, 27 ans) et moi avons \u00e9t\u00e9 champions d\u2019Europe junior ensemble (2017), j\u2019ai fait les championnats du monde junior avec Christo (8e, 23 ans) tandis qu\u2019Alex Lanier (7e, 20 ans) est arriv\u00e9 un peu plus tard&#8230; Arnaud Merkl\u00e9 (37e, 25 ans, finaliste des championnats de France 2025 en simple) arrive \u00e9galement \u00e0 s\u2019illustrer.<\/p>\n<p class=\"fig-body-link\">\n            \u00c0 lire aussi<br \/>\n        <a class=\"fig-body-link__link\" href=\"http:\/\/www.lefigaro.fr\/sports\/autres-sports\/mondiaux-de-badminton-une-medaille-francaise-qui-permet-de-prendre-date-20250831\" target=\"_blank\" data-fig-type=\"NewsFlash\" rel=\"sponsored noopener\" data-gtm-custom-categorie=\"navigation\" data-gtm-custom-action=\"crossclick\" data-gtm-custom-label=\"Contextuel\" data-gtm-event=\"customEventSPE\" data-fig-domain=\"LEFIGARO\">Mondiaux de badminton\u00a0: une m\u00e9daille fran\u00e7aise qui permet de prendre date<br \/>\n    <\/a>\n<\/p>\n<p>                                    <a class=\"fig-a11y-skip a11y-hidden\" href=\"#fig-a11y-skip-main-inarticle_btf\"><br \/>\n        Passer la publicit\u00e9<br \/>\n    <\/a><\/p>\n<p class=\"fig-paragraph\">C\u2019est incroyable de faire tout ce chemin ensemble et d\u2019inspirer une nouvelle g\u00e9n\u00e9ration. De plus en plus de personnes suivent nos aventures depuis les\u00a0<a href=\"http:\/\/www.lefigaro.fr\/sports\/jeux-olympiques\/jo-badminton-le-danois-axelsen-conserve-son-titre-olympique-20240805\" target=\"_blank\" data-fig-type=\"NewsFlash\" rel=\"sponsored noopener\" data-gtm-custom-categorie=\"navigation\" data-gtm-custom-action=\"crossclick\" data-gtm-custom-label=\"Contextuel\" data-gtm-event=\"customEventSPE\" data-fig-domain=\"LEFIGARO\">JO\u00a0<\/a>et les Mondiaux en France donc nous voulons continuer \u00e0 emmener le badminton tricolore au plus haut niveau mondial.<\/p>\n<p class=\"fig-paragraph\"><strong>Hormis le tournoi \u00e0 Rennes, quels sont vos prochains objectifs d\u2019ici la fin de la saison\u00a0?\u00a0<\/strong><\/p>\n<p class=\"fig-paragraph\">L\u2019objectif est de terminer dans le Top 8 du classement mondial pour se qualifier aux Finals en Chine (tournoi de fin de saison du 17 au 21 d\u00e9cembre). Nous sommes actuellement \u00e0 la 6e place (78.464 points tandis que les 9e poss\u00e8dent 72.628 unit\u00e9s), on aurait pu viser le Top 5, mais cela risque d\u2019\u00eatre compliqu\u00e9 suite \u00e0 l\u2019\u00e9limination pr\u00e9matur\u00e9e \u00e0 l\u2019Open du Danemark.<\/p>\n","protected":false},"excerpt":{"rendered":"M\u00e9daill\u00e9 de bronze aux Mondiaux \u00e0 Paris en double mixte, le Breton Thom Gicquel s\u2019est confi\u00e9 avant son&hellip;\n","protected":false},"author":2,"featured_media":478672,"comment_status":"","ping_status":"","sticky":false,"template":"","format":"standard","meta":{"footnotes":""},"categories":[1888],"tags":[11,5406,1777,674,1011,27,12,626,25,48432],"class_list":{"0":"post-478671","1":"post","2":"type-post","3":"status-publish","4":"format-standard","5":"has-post-thumbnail","7":"category-paris","8":"tag-actualites","9":"tag-badminton","10":"tag-eu","11":"tag-europe","12":"tag-fr","13":"tag-france","14":"tag-news","15":"tag-paris","16":"tag-republique-francaise","17":"tag-thom-gicquel"},"share_on_mastodon":{"url":"https:\/\/pubeurope.com\/@fr\/115410394424562552","error":""},"_links":{"self":[{"href":"https:\/\/www.europesays.com\/fr\/wp-json\/wp\/v2\/posts\/478671","targetHints":{"allow":["GET"]}}],"collection":[{"href":"https:\/\/www.europesays.com\/fr\/wp-json\/wp\/v2\/posts"}],"about":[{"href":"https:\/\/www.europesays.com\/fr\/wp-json\/wp\/v2\/types\/post"}],"author":[{"embeddable":true,"href":"https:\/\/www.europesays.com\/fr\/wp-json\/wp\/v2\/users\/2"}],"replies":[{"embeddable":true,"href":"https:\/\/www.europesays.com\/fr\/wp-json\/wp\/v2\/comments?post=478671"}],"version-history":[{"count":0,"href":"https:\/\/www.europesays.com\/fr\/wp-json\/wp\/v2\/posts\/478671\/revisions"}],"wp:featuredmedia":[{"embeddable":true,"href":"https:\/\/www.europesays.com\/fr\/wp-json\/wp\/v2\/media\/478672"}],"wp:attachment":[{"href":"https:\/\/www.europesays.com\/fr\/wp-json\/wp\/v2\/media?parent=478671"}],"wp:term":[{"taxonomy":"category","embeddable":true,"href":"https:\/\/www.europesays.com\/fr\/wp-json\/wp\/v2\/categories?post=478671"},{"taxonomy":"post_tag","embeddable":true,"href":"https:\/\/www.europesays.com\/fr\/wp-json\/wp\/v2\/tags?post=478671"}],"curies":[{"name":"wp","href":"https:\/\/api.w.org\/{rel}","templated":true}]}}